{"id":8525,"date":"2026-07-16T13:16:32","date_gmt":"2026-07-16T11:16:32","guid":{"rendered":"https:\/\/lasocietenouvelle.net\/blog\/politique-et-economie\/demarches-du-quotidien\/combien-de-temps-faut-il-garder-ses-papiers\/"},"modified":"2026-07-16T13:18:26","modified_gmt":"2026-07-16T11:18:26","slug":"combien-de-temps-faut-il-garder-ses-papiers","status":"publish","type":"post","link":"https:\/\/lasocietenouvelle.net\/blog\/politique-et-economie\/demarches-du-quotidien\/combien-de-temps-faut-il-garder-ses-papiers\/","title":{"rendered":"Combien de temps faut-il garder ses papiers ?"},"content":{"rendered":"<p><strong>Tout d\u00e9pend du document : 1 an pour la plupart des ordonnances, 3 ans pour les avis d&rsquo;imposition, 5 ans pour les factures d&rsquo;\u00e9nergie et les relev\u00e9s bancaires, 10 ans pour les factures de gros travaux \u2014 et toute la vie pour les papiers d&rsquo;\u00e9tat civil, les dipl\u00f4mes et les bulletins de salaire (jusqu&rsquo;\u00e0 la retraite).<\/strong><\/p>\n<p>Ces dur\u00e9es ne sont pas arbitraires : elles correspondent aux d\u00e9lais pendant lesquels vous pouvez exercer un droit (r\u00e9clamation, remboursement) ou pendant lesquels on peut vous r\u00e9clamer quelque chose (redressement, impay\u00e9). Jeter trop t\u00f4t, c&rsquo;est se priver de preuve.<\/p>\n<h2>Le tableau des dur\u00e9es essentielles<\/h2>\n<table>\n<thead>\n<tr>\n<th>Document<\/th>\n<th>Dur\u00e9e de conservation minimale<\/th>\n<\/tr>\n<\/thead>\n<tbody>\n<tr>\n<td>Avis d&rsquo;imp\u00f4t sur le revenu et d\u00e9clarations<\/td>\n<td>3 ans (jusqu&rsquo;\u00e0 la fin de la 3\u1d49 ann\u00e9e suivant l&rsquo;ann\u00e9e d&rsquo;imposition)<\/td>\n<\/tr>\n<tr>\n<td>Avis de taxe fonci\u00e8re \/ taxe d&rsquo;habitation<\/td>\n<td>1 an (fin de l&rsquo;ann\u00e9e suivante)<\/td>\n<\/tr>\n<tr>\n<td>Factures d&rsquo;\u00e9lectricit\u00e9, de gaz et d&rsquo;eau<\/td>\n<td>5 ans<\/td>\n<\/tr>\n<tr>\n<td>Relev\u00e9s de compte et talons de ch\u00e8ques<\/td>\n<td>5 ans<\/td>\n<\/tr>\n<tr>\n<td>Contrat de pr\u00eat et justificatifs<\/td>\n<td>5 ans apr\u00e8s la derni\u00e8re \u00e9ch\u00e9ance<\/td>\n<\/tr>\n<tr>\n<td>Bail, \u00e9tats des lieux, quittances de loyer<\/td>\n<td>Dur\u00e9e de la location + 3 ans<\/td>\n<\/tr>\n<tr>\n<td>Contrats et quittances d&rsquo;assurance<\/td>\n<td>2 ans apr\u00e8s r\u00e9siliation ou paiement<\/td>\n<\/tr>\n<tr>\n<td>Factures de gros travaux<\/td>\n<td>10 ans<\/td>\n<\/tr>\n<tr>\n<td>Bulletins de salaire, contrats de travail<\/td>\n<td>Jusqu&rsquo;\u00e0 la liquidation de la retraite<\/td>\n<\/tr>\n<tr>\n<td>Actes d&rsquo;\u00e9tat civil, jugements de divorce, dipl\u00f4mes, carnet de vaccination<\/td>\n<td>Toute la vie<\/td>\n<\/tr>\n<\/tbody>\n<\/table>\n<h2>Pourquoi ces d\u00e9lais pr\u00e9cis ?<\/h2>\n<p>Ils suivent les d\u00e9lais de prescription. Un fournisseur d&rsquo;\u00e9nergie a par exemple des d\u00e9lais limit\u00e9s pour r\u00e9clamer un impay\u00e9, et vous pour contester une facture : au-del\u00e0 de 5 ans, le document ne sert plus de preuve utile. C\u00f4t\u00e9 imp\u00f4ts, l&rsquo;administration peut revenir sur vos d\u00e9clarations pendant 3 ans \u2014 d&rsquo;o\u00f9 la r\u00e8gle des \u00ab 3 ans \u00bb sur les avis d&rsquo;imposition. Les bulletins de salaire, eux, servent \u00e0 reconstituer votre carri\u00e8re au moment de la retraite : un trimestre oubli\u00e9 par une caisse se prouve avec la fiche de paie d&rsquo;origine.<\/p>\n<h2>Peut-on tout garder en num\u00e9rique ?<\/h2>\n<p>Les documents que vous recevez d\u00e9j\u00e0 en format \u00e9lectronique (factures en ligne, relev\u00e9s d\u00e9mat\u00e9rialis\u00e9s, avis d&rsquo;imp\u00f4t sur impots.gouv.fr) peuvent \u00eatre conserv\u00e9s tels quels : ils ont la m\u00eame valeur que le papier. En revanche, un document re\u00e7u en papier et simplement scann\u00e9 n&rsquo;a que la valeur d&rsquo;une copie \u2014 pour les pi\u00e8ces importantes (actes, jugements, dipl\u00f4mes), gardez l&rsquo;original.<\/p>\n<p>Pr\u00e9cision utile : ces dur\u00e9es sont des minimums recommand\u00e9s par l&rsquo;administration. Rien n&rsquo;interdit de conserver plus longtemps, notamment si un litige est en cours.<\/p>\n<details>\n<summary>Combien de temps garder les avis d&rsquo;imposition ?<\/summary>\n<p>3 ans \u00e0 compter de l&rsquo;ann\u00e9e qui suit l&rsquo;ann\u00e9e d&rsquo;imposition : l&rsquo;avis 2026 (revenus 2025) se garde jusqu&rsquo;\u00e0 fin 2029. Beaucoup les conservent plus longtemps, car ils servent aussi de justificatif de revenus.<\/p>\n<\/details>\n<details>\n<summary>Combien de temps garder les relev\u00e9s bancaires ?<\/summary>\n<p>5 ans, comme les talons de ch\u00e8ques. C&rsquo;est le d\u00e9lai pendant lequel une op\u00e9ration peut \u00eatre utilement contest\u00e9e.<\/p>\n<\/details>\n<details>\n<summary>Combien de temps garder les quittances de loyer ?<\/summary>\n<p>Pendant toute la location, puis encore 3 ans apr\u00e8s avoir quitt\u00e9 le logement, le temps que d&rsquo;\u00e9ventuelles r\u00e9clamations se prescrivent.<\/p>\n<\/details>\n<details>\n<summary>Quels papiers garder toute la vie ?<\/summary>\n<p>Actes d&rsquo;\u00e9tat civil (naissance, mariage), livret de famille, jugements de divorce ou d&rsquo;adoption, dipl\u00f4mes, carnet de sant\u00e9 et preuves de vaccination, titres de propri\u00e9t\u00e9 \u2014 et les bulletins de salaire jusqu&rsquo;\u00e0 la retraite liquid\u00e9e.<\/p>\n<\/details>\n<p><em>Sources : service-public.gouv.fr, consult\u00e9 en juillet 2026.<\/em><\/p>\n<h2>\u00c0 lire aussi<\/h2>\n<ul>\n<li><a href=\"https:\/\/lasocietenouvelle.net\/blog\/politique-et-economie\/demarches-du-quotidien\/demarches-administratives-12-reponses-simples-aux-questions-du-quotidien\/\">D\u00e9marches administratives : nos r\u00e9ponses simples aux questions du quotidien<\/a><\/li>\n<li><a href=\"https:\/\/lasocietenouvelle.net\/blog\/politique-et-economie\/demarches-du-quotidien\/quelle-est-la-duree-de-validite-dun-cheque\/\">Quelle est la dur\u00e9e de validit\u00e9 d&rsquo;un ch\u00e8que ?<\/a><\/li>\n<li><a href=\"https:\/\/lasocietenouvelle.net\/blog\/politique-et-economie\/demarches-du-quotidien\/comment-obtenir-un-acte-de-naissance\/\">Comment obtenir un acte de naissance ?<\/a><\/li>\n<li><a href=\"https:\/\/lasocietenouvelle.net\/blog\/politique-et-economie\/demarches-du-quotidien\/quelle-est-la-duree-de-validite-dune-carte-didentite\/\">Quelle est la dur\u00e9e de validit\u00e9 d&rsquo;une carte d&rsquo;identit\u00e9 ?<\/a><\/li>\n<\/ul>\n","protected":false},"excerpt":{"rendered":"","protected":false},"author":39,"featured_media":999999999,"comment_status":"open","ping_status":"open","sticky":false,"template":"","format":"standard","meta":{"_acf_changed":false,"manual_indexmenow":false,"indexmenow_id_project":0,"footnotes":""},"categories":[5229],"tags":[],"class_list":["post-8525","post","type-post","status-publish","format-standard","has-post-thumbnail","hentry","category-demarches-du-quotidien","generate-columns","tablet-grid-50","mobile-grid-100","grid-parent","grid-25"],"acf":[],"yoast_head":"<!-- This site is optimized with the Yoast SEO Premium plugin v21.3 (Yoast SEO v25.6) - https:\/\/yoast.com\/wordpress\/plugins\/seo\/ -->\n<title>Combien de temps faut-il garder ses papiers ?<\/title>\n<meta name=\"description\" content=\"Tout d\u00e9pend du document : 1 an pour la plupart des ordonnances, 3 ans pour les avis d&#039;imposition, 5 ans pour les factures d&#039;\u00e9nergie et les relev\u00e9s\" \/>\n<meta name=\"robots\" content=\"index, follow, max-snippet:-1, max-image-preview:large, max-video-preview:-1\" \/>\n<link rel=\"canonical\" href=\"https:\/\/lasocietenouvelle.net\/blog\/politique-et-economie\/demarches-du-quotidien\/combien-de-temps-faut-il-garder-ses-papiers\/\" \/>\n<meta property=\"og:locale\" content=\"fr_FR\" \/>\n<meta property=\"og:type\" content=\"article\" \/>\n<meta property=\"og:title\" content=\"Combien de temps faut-il garder ses papiers ?\" \/>\n<meta property=\"og:description\" content=\"Tout d\u00e9pend du document : 1 an pour la plupart des ordonnances, 3 ans pour les avis d&#039;imposition, 5 ans pour les factures d&#039;\u00e9nergie et les relev\u00e9s\" \/>\n<meta property=\"og:url\" content=\"https:\/\/lasocietenouvelle.net\/blog\/politique-et-economie\/demarches-du-quotidien\/combien-de-temps-faut-il-garder-ses-papiers\/\" \/>\n<meta property=\"og:site_name\" content=\"lasocietenouvelle\" \/>\n<meta name=\"author\" content=\"Elise Dupont\" \/>\n<meta name=\"twitter:card\" content=\"summary_large_image\" \/>\n<script type=\"application\/ld+json\" class=\"yoast-schema-graph\">{\"@context\":\"https:\/\/schema.org\",\"@graph\":[{\"@type\":\"NewsArticle\",\"@id\":\"https:\/\/lasocietenouvelle.net\/blog\/politique-et-economie\/demarches-du-quotidien\/combien-de-temps-faut-il-garder-ses-papiers\/#article\",\"isPartOf\":{\"@id\":\"https:\/\/lasocietenouvelle.net\/blog\/politique-et-economie\/demarches-du-quotidien\/combien-de-temps-faut-il-garder-ses-papiers\/\"},\"author\":{\"name\":\"Elise Dupont\",\"@id\":\"https:\/\/lasocietenouvelle.net\/blog\/#\/schema\/person\/02cd5c1c96a1296ad9d435e23f855c26\"},\"headline\":\"Combien de temps faut-il garder ses papiers ?\",\"datePublished\":\"2026-07-16T11:16:32+00:00\",\"dateModified\":\"2026-07-16T11:18:26+00:00\",\"mainEntityOfPage\":{\"@id\":\"https:\/\/lasocietenouvelle.net\/blog\/politique-et-economie\/demarches-du-quotidien\/combien-de-temps-faut-il-garder-ses-papiers\/\"},\"wordCount\":652,\"commentCount\":0,\"publisher\":{\"@id\":\"https:\/\/lasocietenouvelle.net\/blog\/#organization\"},\"image\":{\"@id\":\"https:\/\/lasocietenouvelle.net\/blog\/politique-et-economie\/demarches-du-quotidien\/combien-de-temps-faut-il-garder-ses-papiers\/#primaryimage\"},\"thumbnailUrl\":\"https:\/\/images.pexels.com\/photos\/19725408\/pexels-photo-19725408.jpeg?auto=compress&cs=tinysrgb&fit=crop&h=627&w=1200\",\"articleSection\":[\"D\u00e9marches du quotidien\"],\"inLanguage\":\"fr-FR\",\"potentialAction\":[{\"@type\":\"CommentAction\",\"name\":\"Comment\",\"target\":[\"https:\/\/lasocietenouvelle.net\/blog\/politique-et-economie\/demarches-du-quotidien\/combien-de-temps-faut-il-garder-ses-papiers\/#respond\"]}]},{\"@type\":\"WebPage\",\"@id\":\"https:\/\/lasocietenouvelle.net\/blog\/politique-et-economie\/demarches-du-quotidien\/combien-de-temps-faut-il-garder-ses-papiers\/\",\"url\":\"https:\/\/lasocietenouvelle.net\/blog\/politique-et-economie\/demarches-du-quotidien\/combien-de-temps-faut-il-garder-ses-papiers\/\",\"name\":\"Combien de temps faut-il garder ses papiers ?\",\"isPartOf\":{\"@id\":\"https:\/\/lasocietenouvelle.net\/blog\/#website\"},\"primaryImageOfPage\":{\"@id\":\"https:\/\/lasocietenouvelle.net\/blog\/politique-et-economie\/demarches-du-quotidien\/combien-de-temps-faut-il-garder-ses-papiers\/#primaryimage\"},\"image\":{\"@id\":\"https:\/\/lasocietenouvelle.net\/blog\/politique-et-economie\/demarches-du-quotidien\/combien-de-temps-faut-il-garder-ses-papiers\/#primaryimage\"},\"thumbnailUrl\":\"https:\/\/images.pexels.com\/photos\/19725408\/pexels-photo-19725408.jpeg?auto=compress&cs=tinysrgb&fit=crop&h=627&w=1200\",\"datePublished\":\"2026-07-16T11:16:32+00:00\",\"dateModified\":\"2026-07-16T11:18:26+00:00\",\"description\":\"Tout d\u00e9pend du document : 1 an pour la plupart des ordonnances, 3 ans pour les avis d'imposition, 5 ans pour les factures d'\u00e9nergie et les relev\u00e9s\",\"inLanguage\":\"fr-FR\",\"potentialAction\":[{\"@type\":\"ReadAction\",\"target\":[\"https:\/\/lasocietenouvelle.net\/blog\/politique-et-economie\/demarches-du-quotidien\/combien-de-temps-faut-il-garder-ses-papiers\/\"]}]},{\"@type\":\"ImageObject\",\"inLanguage\":\"fr-FR\",\"@id\":\"https:\/\/lasocietenouvelle.net\/blog\/politique-et-economie\/demarches-du-quotidien\/combien-de-temps-faut-il-garder-ses-papiers\/#primaryimage\",\"url\":\"https:\/\/images.pexels.com\/photos\/19725408\/pexels-photo-19725408.jpeg?auto=compress&cs=tinysrgb&fit=crop&h=627&w=1200\",\"contentUrl\":\"https:\/\/images.pexels.com\/photos\/19725408\/pexels-photo-19725408.jpeg?auto=compress&cs=tinysrgb&fit=crop&h=627&w=1200\"},{\"@type\":\"WebSite\",\"@id\":\"https:\/\/lasocietenouvelle.net\/blog\/#website\",\"url\":\"https:\/\/lasocietenouvelle.net\/blog\/\",\"name\":\"lasocietenouvelle.net\",\"description\":\"Ensemble pour une soci\u00e9t\u00e9 nouvelle.\",\"publisher\":{\"@id\":\"https:\/\/lasocietenouvelle.net\/blog\/#organization\"},\"alternateName\":\"Ensemble pour une soci\u00e9t\u00e9 nouvelle.\",\"potentialAction\":[{\"@type\":\"SearchAction\",\"target\":{\"@type\":\"EntryPoint\",\"urlTemplate\":\"https:\/\/lasocietenouvelle.net\/blog\/?s={search_term_string}\"},\"query-input\":{\"@type\":\"PropertyValueSpecification\",\"valueRequired\":true,\"valueName\":\"search_term_string\"}}],\"inLanguage\":\"fr-FR\"},{\"@type\":\"Organization\",\"@id\":\"https:\/\/lasocietenouvelle.net\/blog\/#organization\",\"name\":\"Foretsensations.fr\",\"url\":\"https:\/\/lasocietenouvelle.net\/blog\/\",\"logo\":{\"@type\":\"ImageObject\",\"inLanguage\":\"fr-FR\",\"@id\":\"https:\/\/lasocietenouvelle.net\/blog\/#\/schema\/logo\/image\/\",\"url\":\"https:\/\/lasocietenouvelle.net\/blog\/wp-content\/uploads\/2024\/12\/LaSocieteNouvelle.png\",\"contentUrl\":\"https:\/\/lasocietenouvelle.net\/blog\/wp-content\/uploads\/2024\/12\/LaSocieteNouvelle.png\",\"width\":500,\"height\":500,\"caption\":\"Foretsensations.fr\"},\"image\":{\"@id\":\"https:\/\/lasocietenouvelle.net\/blog\/#\/schema\/logo\/image\/\"}},{\"@type\":\"Person\",\"@id\":\"https:\/\/lasocietenouvelle.net\/blog\/#\/schema\/person\/02cd5c1c96a1296ad9d435e23f855c26\",\"name\":\"Elise Dupont\",\"image\":{\"@type\":\"ImageObject\",\"inLanguage\":\"fr-FR\",\"@id\":\"https:\/\/lasocietenouvelle.net\/blog\/#\/schema\/person\/image\/\",\"url\":\"https:\/\/secure.gravatar.com\/avatar\/?s=96&d=mm&r=g\",\"contentUrl\":\"https:\/\/secure.gravatar.com\/avatar\/?s=96&d=mm&r=g\",\"caption\":\"Elise Dupont\"},\"description\":\"\u00c9lise explore les dynamiques sociales, les transformations culturelles et les impacts des nouvelles technologies sur les interactions humaines.\",\"url\":\"https:\/\/lasocietenouvelle.net\/blog\/auteur\/elise-dupont\/\"}]}<\/script>\n<!-- \/ Yoast SEO Premium plugin. -->","yoast_head_json":{"title":"Combien de temps faut-il garder ses papiers ?","description":"Tout d\u00e9pend du document : 1 an pour la plupart des ordonnances, 3 ans pour les avis d'imposition, 5 ans pour les factures d'\u00e9nergie et les relev\u00e9s","robots":{"index":"index","follow":"follow","max-snippet":"max-snippet:-1","max-image-preview":"max-image-preview:large","max-video-preview":"max-video-preview:-1"},"canonical":"https:\/\/lasocietenouvelle.net\/blog\/politique-et-economie\/demarches-du-quotidien\/combien-de-temps-faut-il-garder-ses-papiers\/","og_locale":"fr_FR","og_type":"article","og_title":"Combien de temps faut-il garder ses papiers ?","og_description":"Tout d\u00e9pend du document : 1 an pour la plupart des ordonnances, 3 ans pour les avis d'imposition, 5 ans pour les factures d'\u00e9nergie et les relev\u00e9s","og_url":"https:\/\/lasocietenouvelle.net\/blog\/politique-et-economie\/demarches-du-quotidien\/combien-de-temps-faut-il-garder-ses-papiers\/","og_site_name":"lasocietenouvelle","author":"Elise Dupont","twitter_card":"summary_large_image","schema":{"@context":"https:\/\/schema.org","@graph":[{"@type":"NewsArticle","@id":"https:\/\/lasocietenouvelle.net\/blog\/politique-et-economie\/demarches-du-quotidien\/combien-de-temps-faut-il-garder-ses-papiers\/#article","isPartOf":{"@id":"https:\/\/lasocietenouvelle.net\/blog\/politique-et-economie\/demarches-du-quotidien\/combien-de-temps-faut-il-garder-ses-papiers\/"},"author":{"name":"Elise Dupont","@id":"https:\/\/lasocietenouvelle.net\/blog\/#\/schema\/person\/02cd5c1c96a1296ad9d435e23f855c26"},"headline":"Combien de temps faut-il garder ses papiers ?","datePublished":"2026-07-16T11:16:32+00:00","dateModified":"2026-07-16T11:18:26+00:00","mainEntityOfPage":{"@id":"https:\/\/lasocietenouvelle.net\/blog\/politique-et-economie\/demarches-du-quotidien\/combien-de-temps-faut-il-garder-ses-papiers\/"},"wordCount":652,"commentCount":0,"publisher":{"@id":"https:\/\/lasocietenouvelle.net\/blog\/#organization"},"image":{"@id":"https:\/\/lasocietenouvelle.net\/blog\/politique-et-economie\/demarches-du-quotidien\/combien-de-temps-faut-il-garder-ses-papiers\/#primaryimage"},"thumbnailUrl":"https:\/\/images.pexels.com\/photos\/19725408\/pexels-photo-19725408.jpeg?auto=compress&cs=tinysrgb&fit=crop&h=627&w=1200","articleSection":["D\u00e9marches du quotidien"],"inLanguage":"fr-FR","potentialAction":[{"@type":"CommentAction","name":"Comment","target":["https:\/\/lasocietenouvelle.net\/blog\/politique-et-economie\/demarches-du-quotidien\/combien-de-temps-faut-il-garder-ses-papiers\/#respond"]}]},{"@type":"WebPage","@id":"https:\/\/lasocietenouvelle.net\/blog\/politique-et-economie\/demarches-du-quotidien\/combien-de-temps-faut-il-garder-ses-papiers\/","url":"https:\/\/lasocietenouvelle.net\/blog\/politique-et-economie\/demarches-du-quotidien\/combien-de-temps-faut-il-garder-ses-papiers\/","name":"Combien de temps faut-il garder ses papiers ?","isPartOf":{"@id":"https:\/\/lasocietenouvelle.net\/blog\/#website"},"primaryImageOfPage":{"@id":"https:\/\/lasocietenouvelle.net\/blog\/politique-et-economie\/demarches-du-quotidien\/combien-de-temps-faut-il-garder-ses-papiers\/#primaryimage"},"image":{"@id":"https:\/\/lasocietenouvelle.net\/blog\/politique-et-economie\/demarches-du-quotidien\/combien-de-temps-faut-il-garder-ses-papiers\/#primaryimage"},"thumbnailUrl":"https:\/\/images.pexels.com\/photos\/19725408\/pexels-photo-19725408.jpeg?auto=compress&cs=tinysrgb&fit=crop&h=627&w=1200","datePublished":"2026-07-16T11:16:32+00:00","dateModified":"2026-07-16T11:18:26+00:00","description":"Tout d\u00e9pend du document : 1 an pour la plupart des ordonnances, 3 ans pour les avis d'imposition, 5 ans pour les factures d'\u00e9nergie et les relev\u00e9s","inLanguage":"fr-FR","potentialAction":[{"@type":"ReadAction","target":["https:\/\/lasocietenouvelle.net\/blog\/politique-et-economie\/demarches-du-quotidien\/combien-de-temps-faut-il-garder-ses-papiers\/"]}]},{"@type":"ImageObject","inLanguage":"fr-FR","@id":"https:\/\/lasocietenouvelle.net\/blog\/politique-et-economie\/demarches-du-quotidien\/combien-de-temps-faut-il-garder-ses-papiers\/#primaryimage","url":"https:\/\/images.pexels.com\/photos\/19725408\/pexels-photo-19725408.jpeg?auto=compress&cs=tinysrgb&fit=crop&h=627&w=1200","contentUrl":"https:\/\/images.pexels.com\/photos\/19725408\/pexels-photo-19725408.jpeg?auto=compress&cs=tinysrgb&fit=crop&h=627&w=1200"},{"@type":"WebSite","@id":"https:\/\/lasocietenouvelle.net\/blog\/#website","url":"https:\/\/lasocietenouvelle.net\/blog\/","name":"lasocietenouvelle.net","description":"Ensemble pour une soci\u00e9t\u00e9 nouvelle.","publisher":{"@id":"https:\/\/lasocietenouvelle.net\/blog\/#organization"},"alternateName":"Ensemble pour une soci\u00e9t\u00e9 nouvelle.","potentialAction":[{"@type":"SearchAction","target":{"@type":"EntryPoint","urlTemplate":"https:\/\/lasocietenouvelle.net\/blog\/?s={search_term_string}"},"query-input":{"@type":"PropertyValueSpecification","valueRequired":true,"valueName":"search_term_string"}}],"inLanguage":"fr-FR"},{"@type":"Organization","@id":"https:\/\/lasocietenouvelle.net\/blog\/#organization","name":"Foretsensations.fr","url":"https:\/\/lasocietenouvelle.net\/blog\/","logo":{"@type":"ImageObject","inLanguage":"fr-FR","@id":"https:\/\/lasocietenouvelle.net\/blog\/#\/schema\/logo\/image\/","url":"https:\/\/lasocietenouvelle.net\/blog\/wp-content\/uploads\/2024\/12\/LaSocieteNouvelle.png","contentUrl":"https:\/\/lasocietenouvelle.net\/blog\/wp-content\/uploads\/2024\/12\/LaSocieteNouvelle.png","width":500,"height":500,"caption":"Foretsensations.fr"},"image":{"@id":"https:\/\/lasocietenouvelle.net\/blog\/#\/schema\/logo\/image\/"}},{"@type":"Person","@id":"https:\/\/lasocietenouvelle.net\/blog\/#\/schema\/person\/02cd5c1c96a1296ad9d435e23f855c26","name":"Elise Dupont","image":{"@type":"ImageObject","inLanguage":"fr-FR","@id":"https:\/\/lasocietenouvelle.net\/blog\/#\/schema\/person\/image\/","url":"https:\/\/secure.gravatar.com\/avatar\/?s=96&d=mm&r=g","contentUrl":"https:\/\/secure.gravatar.com\/avatar\/?s=96&d=mm&r=g","caption":"Elise Dupont"},"description":"\u00c9lise explore les dynamiques sociales, les transformations culturelles et les impacts des nouvelles technologies sur les interactions humaines.","url":"https:\/\/lasocietenouvelle.net\/blog\/auteur\/elise-dupont\/"}]}},"_links":{"self":[{"href":"https:\/\/lasocietenouvelle.net\/blog\/wp-json\/wp\/v2\/posts\/8525","targetHints":{"allow":["GET"]}}],"collection":[{"href":"https:\/\/lasocietenouvelle.net\/blog\/wp-json\/wp\/v2\/posts"}],"about":[{"href":"https:\/\/lasocietenouvelle.net\/blog\/wp-json\/wp\/v2\/types\/post"}],"author":[{"embeddable":true,"href":"https:\/\/lasocietenouvelle.net\/blog\/wp-json\/wp\/v2\/users\/39"}],"replies":[{"embeddable":true,"href":"https:\/\/lasocietenouvelle.net\/blog\/wp-json\/wp\/v2\/comments?post=8525"}],"version-history":[{"count":1,"href":"https:\/\/lasocietenouvelle.net\/blog\/wp-json\/wp\/v2\/posts\/8525\/revisions"}],"predecessor-version":[{"id":8536,"href":"https:\/\/lasocietenouvelle.net\/blog\/wp-json\/wp\/v2\/posts\/8525\/revisions\/8536"}],"wp:attachment":[{"href":"https:\/\/lasocietenouvelle.net\/blog\/wp-json\/wp\/v2\/media?parent=8525"}],"wp:term":[{"taxonomy":"category","embeddable":true,"href":"https:\/\/lasocietenouvelle.net\/blog\/wp-json\/wp\/v2\/categories?post=8525"},{"taxonomy":"post_tag","embeddable":true,"href":"https:\/\/lasocietenouvelle.net\/blog\/wp-json\/wp\/v2\/tags?post=8525"}],"curies":[{"name":"wp","href":"https:\/\/api.w.org\/{rel}","templated":true}]}}