{"id":8219,"date":"2026-03-05T09:18:00","date_gmt":"2026-03-05T08:18:00","guid":{"rendered":"https:\/\/lasocietenouvelle.net\/blog\/?p=8219"},"modified":"2026-03-05T09:18:00","modified_gmt":"2026-03-05T08:18:00","slug":"leconomie-responsable-comment-integrer-solidarite-equite-et-transparence-dans-votre-strategie","status":"publish","type":"post","link":"https:\/\/lasocietenouvelle.net\/blog\/politique-et-economie\/leconomie-responsable-comment-integrer-solidarite-equite-et-transparence-dans-votre-strategie\/","title":{"rendered":"L&rsquo;\u00e9conomie responsable : comment int\u00e9grer solidarit\u00e9, \u00e9quit\u00e9 et transparence dans votre strat\u00e9gie"},"content":{"rendered":"<h1>\u00c9conomie Responsable : Guide Complet et Analyse Approfondie<\/h1>\n<h2>Les Fondamentaux de l&rsquo;\u00c9conomie Responsable<\/h2>\n<p><strong>L&rsquo;\u00e9conomie responsable<\/strong> d\u00e9finit un mod\u00e8le qui int\u00e8gre <u>solidarit\u00e9, \u00e9quit\u00e9 et transparence<\/u> au c\u0153ur des d\u00e9cisions strat\u00e9giques, selon la vision du <strong>groupe UP<\/strong>, coop\u00e9rative fran\u00e7aise active dans les services aux entreprises. Nous consid\u00e9rons que cette approche d\u00e9passe la <strong>RSE<\/strong> traditionnelle en pla\u00e7ant l&rsquo;humain et les territoires au centre, avec une gouvernance participative qui partage \u00e9quitablement la valeur cr\u00e9\u00e9e.<\/p>\n<p>Les quatre piliers essentiels structurent cette d\u00e9marche :<\/p>\n<ul>\n<li><strong>Pilier social<\/strong> : promotion de l&rsquo;\u00e9galit\u00e9 salariale, avec <u>r\u00e9duction de 20 % des \u00e9carts hommes-femmes chez Danone<\/u> depuis 2020 ;<\/li>\n<li><strong>Pilier environnemental<\/strong> : adoption de l&rsquo;<strong>\u00e9conomie circulaire<\/strong>, comme chez <strong>Veolia<\/strong>, g\u00e9ant du traitement des d\u00e9chets, qui recycle <u>50 millions de tonnes annuelles<\/u> ;<\/li>\n<li><strong>Pilier soci\u00e9tal<\/strong> : partenariats locaux, illustr\u00e9s par les circuits courts de <strong>Biocoop<\/strong> en France ;<\/li>\n<li><strong>Pilier \u00e9conomique<\/strong> : viabilit\u00e9 via des business models r\u00e9silients, avec une <u>croissance de 12 % pour les entreprises certifi\u00e9es B Corp en 2025<\/u>.<\/li>\n<\/ul>\n<p>Nous voyons dans ces fondations une opportunit\u00e9 r\u00e9elle : les firmes int\u00e9grant ces piliers, telles que <strong>Patagonia<\/strong>, renforcent leur r\u00e9silience face aux risques climatiques, tout en fid\u00e9lisant <u>85 % de leurs talents<\/u> gr\u00e2ce \u00e0 un engagement partag\u00e9.<\/p>\n<h2>Obligations R\u00e9glementaires et Conformit\u00e9 CSRD 2026<\/h2>\n<p>Depuis le <strong>1er janvier 2026<\/strong>, la <strong>Corporate Sustainability Reporting Directive (CSRD)<\/strong> s&rsquo;applique aux PME cot\u00e9es r\u00e9pondant \u00e0 deux crit\u00e8res : plus de <u>250 salari\u00e9s<\/u>, <u>50 millions d&rsquo;euros de chiffre d&rsquo;affaires<\/u> ou <u>25 millions d&rsquo;euros de total de bilan<\/u>. Nous soulignons que cette directive europ\u00e9enne, align\u00e9e sur les <strong>European Sustainability Reporting Standards (ESRS)<\/strong>, exige un reporting ESG audit\u00e9, avec premi\u00e8re publication en <strong>2027<\/strong> pour l&rsquo;exercice 2026.<\/p>\n<p>Les domaines couverts incluent :<\/p>\n<ul>\n<li><strong>Changement climatique<\/strong> : mesure des \u00e9missions Scope 1, 2 et 3, comme chez <strong>TotalEnergies<\/strong> qui rapporte <u>345 MtCO2eq en 2025<\/u> ;<\/li>\n<li><strong>Biodiversit\u00e9<\/strong> (ESRS E4) : impacts sur les \u00e9cosyst\u00e8mes, avec obligations pour les cha\u00eenes d&rsquo;approvisionnement ;<\/li>\n<li><strong>Ressources en eau<\/strong> (ESRS E3) : gestion des d\u00e9pendances, critique pour <strong>Danone<\/strong> dans ses fili\u00e8res laiti\u00e8res ;<\/li>\n<li><strong>\u00c9conomie circulaire<\/strong> : tra\u00e7abilit\u00e9 des d\u00e9chets et r\u00e9emploi.<\/li>\n<\/ul>\n<p>Nous estimons que cette conformit\u00e9, bien que rigoureuse, offre un avantage concurrentiel : les entreprises pr\u00e9par\u00e9es, comme celles accompagn\u00e9es par <strong>Bpifrance<\/strong>, acc\u00e8dent \u00e0 des financements verts \u00e0 <u>taux r\u00e9duits de 1,5 %<\/u>.<\/p>\n<h2>Les Tendances Majeures de l&rsquo;\u00c9conomie Responsable en 2026<\/h2>\n<p>En <strong>2026<\/strong>, l&rsquo;<strong>\u00e9conomie r\u00e9g\u00e9n\u00e9ratrice<\/strong> domine, passant de la r\u00e9duction des impacts \u00e0 la restauration active des syst\u00e8mes vivants, comme l&rsquo;explique <strong>Nous Sommes Vivants<\/strong> dans son manifeste. <strong>Ecotone<\/strong>, laur\u00e9at des Lauriers de la R\u00e9g\u00e9n\u00e9ration <strong>2025<\/strong>, int\u00e8gre biodiversit\u00e9 et juste r\u00e9mun\u00e9ration des fournisseurs, g\u00e9n\u00e9rant un <u>triple impact<\/u> \u00e9conomique, social et environnemental.<\/p>\n<p>Parmi les tendances cl\u00e9s :<\/p>\n<ul>\n<li><strong>Green IT<\/strong> : sobri\u00e9t\u00e9 num\u00e9rique avec mod\u00e8les IA l\u00e9gers, <strong>Google Cloud<\/strong> r\u00e9duisant son empreinte de <u>48 % depuis 2019<\/u> ;<\/li>\n<li><strong>\u00c9conomie circulaire<\/strong> : <strong>Renault Group<\/strong> r\u00e9emploie <u>95 % de ses batteries<\/u> via sa Giga Factory de Douai ;<\/li>\n<li><strong>Transparence anti-greenwashing<\/strong> : v\u00e9rification des claims par des tiers, comme chez <strong>L&rsquo;Or\u00e9al<\/strong> avec ses indices ESG ;<\/li>\n<li><strong>Inclusion sociale<\/strong> : <u>40 % des postes diversity chez Accenture France<\/u> d&rsquo;ici fin 2026.<\/li>\n<\/ul>\n<p>Nous anticipons que ces dynamiques, port\u00e9es par <strong>Olivia Gr\u00e9goire<\/strong>, ex-secr\u00e9taire d&rsquo;\u00c9tat \u00e0 l&rsquo;\u00c9conomie sociale et solidaire, red\u00e9finiront la comp\u00e9titivit\u00e9, avec une <u>prime de 10 % sur les actions ESG<\/u> en Bourse europ\u00e9enne.<\/p>\n<h2>Outils et Solutions pour l&rsquo;\u00c9conomie Responsable<\/h2>\n<p>Nous recommandons des outils de mesure pr\u00e9cis comme <strong>Greenly<\/strong> pour calculer les <strong>Scopes 1, 2 et 3<\/strong>, o\u00f9 Scope 3 repr\u00e9sente souvent <u>90 % des \u00e9missions totales<\/u> pour des acteurs comme <strong>Decathlon<\/strong>. Ces plateformes int\u00e8grent l&rsquo;IA pour optimiser les cha\u00eenes d&rsquo;approvisionnement responsables.<\/p>\n<p>Les indicateurs prioritaires en <strong>2026<\/strong> comprennent :<\/p>\n<ul>\n<li>Part d&rsquo;<strong>\u00e9nergies renouvelables<\/strong> : objectif <u>50 % chez Schneider Electric<\/u> d&rsquo;ici 2026 ;<\/li>\n<li>\u00c9missions carbone : r\u00e9duction de <u>30 % via achats responsables<\/u> selon <strong>HelloCarbo<\/strong> ;<\/li>\n<li>Tra\u00e7abilit\u00e9 fournisseurs : cartographie via <strong>Sourcemap<\/strong>, utilis\u00e9e par <strong>Apple<\/strong> ;<\/li>\n<li>Indice de diversit\u00e9 : suivi annuel conforme CSRD S2.<\/li>\n<\/ul>\n<p>Pour l&rsquo;optimisation, adoptez des signatures \u00e9lectroniques comme <strong>Docusign ESG<\/strong> pour authentifier les rapports, renfor\u00e7ant la confiance des investisseurs institutionnels tels que <strong>Amundi<\/strong>.<\/p>\n<h2>Applications Pratiques et Cas d&rsquo;Usage<\/h2>\n<p>Chez <strong>UP Coop<\/strong>, l&rsquo;\u00e9conomie responsable se traduit par des partenariats locaux g\u00e9n\u00e9rant <u>1,2 milliard d&rsquo;euros de valeur partag\u00e9e en 2025<\/u>. Nous vous conseillons de d\u00e9marrer par un <strong>plan de mobilit\u00e9 d&rsquo;entreprise (PDM)<\/strong>, comme <strong>BNP Paribas<\/strong> qui \u00e9lectrifie <u>70 % de sa flotte<\/u> \u00e0 Paris.<\/p>\n<p>Actions imm\u00e9diates prouv\u00e9es :<\/p>\n<ul>\n<li>Recyclage via les 5R de l&rsquo;<strong>ADEME<\/strong> : <strong>Carrefour<\/strong> \u00e9conomise <u>2 millions d&rsquo;euros annuels<\/u> ;<\/li>\n<li>Achats responsables : <strong>Engie<\/strong> s\u00e9lectionne fournisseurs certifi\u00e9s <strong>ISO 26000<\/strong>, couvrant <u>80 % de ses d\u00e9penses<\/u> ;<\/li>\n<li>Alimentation durable : menus bio locaux chez <strong>Sodexo<\/strong>, r\u00e9duisant l&#8217;empreinte de <u>25 %<\/u> ;<\/li>\n<li>\u00c9co-conception : <strong>Stella McCartney<\/strong> utilise mati\u00e8res recycl\u00e9es pour <u>100 % de ses collections depuis 2024<\/u>.<\/li>\n<\/ul>\n<p>Ces cas, issus de secteurs vari\u00e9s, confirment notre conviction : l&rsquo;application concr\u00e8te booste la rentabilit\u00e9 de <u>15 \u00e0 20 %<\/u> en moyenne.<\/p>\n<h2>Optimisation et Meilleures Pratiques<\/h2>\n<p>Int\u00e9grez la <strong>RSE<\/strong> \u00e0 la gouvernance via formations ESG pour dirigeants, comme le programme de <strong>HEC Paris<\/strong> suivi par <u>500 executives en 2025<\/u>. Nous insistons sur le dialogue actionnarial align\u00e9 sur l&rsquo;<strong>Accord de Paris<\/strong>, \u00e0 l&rsquo;image de <strong>Danone<\/strong> qui publie ses plans de transition nets z\u00e9ro.<\/p>\n<p>Pratiques avanc\u00e9es :<\/p>\n<ul>\n<li>S\u00e9lection fournisseurs circulaires : <strong>Ikea<\/strong> avec <u>100 % bois certifi\u00e9 FSC<\/u> d&rsquo;ici 2030 ;<\/li>\n<li>Suivi KPI en temps r\u00e9el via <strong>IBM Envizi<\/strong> ;<\/li>\n<li>Co-construction avec parties prenantes : ateliers ONG chez <strong>Unilever<\/strong> en <strong>Europe de l&rsquo;Ouest<\/u>.<\/li>\n<\/ul>\n<p>Cette approche \u00e9limine le greenwashing et forge une r\u00e9silience prouv\u00e9e face aux chocs, comme la crise des semi-conducteurs de <strong>2021-2023<\/strong>.<\/p>\n<h2>Perspectives et Recommandations pour 2026<\/h2>\n<p>Nous pr\u00e9voyons que <strong>2026<\/strong> acc\u00e9l\u00e9rera l&rsquo;op\u00e9rationnalisation de la <strong>CSRD<\/strong>, avec <u>50 000 entreprises europ\u00e9ennes<\/u> concern\u00e9es. Les PME comme celles soutenues par <strong>Bpifrance<\/strong> gagneront en attractivit\u00e9, attirant <u>30 % d&rsquo;investissements verts suppl\u00e9mentaires<\/u>.<\/p>\n<p>Nos recommandations pr\u00e9cises :<\/p>\n<ul>\n<li>Cartographiez votre cha\u00eene via <strong>ESG Navigator<\/strong> de <strong>SAP<\/strong> ;<\/li>\n<li>Fixez objectifs SBTi align\u00e9s <strong>1,5?C<\/strong> ;<\/li>\n<li>D\u00e9ployez dashboards auditables avec <strong>Workiva<\/strong>.<\/li>\n<\/ul>\n<p>Votre engagement aujourd&rsquo;hui s\u00e9curise demain : nous l&rsquo;observons chez les leaders qui transforment la r\u00e9glementation en levier de <u>croissance durable de 18 %<\/u>.<\/p>\n","protected":false},"excerpt":{"rendered":"","protected":false},"author":34,"featured_media":8251,"comment_status":"open","ping_status":"open","sticky":false,"template":"","format":"standard","meta":{"_acf_changed":false,"manual_indexmenow":false,"indexmenow_id_project":0,"footnotes":""},"categories":[4522],"tags":[5210,5211,5212],"class_list":["post-8219","post","type-post","status-publish","format-standard","has-post-thumbnail","hentry","category-politique-et-economie","tag-conomie-responsable","tag-solidarit-quit","tag-transparence-stratgie","generate-columns","tablet-grid-50","mobile-grid-100","grid-parent","grid-25"],"acf":[],"yoast_head":"<!-- This site is optimized with the Yoast SEO Premium plugin v21.3 (Yoast SEO v25.6) - https:\/\/yoast.com\/wordpress\/plugins\/seo\/ -->\n<title>L&#039;\u00e9conomie responsable<\/title>\n<meta name=\"description\" content=\"L&#039;\u00e9conomie responsable d\u00e9finit un mod\u00e8le qui int\u00e8gre solidarit\u00e9, \u00e9quit\u00e9 et transparence au c\u0153ur des d\u00e9cisions strat\u00e9giques, selon la vision du groupe\u2026\" \/>\n<meta name=\"robots\" content=\"index, follow, max-snippet:-1, max-image-preview:large, max-video-preview:-1\" \/>\n<link rel=\"canonical\" href=\"https:\/\/lasocietenouvelle.net\/blog\/politique-et-economie\/leconomie-responsable-comment-integrer-solidarite-equite-et-transparence-dans-votre-strategie\/\" \/>\n<meta property=\"og:locale\" content=\"fr_FR\" \/>\n<meta property=\"og:type\" content=\"article\" \/>\n<meta property=\"og:title\" content=\"L&#039;\u00e9conomie responsable\" \/>\n<meta property=\"og:description\" content=\"L&#039;\u00e9conomie responsable d\u00e9finit un mod\u00e8le qui int\u00e8gre solidarit\u00e9, \u00e9quit\u00e9 et transparence au c\u0153ur des d\u00e9cisions strat\u00e9giques, selon la vision du groupe\u2026\" \/>\n<meta property=\"og:url\" content=\"https:\/\/lasocietenouvelle.net\/blog\/politique-et-economie\/leconomie-responsable-comment-integrer-solidarite-equite-et-transparence-dans-votre-strategie\/\" \/>\n<meta property=\"og:site_name\" content=\"lasocietenouvelle\" \/>\n<meta property=\"og:image\" content=\"https:\/\/lasocietenouvelle.net\/blog\/wp-content\/uploads\/2026\/03\/sdxl-d363cb4569e42de7136b5b324f3178a5-scaled.png\" \/>\n\t<meta property=\"og:image:width\" content=\"1200\" \/>\n\t<meta property=\"og:image:height\" content=\"500\" \/>\n\t<meta property=\"og:image:type\" content=\"image\/png\" \/>\n<meta name=\"author\" content=\"Claire Desprats\" \/>\n<meta name=\"twitter:card\" content=\"summary_large_image\" \/>\n<script type=\"application\/ld+json\" class=\"yoast-schema-graph\">{\"@context\":\"https:\/\/schema.org\",\"@graph\":[{\"@type\":\"NewsArticle\",\"@id\":\"https:\/\/lasocietenouvelle.net\/blog\/politique-et-economie\/leconomie-responsable-comment-integrer-solidarite-equite-et-transparence-dans-votre-strategie\/#article\",\"isPartOf\":{\"@id\":\"https:\/\/lasocietenouvelle.net\/blog\/politique-et-economie\/leconomie-responsable-comment-integrer-solidarite-equite-et-transparence-dans-votre-strategie\/\"},\"author\":{\"name\":\"Claire Desprats\",\"@id\":\"https:\/\/lasocietenouvelle.net\/blog\/#\/schema\/person\/3c864cdc320801e3db34b663e7e3f816\"},\"headline\":\"L&rsquo;\u00e9conomie responsable : comment int\u00e9grer solidarit\u00e9, \u00e9quit\u00e9 et transparence dans votre strat\u00e9gie\",\"datePublished\":\"2026-03-05T08:18:00+00:00\",\"mainEntityOfPage\":{\"@id\":\"https:\/\/lasocietenouvelle.net\/blog\/politique-et-economie\/leconomie-responsable-comment-integrer-solidarite-equite-et-transparence-dans-votre-strategie\/\"},\"wordCount\":1007,\"commentCount\":0,\"publisher\":{\"@id\":\"https:\/\/lasocietenouvelle.net\/blog\/#organization\"},\"image\":{\"@id\":\"https:\/\/lasocietenouvelle.net\/blog\/politique-et-economie\/leconomie-responsable-comment-integrer-solidarite-equite-et-transparence-dans-votre-strategie\/#primaryimage\"},\"thumbnailUrl\":\"https:\/\/lasocietenouvelle.net\/blog\/wp-content\/uploads\/2026\/03\/sdxl-d363cb4569e42de7136b5b324f3178a5-scaled.png\",\"keywords\":[\"conomie responsable\",\"solidarit quit\",\"transparence stratgie\"],\"articleSection\":[\"Politique et \u00c9conomie\"],\"inLanguage\":\"fr-FR\",\"potentialAction\":[{\"@type\":\"CommentAction\",\"name\":\"Comment\",\"target\":[\"https:\/\/lasocietenouvelle.net\/blog\/politique-et-economie\/leconomie-responsable-comment-integrer-solidarite-equite-et-transparence-dans-votre-strategie\/#respond\"]}]},{\"@type\":\"WebPage\",\"@id\":\"https:\/\/lasocietenouvelle.net\/blog\/politique-et-economie\/leconomie-responsable-comment-integrer-solidarite-equite-et-transparence-dans-votre-strategie\/\",\"url\":\"https:\/\/lasocietenouvelle.net\/blog\/politique-et-economie\/leconomie-responsable-comment-integrer-solidarite-equite-et-transparence-dans-votre-strategie\/\",\"name\":\"L'\u00e9conomie responsable\",\"isPartOf\":{\"@id\":\"https:\/\/lasocietenouvelle.net\/blog\/#website\"},\"primaryImageOfPage\":{\"@id\":\"https:\/\/lasocietenouvelle.net\/blog\/politique-et-economie\/leconomie-responsable-comment-integrer-solidarite-equite-et-transparence-dans-votre-strategie\/#primaryimage\"},\"image\":{\"@id\":\"https:\/\/lasocietenouvelle.net\/blog\/politique-et-economie\/leconomie-responsable-comment-integrer-solidarite-equite-et-transparence-dans-votre-strategie\/#primaryimage\"},\"thumbnailUrl\":\"https:\/\/lasocietenouvelle.net\/blog\/wp-content\/uploads\/2026\/03\/sdxl-d363cb4569e42de7136b5b324f3178a5-scaled.png\",\"datePublished\":\"2026-03-05T08:18:00+00:00\",\"description\":\"L'\u00e9conomie responsable d\u00e9finit un mod\u00e8le qui int\u00e8gre solidarit\u00e9, \u00e9quit\u00e9 et transparence au c\u0153ur des d\u00e9cisions strat\u00e9giques, selon la vision du groupe\u2026\",\"inLanguage\":\"fr-FR\",\"potentialAction\":[{\"@type\":\"ReadAction\",\"target\":[\"https:\/\/lasocietenouvelle.net\/blog\/politique-et-economie\/leconomie-responsable-comment-integrer-solidarite-equite-et-transparence-dans-votre-strategie\/\"]}]},{\"@type\":\"ImageObject\",\"inLanguage\":\"fr-FR\",\"@id\":\"https:\/\/lasocietenouvelle.net\/blog\/politique-et-economie\/leconomie-responsable-comment-integrer-solidarite-equite-et-transparence-dans-votre-strategie\/#primaryimage\",\"url\":\"https:\/\/lasocietenouvelle.net\/blog\/wp-content\/uploads\/2026\/03\/sdxl-d363cb4569e42de7136b5b324f3178a5-scaled.png\",\"contentUrl\":\"https:\/\/lasocietenouvelle.net\/blog\/wp-content\/uploads\/2026\/03\/sdxl-d363cb4569e42de7136b5b324f3178a5-scaled.png\",\"width\":1200,\"height\":500},{\"@type\":\"WebSite\",\"@id\":\"https:\/\/lasocietenouvelle.net\/blog\/#website\",\"url\":\"https:\/\/lasocietenouvelle.net\/blog\/\",\"name\":\"lasocietenouvelle.net\",\"description\":\"Ensemble pour une soci\u00e9t\u00e9 nouvelle.\",\"publisher\":{\"@id\":\"https:\/\/lasocietenouvelle.net\/blog\/#organization\"},\"alternateName\":\"Ensemble pour une soci\u00e9t\u00e9 nouvelle.\",\"potentialAction\":[{\"@type\":\"SearchAction\",\"target\":{\"@type\":\"EntryPoint\",\"urlTemplate\":\"https:\/\/lasocietenouvelle.net\/blog\/?s={search_term_string}\"},\"query-input\":{\"@type\":\"PropertyValueSpecification\",\"valueRequired\":true,\"valueName\":\"search_term_string\"}}],\"inLanguage\":\"fr-FR\"},{\"@type\":\"Organization\",\"@id\":\"https:\/\/lasocietenouvelle.net\/blog\/#organization\",\"name\":\"Foretsensations.fr\",\"url\":\"https:\/\/lasocietenouvelle.net\/blog\/\",\"logo\":{\"@type\":\"ImageObject\",\"inLanguage\":\"fr-FR\",\"@id\":\"https:\/\/lasocietenouvelle.net\/blog\/#\/schema\/logo\/image\/\",\"url\":\"https:\/\/lasocietenouvelle.net\/blog\/wp-content\/uploads\/2024\/12\/LaSocieteNouvelle.png\",\"contentUrl\":\"https:\/\/lasocietenouvelle.net\/blog\/wp-content\/uploads\/2024\/12\/LaSocieteNouvelle.png\",\"width\":500,\"height\":500,\"caption\":\"Foretsensations.fr\"},\"image\":{\"@id\":\"https:\/\/lasocietenouvelle.net\/blog\/#\/schema\/logo\/image\/\"}},{\"@type\":\"Person\",\"@id\":\"https:\/\/lasocietenouvelle.net\/blog\/#\/schema\/person\/3c864cdc320801e3db34b663e7e3f816\",\"name\":\"Claire Desprats\",\"image\":{\"@type\":\"ImageObject\",\"inLanguage\":\"fr-FR\",\"@id\":\"https:\/\/lasocietenouvelle.net\/blog\/#\/schema\/person\/image\/\",\"url\":\"https:\/\/lasocietenouvelle.net\/blog\/wp-content\/uploads\/2026\/06\/claire-d-lsn-2026-96x96.jpg\",\"contentUrl\":\"https:\/\/lasocietenouvelle.net\/blog\/wp-content\/uploads\/2026\/06\/claire-d-lsn-2026-96x96.jpg\",\"caption\":\"Claire Desprats\"},\"description\":\"Je d\u00e9crypte depuis une dizaine d'ann\u00e9es tout ce qui touche \u00e0 la sant\u00e9 et \u00e0 la protection sociale : compl\u00e9mentaire sant\u00e9 et mutuelle, pr\u00e9voyance et assurance, mais aussi soins du quotidien, pr\u00e9vention, parcours de soins, professions m\u00e9dicales et param\u00e9dicales, et bien-\u00eatre. J'aime rendre limpide un sujet r\u00e9put\u00e9 aride \u2014 un mot de contrat, un remboursement, un sympt\u00f4me, une d\u00e9marche administrative \u2014 avec des explications concr\u00e8tes, des fourchettes de co\u00fbts r\u00e9alistes et des crit\u00e8res v\u00e9rifiables. Avant de publier, je recoupe mes sources (textes officiels, organismes, notices), je distingue l'information g\u00e9n\u00e9rale du conseil personnalis\u00e9, et je rappelle syst\u00e9matiquement que mes articles ne remplacent ni un avis m\u00e9dical ni l'\u00e9tude d'un contrat par un professionnel. Mon objectif : aider chacun \u00e0 faire des choix \u00e9clair\u00e9s pour sa sant\u00e9 et sa couverture, en toute ind\u00e9pendance.\",\"sameAs\":[\"https:\/\/clairedesprats.fr\/\"],\"url\":\"https:\/\/lasocietenouvelle.net\/blog\/auteur\/noname\/\"}]}<\/script>\n<!-- \/ Yoast SEO Premium plugin. -->","yoast_head_json":{"title":"L'\u00e9conomie responsable","description":"L'\u00e9conomie responsable d\u00e9finit un mod\u00e8le qui int\u00e8gre solidarit\u00e9, \u00e9quit\u00e9 et transparence au c\u0153ur des d\u00e9cisions strat\u00e9giques, selon la vision du groupe\u2026","robots":{"index":"index","follow":"follow","max-snippet":"max-snippet:-1","max-image-preview":"max-image-preview:large","max-video-preview":"max-video-preview:-1"},"canonical":"https:\/\/lasocietenouvelle.net\/blog\/politique-et-economie\/leconomie-responsable-comment-integrer-solidarite-equite-et-transparence-dans-votre-strategie\/","og_locale":"fr_FR","og_type":"article","og_title":"L'\u00e9conomie responsable","og_description":"L'\u00e9conomie responsable d\u00e9finit un mod\u00e8le qui int\u00e8gre solidarit\u00e9, \u00e9quit\u00e9 et transparence au c\u0153ur des d\u00e9cisions strat\u00e9giques, selon la vision du groupe\u2026","og_url":"https:\/\/lasocietenouvelle.net\/blog\/politique-et-economie\/leconomie-responsable-comment-integrer-solidarite-equite-et-transparence-dans-votre-strategie\/","og_site_name":"lasocietenouvelle","og_image":[{"width":1200,"height":500,"url":"https:\/\/lasocietenouvelle.net\/blog\/wp-content\/uploads\/2026\/03\/sdxl-d363cb4569e42de7136b5b324f3178a5-scaled.png","type":"image\/png"}],"author":"Claire Desprats","twitter_card":"summary_large_image","schema":{"@context":"https:\/\/schema.org","@graph":[{"@type":"NewsArticle","@id":"https:\/\/lasocietenouvelle.net\/blog\/politique-et-economie\/leconomie-responsable-comment-integrer-solidarite-equite-et-transparence-dans-votre-strategie\/#article","isPartOf":{"@id":"https:\/\/lasocietenouvelle.net\/blog\/politique-et-economie\/leconomie-responsable-comment-integrer-solidarite-equite-et-transparence-dans-votre-strategie\/"},"author":{"name":"Claire Desprats","@id":"https:\/\/lasocietenouvelle.net\/blog\/#\/schema\/person\/3c864cdc320801e3db34b663e7e3f816"},"headline":"L&rsquo;\u00e9conomie responsable : comment int\u00e9grer solidarit\u00e9, \u00e9quit\u00e9 et transparence dans votre strat\u00e9gie","datePublished":"2026-03-05T08:18:00+00:00","mainEntityOfPage":{"@id":"https:\/\/lasocietenouvelle.net\/blog\/politique-et-economie\/leconomie-responsable-comment-integrer-solidarite-equite-et-transparence-dans-votre-strategie\/"},"wordCount":1007,"commentCount":0,"publisher":{"@id":"https:\/\/lasocietenouvelle.net\/blog\/#organization"},"image":{"@id":"https:\/\/lasocietenouvelle.net\/blog\/politique-et-economie\/leconomie-responsable-comment-integrer-solidarite-equite-et-transparence-dans-votre-strategie\/#primaryimage"},"thumbnailUrl":"https:\/\/lasocietenouvelle.net\/blog\/wp-content\/uploads\/2026\/03\/sdxl-d363cb4569e42de7136b5b324f3178a5-scaled.png","keywords":["conomie responsable","solidarit quit","transparence stratgie"],"articleSection":["Politique et \u00c9conomie"],"inLanguage":"fr-FR","potentialAction":[{"@type":"CommentAction","name":"Comment","target":["https:\/\/lasocietenouvelle.net\/blog\/politique-et-economie\/leconomie-responsable-comment-integrer-solidarite-equite-et-transparence-dans-votre-strategie\/#respond"]}]},{"@type":"WebPage","@id":"https:\/\/lasocietenouvelle.net\/blog\/politique-et-economie\/leconomie-responsable-comment-integrer-solidarite-equite-et-transparence-dans-votre-strategie\/","url":"https:\/\/lasocietenouvelle.net\/blog\/politique-et-economie\/leconomie-responsable-comment-integrer-solidarite-equite-et-transparence-dans-votre-strategie\/","name":"L'\u00e9conomie responsable","isPartOf":{"@id":"https:\/\/lasocietenouvelle.net\/blog\/#website"},"primaryImageOfPage":{"@id":"https:\/\/lasocietenouvelle.net\/blog\/politique-et-economie\/leconomie-responsable-comment-integrer-solidarite-equite-et-transparence-dans-votre-strategie\/#primaryimage"},"image":{"@id":"https:\/\/lasocietenouvelle.net\/blog\/politique-et-economie\/leconomie-responsable-comment-integrer-solidarite-equite-et-transparence-dans-votre-strategie\/#primaryimage"},"thumbnailUrl":"https:\/\/lasocietenouvelle.net\/blog\/wp-content\/uploads\/2026\/03\/sdxl-d363cb4569e42de7136b5b324f3178a5-scaled.png","datePublished":"2026-03-05T08:18:00+00:00","description":"L'\u00e9conomie responsable d\u00e9finit un mod\u00e8le qui int\u00e8gre solidarit\u00e9, \u00e9quit\u00e9 et transparence au c\u0153ur des d\u00e9cisions strat\u00e9giques, selon la vision du groupe\u2026","inLanguage":"fr-FR","potentialAction":[{"@type":"ReadAction","target":["https:\/\/lasocietenouvelle.net\/blog\/politique-et-economie\/leconomie-responsable-comment-integrer-solidarite-equite-et-transparence-dans-votre-strategie\/"]}]},{"@type":"ImageObject","inLanguage":"fr-FR","@id":"https:\/\/lasocietenouvelle.net\/blog\/politique-et-economie\/leconomie-responsable-comment-integrer-solidarite-equite-et-transparence-dans-votre-strategie\/#primaryimage","url":"https:\/\/lasocietenouvelle.net\/blog\/wp-content\/uploads\/2026\/03\/sdxl-d363cb4569e42de7136b5b324f3178a5-scaled.png","contentUrl":"https:\/\/lasocietenouvelle.net\/blog\/wp-content\/uploads\/2026\/03\/sdxl-d363cb4569e42de7136b5b324f3178a5-scaled.png","width":1200,"height":500},{"@type":"WebSite","@id":"https:\/\/lasocietenouvelle.net\/blog\/#website","url":"https:\/\/lasocietenouvelle.net\/blog\/","name":"lasocietenouvelle.net","description":"Ensemble pour une soci\u00e9t\u00e9 nouvelle.","publisher":{"@id":"https:\/\/lasocietenouvelle.net\/blog\/#organization"},"alternateName":"Ensemble pour une soci\u00e9t\u00e9 nouvelle.","potentialAction":[{"@type":"SearchAction","target":{"@type":"EntryPoint","urlTemplate":"https:\/\/lasocietenouvelle.net\/blog\/?s={search_term_string}"},"query-input":{"@type":"PropertyValueSpecification","valueRequired":true,"valueName":"search_term_string"}}],"inLanguage":"fr-FR"},{"@type":"Organization","@id":"https:\/\/lasocietenouvelle.net\/blog\/#organization","name":"Foretsensations.fr","url":"https:\/\/lasocietenouvelle.net\/blog\/","logo":{"@type":"ImageObject","inLanguage":"fr-FR","@id":"https:\/\/lasocietenouvelle.net\/blog\/#\/schema\/logo\/image\/","url":"https:\/\/lasocietenouvelle.net\/blog\/wp-content\/uploads\/2024\/12\/LaSocieteNouvelle.png","contentUrl":"https:\/\/lasocietenouvelle.net\/blog\/wp-content\/uploads\/2024\/12\/LaSocieteNouvelle.png","width":500,"height":500,"caption":"Foretsensations.fr"},"image":{"@id":"https:\/\/lasocietenouvelle.net\/blog\/#\/schema\/logo\/image\/"}},{"@type":"Person","@id":"https:\/\/lasocietenouvelle.net\/blog\/#\/schema\/person\/3c864cdc320801e3db34b663e7e3f816","name":"Claire Desprats","image":{"@type":"ImageObject","inLanguage":"fr-FR","@id":"https:\/\/lasocietenouvelle.net\/blog\/#\/schema\/person\/image\/","url":"https:\/\/lasocietenouvelle.net\/blog\/wp-content\/uploads\/2026\/06\/claire-d-lsn-2026-96x96.jpg","contentUrl":"https:\/\/lasocietenouvelle.net\/blog\/wp-content\/uploads\/2026\/06\/claire-d-lsn-2026-96x96.jpg","caption":"Claire Desprats"},"description":"Je d\u00e9crypte depuis une dizaine d'ann\u00e9es tout ce qui touche \u00e0 la sant\u00e9 et \u00e0 la protection sociale : compl\u00e9mentaire sant\u00e9 et mutuelle, pr\u00e9voyance et assurance, mais aussi soins du quotidien, pr\u00e9vention, parcours de soins, professions m\u00e9dicales et param\u00e9dicales, et bien-\u00eatre. J'aime rendre limpide un sujet r\u00e9put\u00e9 aride \u2014 un mot de contrat, un remboursement, un sympt\u00f4me, une d\u00e9marche administrative \u2014 avec des explications concr\u00e8tes, des fourchettes de co\u00fbts r\u00e9alistes et des crit\u00e8res v\u00e9rifiables. Avant de publier, je recoupe mes sources (textes officiels, organismes, notices), je distingue l'information g\u00e9n\u00e9rale du conseil personnalis\u00e9, et je rappelle syst\u00e9matiquement que mes articles ne remplacent ni un avis m\u00e9dical ni l'\u00e9tude d'un contrat par un professionnel. Mon objectif : aider chacun \u00e0 faire des choix \u00e9clair\u00e9s pour sa sant\u00e9 et sa couverture, en toute ind\u00e9pendance.","sameAs":["https:\/\/clairedesprats.fr\/"],"url":"https:\/\/lasocietenouvelle.net\/blog\/auteur\/noname\/"}]}},"_links":{"self":[{"href":"https:\/\/lasocietenouvelle.net\/blog\/wp-json\/wp\/v2\/posts\/8219","targetHints":{"allow":["GET"]}}],"collection":[{"href":"https:\/\/lasocietenouvelle.net\/blog\/wp-json\/wp\/v2\/posts"}],"about":[{"href":"https:\/\/lasocietenouvelle.net\/blog\/wp-json\/wp\/v2\/types\/post"}],"author":[{"embeddable":true,"href":"https:\/\/lasocietenouvelle.net\/blog\/wp-json\/wp\/v2\/users\/34"}],"replies":[{"embeddable":true,"href":"https:\/\/lasocietenouvelle.net\/blog\/wp-json\/wp\/v2\/comments?post=8219"}],"version-history":[{"count":1,"href":"https:\/\/lasocietenouvelle.net\/blog\/wp-json\/wp\/v2\/posts\/8219\/revisions"}],"predecessor-version":[{"id":8250,"href":"https:\/\/lasocietenouvelle.net\/blog\/wp-json\/wp\/v2\/posts\/8219\/revisions\/8250"}],"wp:featuredmedia":[{"embeddable":true,"href":"https:\/\/lasocietenouvelle.net\/blog\/wp-json\/wp\/v2\/media\/8251"}],"wp:attachment":[{"href":"https:\/\/lasocietenouvelle.net\/blog\/wp-json\/wp\/v2\/media?parent=8219"}],"wp:term":[{"taxonomy":"category","embeddable":true,"href":"https:\/\/lasocietenouvelle.net\/blog\/wp-json\/wp\/v2\/categories?post=8219"},{"taxonomy":"post_tag","embeddable":true,"href":"https:\/\/lasocietenouvelle.net\/blog\/wp-json\/wp\/v2\/tags?post=8219"}],"curies":[{"name":"wp","href":"https:\/\/api.w.org\/{rel}","templated":true}]}}