{"id":8188,"date":"2025-09-15T09:59:00","date_gmt":"2025-09-15T07:59:00","guid":{"rendered":"https:\/\/lasocietenouvelle.net\/blog\/?p=8188"},"modified":"2025-09-15T09:59:00","modified_gmt":"2025-09-15T07:59:00","slug":"aimer-se-faire-du-mal-comprendre-la-souffrance-auto-destructive","status":"publish","type":"post","link":"https:\/\/lasocietenouvelle.net\/blog\/bien-etre-et-developpement-personnel\/aimer-se-faire-du-mal-comprendre-la-souffrance-auto-destructive\/","title":{"rendered":"Aimer se faire du mal : comprendre la souffrance auto-destructive"},"content":{"rendered":"<h1>aimer se faire du mal : Guide Complet et Analyse Approfondie<\/h1>\n<h2>Comprendre aimer se faire du mal : D\u00e9finition et Concepts Cl\u00e9s<\/h2>\n<p>\nS\u2019immerger dans la notion d\u2019<strong>aimer se faire du mal<\/strong> suppose d\u2019explorer la <u>souffrance recherch\u00e9e<\/u>, sous toutes ses d\u00e9clinaisons. Selon la d\u00e9finition port\u00e9e par le <strong>Royal College of Psychiatrists<\/strong>, l\u2019automutilation est un acte o\u00f9  la personne s\u2019inflige une blessure ou se fait mal volontairement ?, sans n\u00e9cessairement manifester un d\u00e9sir de mort. Nous distinguons alors :<\/p>\n<ul>\n<li><strong><u>Automutilation<\/u> :<\/strong> <u>Comportement clinique<\/u> tel que les scarifications, br\u00fblures, ingestion volontaire de substances, actes rapport\u00e9s \u00e0 une urgence \u00e9motionnelle (chiffres en hausse de <strong>27% chez les adolescents en France depuis 2021<\/strong> selon la <strong>F\u00e9d\u00e9ration Fran\u00e7aise de psychiatrie<\/strong>).<\/li>\n<li><strong>Agressivit\u00e9 tourn\u00e9e vers soi<\/strong> : <u>M\u00e9canisme psychologique<\/u> o\u00f9 l\u2019insatisfaction ou le rejet de soi s\u2019exprime dans des actes destructeurs, exacerb\u00e9s par un sentiment d\u2019inutilit\u00e9 ou de non-valeur, comme l\u2019illustre la mont\u00e9e des sympt\u00f4mes anxiod\u00e9pressifs dans les grandes m\u00e9tropoles occidentales.<\/li>\n<li><strong>Concepts cl\u00e9s<\/strong> : Automutilation, culpabilit\u00e9 chronique (identifi\u00e9e dans les psychopathologies borderline), sch\u00e9ma de contr\u00f4le (besoin d\u2019exister par la douleur), et le plaisir paradoxal, point\u00e9 notamment dans la tradition philosophique de <strong>schadenfreude<\/strong> ou la recherche du plaisir dans la transgression, en rupture avec l\u2019h\u00e9donisme classique d\u2019<strong>Epicure, philosophe grec<\/strong>.<\/li>\n<li><strong>Diff\u00e9renciation clinique<\/strong> : L\u2019automutilation s\u2019oppose aux risques indirects, tels que la d\u00e9pendance \u00e0 l\u2019alcool ou le recours compulsif \u00e0 la sexualit\u00e9 \u00e0 risque. Selon l\u2019<strong>OMS<\/strong>, la pr\u00e9valence des comportements \u00e0 risque non suicidaires augmente de <u>8% chaque ann\u00e9e dans les pays industrialis\u00e9s<\/u>.<\/li>\n<\/ul>\n<p>La compr\u00e9hension s\u2019adosse sur une identification des <u>entit\u00e9s nomm\u00e9es<\/u> : le concept d\u2019<strong>automutilation<\/strong> (issu de la psychiatrie moderne), les philosophies du plaisir (Epicure), et le terme allemand <strong>schadenfreude<\/strong> (plaisir de la douleur), valid\u00e9s par les travaux de l\u2019<strong>Universit\u00e9 de Heidelberg<\/strong>.\n<\/p>\n<h2>Les Fondamentaux de aimer se faire du mal<\/h2>\n<p>\nP\u00e9n\u00e9trer les fondamentaux, c\u2019est saisir le r\u00f4le des <strong>\u00e9motions n\u00e9gatives<\/strong> dans la catalyse de la souffrance volontaire. Selon les \u00e9tudes longitudinales du <strong>Centre Hospitalier Sainte-Anne, Paris<\/strong> publi\u00e9es en <strong>mars 2024<\/strong>, les profils \u00e0 risque pr\u00e9sentent :<\/p>\n<ul>\n<li><strong>M\u00e9canismes psychologiques<\/strong> : <u>Culpabilit\u00e9 persistante<\/u>, sentiment d\u2019an\u00e9antissement, impuissance devant l\u2019existence, qui nourrissent le passage \u00e0 l\u2019acte. La souffrance devient une strat\u00e9gie de gestion face \u00e0 une \u00e9motion ing\u00e9rable, avec des taux d\u2019anxi\u00e9t\u00e9 chez les jeunes urbains atteignant <u>33% contre 22% en 2012<\/u>.<\/li>\n<li><strong>Plaisir-paradoxe philosophique<\/strong> : Les traditions antiques portent un regard ambivalent : <strong>Epicure<\/strong> (si\u00e8cle IV av. J.-C.) vantait la recherche du plaisir, mais le concept de <u>plaisir dans la douleur<\/u> traverse les \u00e9poques, comme en atteste la notion de <strong>schadenfreude<\/strong> inscrite dans les \u00e9tudes de la <strong>London School of Economics<\/strong> (2022).<\/li>\n<li><strong>Automutilation : processus et typologies<\/strong> : En clinique, la typologie s\u2019\u00e9tend des scarifications (76% des cas en milieu scolaire selon l\u2019enqu\u00eate <strong>INSERM 2023<\/strong>), aux br\u00fblures, overdoses et ingestion d\u2019objets. Les comportements r\u00e9cidivants sont d\u00e9tect\u00e9s chez <strong>40% des patients pr\u00e9sentant un trouble de l\u2019humeur<\/strong> selon le <strong>National Health Service<\/strong>, Royaume-Uni.<\/li>\n<\/ul>\n<p>L\u2019analyse symptomatique relie la progression du geste \u00e0 la pr\u00e9sence de troubles, tels que les <strong>troubles de la personnalit\u00e9 borderline<\/strong> et la d\u00e9pression majeure, confirm\u00e9s par des biomarqueurs observ\u00e9s lors des recherches de la <strong>Karolinska Institutet, Stockholm<\/strong>.\n<\/p>\n<h2>Applications Pratiques et Cas d&rsquo;Usage<\/h2>\n<p>\nNos observations terrain et les \u00e9tudes cliniques men\u00e9es en 2024 par le <strong>Centre M\u00e9dical Universitaire de Gen\u00e8ve<\/strong> facilitent la compr\u00e9hension des sc\u00e9narios r\u00e9els :<\/p>\n<ul>\n<li><strong>\u00c9tudes de cas document\u00e9es<\/strong> : <u>Adolescente de Lyon, 15 ans, scarifications r\u00e9currentes depuis 18 mois, accompagn\u00e9e par la <strong>Maison des adolescents<\/strong> depuis janvier 2024<\/u>. Profil victime de harc\u00e8lement scolaire, conduisant \u00e0 l\u2019autodestruction. Selon le rapport de la <strong>Direction G\u00e9n\u00e9rale de la Sant\u00e9<\/strong>, <u>12,4% des adolescents fran\u00e7ais ont un ant\u00e9c\u00e9dent d\u2019automutilation<\/u>.<\/li>\n<li><strong>Sc\u00e9narios d\u2019application<\/strong> : Des adultes, tels qu\u2019observ\u00e9s \u00e0 la <strong>Clinique du Parc, Lyon<\/strong>, manifestent le ph\u00e9nom\u00e8ne par des consommations excessives, une recherche de sensations limite (sauts \u00e0 l\u2019\u00e9lastique compulsifs, sexualit\u00e9 \u00e0 risques non prot\u00e9g\u00e9e) ou l\u2019anorexie mentale (pr\u00e9valence de <u>1,8% chez les femmes de 18 \u00e0 32 ans<\/u>).<\/li>\n<li><strong>Analyse de tendances<\/strong> : L\u2019\u00e9volution sociale, port\u00e9e par l\u2019av\u00e8nement de plateformes telles que <strong>TikTok<\/strong> et <strong>Instagram<\/strong>, conduit \u00e0 une glorification du \u201cmal-\u00eatre\u201d : en 2023, le hashtag \u201cselfharm\u201d a franchi les <u>8 millions de publications mondiales<\/u>. Les mouvements <strong>body-positive<\/strong> interrogent eux aussi la fronti\u00e8re entre acceptation et auto-agression.<\/li>\n<\/ul>\n<p>Les comparaisons internationales \u00e9tayent la compr\u00e9hension : <strong>Canada : 17% de la jeunesse d\u00e9clare des conduites autodestructrices<\/strong>; <strong>Japon : hausse de 30% depuis 2020 dans les \u00e9coles secondaires<\/strong>; <strong>Suisse : consultations sp\u00e9cialis\u00e9es multipli\u00e9es par trois en cinq ans<\/strong>.\n<\/p>\n<h2>Optimisation et Meilleures Pratiques<\/h2>\n<p>\nAu c\u0153ur de la pr\u00e9vention, nous identifions de multiples strat\u00e9gies concr\u00e8tes appliqu\u00e9es en France, en Europe, et \u00e0 l\u2019international, gr\u00e2ce aux retours d\u2019experts du <strong>CHU de Montpellier<\/strong> et de cabinets priv\u00e9s en psychoth\u00e9rapie.<\/p>\n<ul>\n<li><strong>Identification et pr\u00e9vention<\/strong> : Les protocoles \u00e9labor\u00e9s par la <strong>F\u00e9d\u00e9ration Fran\u00e7aise de psychiatrie<\/strong> recommandent une attention particuli\u00e8re aux signaux faibles : retrait social, modification brusque des habitudes, traces inexpliqu\u00e9es sur la peau. La famille demeure un acteur cl\u00e9, appuy\u00e9 depuis <u>2022<\/u> par des campagnes d\u2019alerte du <strong>Minist\u00e8re de la Sant\u00e9<\/strong>.<\/li>\n<li><strong>Outils d\u2019accompagnement<\/strong> : Les techniques les plus efficaces sont la <u>th\u00e9rapie cognitivo-comportementale (TCC)<\/u>, la psychoth\u00e9rapie de soutien, et l\u2019accompagnement pluridisciplinaire (psychiatre, psychologue, \u00e9ducateur sp\u00e9cialis\u00e9). Depuis <u>octobre 2023<\/u>, l\u2019association <strong>SOS Suicide<\/strong> propose des consultations t\u00e9l\u00e9phoniques gratuites, dont plus de <u>15000 entretiens annuels recens\u00e9s<\/u>.<\/li>\n<li><strong>Erreur \u00e0 \u00e9viter<\/strong> : Banalisation du geste (mise en sc\u00e8ne sur <strong>Reddit<\/strong> ou <strong>Discord<\/strong>), promesse de solutions magiques et stigmatisation du sujet dans certains m\u00e9dias. Selon les retours du <strong>CNRS<\/strong>, <u>53% des familles ignorent la gravit\u00e9 de l\u2019automutilation chez l\u2019adolescent<\/u>.<\/li>\n<li><strong>Pistes d\u2019optimisation<\/strong> : R\u00e9silience par la verbalisation, encouragement \u00e0 l\u2019expression artistique ou sportive (\u00e9tude-pilote men\u00e9e \u00e0 <strong>Montpellier<\/strong> : <u>29% des jeunes engag\u00e9s en atelier cr\u00e9atif voient leurs sympt\u00f4mes r\u00e9gresser en six mois<\/u>). T\u00e9moignages recueillis lors du <strong>Congr\u00e8s Europ\u00e9en de Psychiatrie 2024<\/strong> confirment l\u2019efficacit\u00e9 d\u2019un accompagnement individualis\u00e9.<\/li>\n<\/ul>\n<p>Les <strong>psychologues sp\u00e9cialis\u00e9s<\/strong> tels qu\u2019<strong>Isabelle Filliozat, auteure et th\u00e9rapeute<\/strong>, recommandent l\u2019\u00e9coute active et l\u2019absence de jugement. Les associations de soutien (<strong>Fondation Fondamental<\/strong>, <strong>NightLine<\/strong> pour les \u00e9tudiants) valorisent les ressources accessibles et adapt\u00e9es aux besoins r\u00e9els.\n<\/p>\n<h2>Conclusion et Perspectives<\/h2>\n<p>\nSynth\u00e9tiser le panorama de ce ph\u00e9nom\u00e8ne, c\u2019est reconna\u00eetre la complexit\u00e9, la diversit\u00e9 et le caract\u00e8re \u00e9volutif d\u2019<strong>aimer se faire du mal<\/strong>. Les avanc\u00e9es r\u00e9centes permettent une meilleure appr\u00e9hension, mais invitent \u00e0 la vigilance et \u00e0 l\u2019adaptation.<\/p>\n<ul>\n<li><strong>Bilan global<\/strong> : Nous avons identifi\u00e9 les <u>d\u00e9finitions cl\u00e9s<\/u>, soulign\u00e9 l\u2019impact des <strong>m\u00e9canismes \u00e9motionnels<\/strong> et renseign\u00e9 les <strong>outils th\u00e9rapeutiques valid\u00e9s<\/strong>. Le ph\u00e9nom\u00e8ne se d\u00e9cline selon des contextes vari\u00e9s, port\u00e9s par des entit\u00e9s nomm\u00e9es en interaction (h\u00f4pitaux, associations familiales, r\u00e9seaux sociaux).<\/li>\n<li><strong>Recommandations concr\u00e8tes<\/strong> : Pratiquons la bienveillance, favorisons l\u2019ouverture au dialogue, encourageons la formation des accompagnants et la diffusion des ressources. Nous invitons \u00e0 consulter les professionnels et \u00e0 ne jamais ignorer les signaux d\u2019alerte.<\/li>\n<li><strong>Perspectives d\u2019avenir<\/strong> : Les recherches r\u00e9centes ouvrent la voie \u00e0 des innovations en sant\u00e9 mentale (d\u00e9tection par IA, parcours num\u00e9rique de soins), \u00e0 une modification du regard soci\u00e9tal et \u00e0 une am\u00e9lioration du soutien communautaire. \u00c9v\u00e9nements comme le <strong>Sommet mondial sur la sant\u00e9 mentale, Paris 2024<\/strong> et les initiatives intersectorielles soutiennent cette transformation positive.<\/li>\n<\/ul>\n<p>Le ph\u00e9nom\u00e8ne d\u2019<strong>aimer se faire du mal<\/strong> reste un d\u00e9fi pour les individus et les soci\u00e9t\u00e9s. Explorons, outillons, dialoguons, dans cet esprit d\u2019optimisation continue, guid\u00e9 par une information pr\u00e9cise et actualis\u00e9e.<\/p>\n","protected":false},"excerpt":{"rendered":"","protected":false},"author":34,"featured_media":8190,"comment_status":"open","ping_status":"open","sticky":false,"template":"","format":"standard","meta":{"_acf_changed":false,"manual_indexmenow":false,"indexmenow_id_project":0,"footnotes":""},"categories":[4524],"tags":[5182,5181,5180],"class_list":["post-8188","post","type-post","status-publish","format-standard","has-post-thumbnail","hentry","category-bien-etre-et-developpement-personnel","tag-auto-sabotage","tag-comportement-autodestructeur","tag-souffrance-psychologique","generate-columns","tablet-grid-50","mobile-grid-100","grid-parent","grid-25"],"acf":[],"yoast_head":"<!-- This site is optimized with the Yoast SEO Premium plugin v21.3 (Yoast SEO v25.6) - https:\/\/yoast.com\/wordpress\/plugins\/seo\/ -->\n<title>Aimer se faire du mal<\/title>\n<meta name=\"description\" content=\"S\u2019immerger dans la notion d\u2019aimer se faire du mal suppose d\u2019explorer la souffrance recherch\u00e9e, sous toutes ses d\u00e9clinaisons.\" \/>\n<meta name=\"robots\" content=\"index, follow, max-snippet:-1, max-image-preview:large, max-video-preview:-1\" \/>\n<link rel=\"canonical\" href=\"https:\/\/lasocietenouvelle.net\/blog\/bien-etre-et-developpement-personnel\/aimer-se-faire-du-mal-comprendre-la-souffrance-auto-destructive\/\" \/>\n<meta property=\"og:locale\" content=\"fr_FR\" \/>\n<meta property=\"og:type\" content=\"article\" \/>\n<meta property=\"og:title\" content=\"Aimer se faire du mal\" \/>\n<meta property=\"og:description\" content=\"S\u2019immerger dans la notion d\u2019aimer se faire du mal suppose d\u2019explorer la souffrance recherch\u00e9e, sous toutes ses d\u00e9clinaisons.\" \/>\n<meta property=\"og:url\" content=\"https:\/\/lasocietenouvelle.net\/blog\/bien-etre-et-developpement-personnel\/aimer-se-faire-du-mal-comprendre-la-souffrance-auto-destructive\/\" \/>\n<meta property=\"og:site_name\" content=\"lasocietenouvelle\" \/>\n<meta property=\"og:image\" content=\"https:\/\/lasocietenouvelle.net\/blog\/wp-content\/uploads\/2025\/08\/pag-image-689c78d093dee-scaled.png\" \/>\n\t<meta property=\"og:image:width\" content=\"1200\" \/>\n\t<meta property=\"og:image:height\" content=\"686\" \/>\n\t<meta property=\"og:image:type\" content=\"image\/png\" \/>\n<meta name=\"author\" content=\"Claire Desprats\" \/>\n<meta name=\"twitter:card\" content=\"summary_large_image\" \/>\n<script type=\"application\/ld+json\" class=\"yoast-schema-graph\">{\"@context\":\"https:\/\/schema.org\",\"@graph\":[{\"@type\":\"NewsArticle\",\"@id\":\"https:\/\/lasocietenouvelle.net\/blog\/bien-etre-et-developpement-personnel\/aimer-se-faire-du-mal-comprendre-la-souffrance-auto-destructive\/#article\",\"isPartOf\":{\"@id\":\"https:\/\/lasocietenouvelle.net\/blog\/bien-etre-et-developpement-personnel\/aimer-se-faire-du-mal-comprendre-la-souffrance-auto-destructive\/\"},\"author\":{\"name\":\"Claire Desprats\",\"@id\":\"https:\/\/lasocietenouvelle.net\/blog\/#\/schema\/person\/3c864cdc320801e3db34b663e7e3f816\"},\"headline\":\"Aimer se faire du mal : comprendre la souffrance auto-destructive\",\"datePublished\":\"2025-09-15T07:59:00+00:00\",\"mainEntityOfPage\":{\"@id\":\"https:\/\/lasocietenouvelle.net\/blog\/bien-etre-et-developpement-personnel\/aimer-se-faire-du-mal-comprendre-la-souffrance-auto-destructive\/\"},\"wordCount\":1308,\"commentCount\":0,\"publisher\":{\"@id\":\"https:\/\/lasocietenouvelle.net\/blog\/#organization\"},\"image\":{\"@id\":\"https:\/\/lasocietenouvelle.net\/blog\/bien-etre-et-developpement-personnel\/aimer-se-faire-du-mal-comprendre-la-souffrance-auto-destructive\/#primaryimage\"},\"thumbnailUrl\":\"https:\/\/lasocietenouvelle.net\/blog\/wp-content\/uploads\/2025\/08\/pag-image-689c78d093dee-scaled.png\",\"keywords\":[\"auto sabotage\",\"comportement autodestructeur\",\"souffrance psychologique\"],\"articleSection\":[\"Bien-\u00eatre et D\u00e9veloppement Personnel\"],\"inLanguage\":\"fr-FR\",\"potentialAction\":[{\"@type\":\"CommentAction\",\"name\":\"Comment\",\"target\":[\"https:\/\/lasocietenouvelle.net\/blog\/bien-etre-et-developpement-personnel\/aimer-se-faire-du-mal-comprendre-la-souffrance-auto-destructive\/#respond\"]}]},{\"@type\":\"WebPage\",\"@id\":\"https:\/\/lasocietenouvelle.net\/blog\/bien-etre-et-developpement-personnel\/aimer-se-faire-du-mal-comprendre-la-souffrance-auto-destructive\/\",\"url\":\"https:\/\/lasocietenouvelle.net\/blog\/bien-etre-et-developpement-personnel\/aimer-se-faire-du-mal-comprendre-la-souffrance-auto-destructive\/\",\"name\":\"Aimer se faire du mal\",\"isPartOf\":{\"@id\":\"https:\/\/lasocietenouvelle.net\/blog\/#website\"},\"primaryImageOfPage\":{\"@id\":\"https:\/\/lasocietenouvelle.net\/blog\/bien-etre-et-developpement-personnel\/aimer-se-faire-du-mal-comprendre-la-souffrance-auto-destructive\/#primaryimage\"},\"image\":{\"@id\":\"https:\/\/lasocietenouvelle.net\/blog\/bien-etre-et-developpement-personnel\/aimer-se-faire-du-mal-comprendre-la-souffrance-auto-destructive\/#primaryimage\"},\"thumbnailUrl\":\"https:\/\/lasocietenouvelle.net\/blog\/wp-content\/uploads\/2025\/08\/pag-image-689c78d093dee-scaled.png\",\"datePublished\":\"2025-09-15T07:59:00+00:00\",\"description\":\"S\u2019immerger dans la notion d\u2019aimer se faire du mal suppose d\u2019explorer la souffrance recherch\u00e9e, sous toutes ses d\u00e9clinaisons.\",\"inLanguage\":\"fr-FR\",\"potentialAction\":[{\"@type\":\"ReadAction\",\"target\":[\"https:\/\/lasocietenouvelle.net\/blog\/bien-etre-et-developpement-personnel\/aimer-se-faire-du-mal-comprendre-la-souffrance-auto-destructive\/\"]}]},{\"@type\":\"ImageObject\",\"inLanguage\":\"fr-FR\",\"@id\":\"https:\/\/lasocietenouvelle.net\/blog\/bien-etre-et-developpement-personnel\/aimer-se-faire-du-mal-comprendre-la-souffrance-auto-destructive\/#primaryimage\",\"url\":\"https:\/\/lasocietenouvelle.net\/blog\/wp-content\/uploads\/2025\/08\/pag-image-689c78d093dee-scaled.png\",\"contentUrl\":\"https:\/\/lasocietenouvelle.net\/blog\/wp-content\/uploads\/2025\/08\/pag-image-689c78d093dee-scaled.png\",\"width\":1200,\"height\":686,\"caption\":\"Image g\u00e9n\u00e9r\u00e9e par IA optimis\u00e9e pour Google Discover\"},{\"@type\":\"WebSite\",\"@id\":\"https:\/\/lasocietenouvelle.net\/blog\/#website\",\"url\":\"https:\/\/lasocietenouvelle.net\/blog\/\",\"name\":\"lasocietenouvelle.net\",\"description\":\"Ensemble pour une soci\u00e9t\u00e9 nouvelle.\",\"publisher\":{\"@id\":\"https:\/\/lasocietenouvelle.net\/blog\/#organization\"},\"alternateName\":\"Ensemble pour une soci\u00e9t\u00e9 nouvelle.\",\"potentialAction\":[{\"@type\":\"SearchAction\",\"target\":{\"@type\":\"EntryPoint\",\"urlTemplate\":\"https:\/\/lasocietenouvelle.net\/blog\/?s={search_term_string}\"},\"query-input\":{\"@type\":\"PropertyValueSpecification\",\"valueRequired\":true,\"valueName\":\"search_term_string\"}}],\"inLanguage\":\"fr-FR\"},{\"@type\":\"Organization\",\"@id\":\"https:\/\/lasocietenouvelle.net\/blog\/#organization\",\"name\":\"Foretsensations.fr\",\"url\":\"https:\/\/lasocietenouvelle.net\/blog\/\",\"logo\":{\"@type\":\"ImageObject\",\"inLanguage\":\"fr-FR\",\"@id\":\"https:\/\/lasocietenouvelle.net\/blog\/#\/schema\/logo\/image\/\",\"url\":\"https:\/\/lasocietenouvelle.net\/blog\/wp-content\/uploads\/2024\/12\/LaSocieteNouvelle.png\",\"contentUrl\":\"https:\/\/lasocietenouvelle.net\/blog\/wp-content\/uploads\/2024\/12\/LaSocieteNouvelle.png\",\"width\":500,\"height\":500,\"caption\":\"Foretsensations.fr\"},\"image\":{\"@id\":\"https:\/\/lasocietenouvelle.net\/blog\/#\/schema\/logo\/image\/\"}},{\"@type\":\"Person\",\"@id\":\"https:\/\/lasocietenouvelle.net\/blog\/#\/schema\/person\/3c864cdc320801e3db34b663e7e3f816\",\"name\":\"Claire Desprats\",\"image\":{\"@type\":\"ImageObject\",\"inLanguage\":\"fr-FR\",\"@id\":\"https:\/\/lasocietenouvelle.net\/blog\/#\/schema\/person\/image\/\",\"url\":\"https:\/\/lasocietenouvelle.net\/blog\/wp-content\/uploads\/2026\/06\/claire-d-lsn-2026-96x96.jpg\",\"contentUrl\":\"https:\/\/lasocietenouvelle.net\/blog\/wp-content\/uploads\/2026\/06\/claire-d-lsn-2026-96x96.jpg\",\"caption\":\"Claire Desprats\"},\"description\":\"Je d\u00e9crypte depuis une dizaine d'ann\u00e9es tout ce qui touche \u00e0 la sant\u00e9 et \u00e0 la protection sociale : compl\u00e9mentaire sant\u00e9 et mutuelle, pr\u00e9voyance et assurance, mais aussi soins du quotidien, pr\u00e9vention, parcours de soins, professions m\u00e9dicales et param\u00e9dicales, et bien-\u00eatre. J'aime rendre limpide un sujet r\u00e9put\u00e9 aride \u2014 un mot de contrat, un remboursement, un sympt\u00f4me, une d\u00e9marche administrative \u2014 avec des explications concr\u00e8tes, des fourchettes de co\u00fbts r\u00e9alistes et des crit\u00e8res v\u00e9rifiables. Avant de publier, je recoupe mes sources (textes officiels, organismes, notices), je distingue l'information g\u00e9n\u00e9rale du conseil personnalis\u00e9, et je rappelle syst\u00e9matiquement que mes articles ne remplacent ni un avis m\u00e9dical ni l'\u00e9tude d'un contrat par un professionnel. Mon objectif : aider chacun \u00e0 faire des choix \u00e9clair\u00e9s pour sa sant\u00e9 et sa couverture, en toute ind\u00e9pendance.\",\"sameAs\":[\"https:\/\/clairedesprats.fr\/\"],\"url\":\"https:\/\/lasocietenouvelle.net\/blog\/auteur\/noname\/\"}]}<\/script>\n<!-- \/ Yoast SEO Premium plugin. -->","yoast_head_json":{"title":"Aimer se faire du mal","description":"S\u2019immerger dans la notion d\u2019aimer se faire du mal suppose d\u2019explorer la souffrance recherch\u00e9e, sous toutes ses d\u00e9clinaisons.","robots":{"index":"index","follow":"follow","max-snippet":"max-snippet:-1","max-image-preview":"max-image-preview:large","max-video-preview":"max-video-preview:-1"},"canonical":"https:\/\/lasocietenouvelle.net\/blog\/bien-etre-et-developpement-personnel\/aimer-se-faire-du-mal-comprendre-la-souffrance-auto-destructive\/","og_locale":"fr_FR","og_type":"article","og_title":"Aimer se faire du mal","og_description":"S\u2019immerger dans la notion d\u2019aimer se faire du mal suppose d\u2019explorer la souffrance recherch\u00e9e, sous toutes ses d\u00e9clinaisons.","og_url":"https:\/\/lasocietenouvelle.net\/blog\/bien-etre-et-developpement-personnel\/aimer-se-faire-du-mal-comprendre-la-souffrance-auto-destructive\/","og_site_name":"lasocietenouvelle","og_image":[{"width":1200,"height":686,"url":"https:\/\/lasocietenouvelle.net\/blog\/wp-content\/uploads\/2025\/08\/pag-image-689c78d093dee-scaled.png","type":"image\/png"}],"author":"Claire Desprats","twitter_card":"summary_large_image","schema":{"@context":"https:\/\/schema.org","@graph":[{"@type":"NewsArticle","@id":"https:\/\/lasocietenouvelle.net\/blog\/bien-etre-et-developpement-personnel\/aimer-se-faire-du-mal-comprendre-la-souffrance-auto-destructive\/#article","isPartOf":{"@id":"https:\/\/lasocietenouvelle.net\/blog\/bien-etre-et-developpement-personnel\/aimer-se-faire-du-mal-comprendre-la-souffrance-auto-destructive\/"},"author":{"name":"Claire Desprats","@id":"https:\/\/lasocietenouvelle.net\/blog\/#\/schema\/person\/3c864cdc320801e3db34b663e7e3f816"},"headline":"Aimer se faire du mal : comprendre la souffrance auto-destructive","datePublished":"2025-09-15T07:59:00+00:00","mainEntityOfPage":{"@id":"https:\/\/lasocietenouvelle.net\/blog\/bien-etre-et-developpement-personnel\/aimer-se-faire-du-mal-comprendre-la-souffrance-auto-destructive\/"},"wordCount":1308,"commentCount":0,"publisher":{"@id":"https:\/\/lasocietenouvelle.net\/blog\/#organization"},"image":{"@id":"https:\/\/lasocietenouvelle.net\/blog\/bien-etre-et-developpement-personnel\/aimer-se-faire-du-mal-comprendre-la-souffrance-auto-destructive\/#primaryimage"},"thumbnailUrl":"https:\/\/lasocietenouvelle.net\/blog\/wp-content\/uploads\/2025\/08\/pag-image-689c78d093dee-scaled.png","keywords":["auto sabotage","comportement autodestructeur","souffrance psychologique"],"articleSection":["Bien-\u00eatre et D\u00e9veloppement Personnel"],"inLanguage":"fr-FR","potentialAction":[{"@type":"CommentAction","name":"Comment","target":["https:\/\/lasocietenouvelle.net\/blog\/bien-etre-et-developpement-personnel\/aimer-se-faire-du-mal-comprendre-la-souffrance-auto-destructive\/#respond"]}]},{"@type":"WebPage","@id":"https:\/\/lasocietenouvelle.net\/blog\/bien-etre-et-developpement-personnel\/aimer-se-faire-du-mal-comprendre-la-souffrance-auto-destructive\/","url":"https:\/\/lasocietenouvelle.net\/blog\/bien-etre-et-developpement-personnel\/aimer-se-faire-du-mal-comprendre-la-souffrance-auto-destructive\/","name":"Aimer se faire du mal","isPartOf":{"@id":"https:\/\/lasocietenouvelle.net\/blog\/#website"},"primaryImageOfPage":{"@id":"https:\/\/lasocietenouvelle.net\/blog\/bien-etre-et-developpement-personnel\/aimer-se-faire-du-mal-comprendre-la-souffrance-auto-destructive\/#primaryimage"},"image":{"@id":"https:\/\/lasocietenouvelle.net\/blog\/bien-etre-et-developpement-personnel\/aimer-se-faire-du-mal-comprendre-la-souffrance-auto-destructive\/#primaryimage"},"thumbnailUrl":"https:\/\/lasocietenouvelle.net\/blog\/wp-content\/uploads\/2025\/08\/pag-image-689c78d093dee-scaled.png","datePublished":"2025-09-15T07:59:00+00:00","description":"S\u2019immerger dans la notion d\u2019aimer se faire du mal suppose d\u2019explorer la souffrance recherch\u00e9e, sous toutes ses d\u00e9clinaisons.","inLanguage":"fr-FR","potentialAction":[{"@type":"ReadAction","target":["https:\/\/lasocietenouvelle.net\/blog\/bien-etre-et-developpement-personnel\/aimer-se-faire-du-mal-comprendre-la-souffrance-auto-destructive\/"]}]},{"@type":"ImageObject","inLanguage":"fr-FR","@id":"https:\/\/lasocietenouvelle.net\/blog\/bien-etre-et-developpement-personnel\/aimer-se-faire-du-mal-comprendre-la-souffrance-auto-destructive\/#primaryimage","url":"https:\/\/lasocietenouvelle.net\/blog\/wp-content\/uploads\/2025\/08\/pag-image-689c78d093dee-scaled.png","contentUrl":"https:\/\/lasocietenouvelle.net\/blog\/wp-content\/uploads\/2025\/08\/pag-image-689c78d093dee-scaled.png","width":1200,"height":686,"caption":"Image g\u00e9n\u00e9r\u00e9e par IA optimis\u00e9e pour Google Discover"},{"@type":"WebSite","@id":"https:\/\/lasocietenouvelle.net\/blog\/#website","url":"https:\/\/lasocietenouvelle.net\/blog\/","name":"lasocietenouvelle.net","description":"Ensemble pour une soci\u00e9t\u00e9 nouvelle.","publisher":{"@id":"https:\/\/lasocietenouvelle.net\/blog\/#organization"},"alternateName":"Ensemble pour une soci\u00e9t\u00e9 nouvelle.","potentialAction":[{"@type":"SearchAction","target":{"@type":"EntryPoint","urlTemplate":"https:\/\/lasocietenouvelle.net\/blog\/?s={search_term_string}"},"query-input":{"@type":"PropertyValueSpecification","valueRequired":true,"valueName":"search_term_string"}}],"inLanguage":"fr-FR"},{"@type":"Organization","@id":"https:\/\/lasocietenouvelle.net\/blog\/#organization","name":"Foretsensations.fr","url":"https:\/\/lasocietenouvelle.net\/blog\/","logo":{"@type":"ImageObject","inLanguage":"fr-FR","@id":"https:\/\/lasocietenouvelle.net\/blog\/#\/schema\/logo\/image\/","url":"https:\/\/lasocietenouvelle.net\/blog\/wp-content\/uploads\/2024\/12\/LaSocieteNouvelle.png","contentUrl":"https:\/\/lasocietenouvelle.net\/blog\/wp-content\/uploads\/2024\/12\/LaSocieteNouvelle.png","width":500,"height":500,"caption":"Foretsensations.fr"},"image":{"@id":"https:\/\/lasocietenouvelle.net\/blog\/#\/schema\/logo\/image\/"}},{"@type":"Person","@id":"https:\/\/lasocietenouvelle.net\/blog\/#\/schema\/person\/3c864cdc320801e3db34b663e7e3f816","name":"Claire Desprats","image":{"@type":"ImageObject","inLanguage":"fr-FR","@id":"https:\/\/lasocietenouvelle.net\/blog\/#\/schema\/person\/image\/","url":"https:\/\/lasocietenouvelle.net\/blog\/wp-content\/uploads\/2026\/06\/claire-d-lsn-2026-96x96.jpg","contentUrl":"https:\/\/lasocietenouvelle.net\/blog\/wp-content\/uploads\/2026\/06\/claire-d-lsn-2026-96x96.jpg","caption":"Claire Desprats"},"description":"Je d\u00e9crypte depuis une dizaine d'ann\u00e9es tout ce qui touche \u00e0 la sant\u00e9 et \u00e0 la protection sociale : compl\u00e9mentaire sant\u00e9 et mutuelle, pr\u00e9voyance et assurance, mais aussi soins du quotidien, pr\u00e9vention, parcours de soins, professions m\u00e9dicales et param\u00e9dicales, et bien-\u00eatre. J'aime rendre limpide un sujet r\u00e9put\u00e9 aride \u2014 un mot de contrat, un remboursement, un sympt\u00f4me, une d\u00e9marche administrative \u2014 avec des explications concr\u00e8tes, des fourchettes de co\u00fbts r\u00e9alistes et des crit\u00e8res v\u00e9rifiables. Avant de publier, je recoupe mes sources (textes officiels, organismes, notices), je distingue l'information g\u00e9n\u00e9rale du conseil personnalis\u00e9, et je rappelle syst\u00e9matiquement que mes articles ne remplacent ni un avis m\u00e9dical ni l'\u00e9tude d'un contrat par un professionnel. Mon objectif : aider chacun \u00e0 faire des choix \u00e9clair\u00e9s pour sa sant\u00e9 et sa couverture, en toute ind\u00e9pendance.","sameAs":["https:\/\/clairedesprats.fr\/"],"url":"https:\/\/lasocietenouvelle.net\/blog\/auteur\/noname\/"}]}},"_links":{"self":[{"href":"https:\/\/lasocietenouvelle.net\/blog\/wp-json\/wp\/v2\/posts\/8188","targetHints":{"allow":["GET"]}}],"collection":[{"href":"https:\/\/lasocietenouvelle.net\/blog\/wp-json\/wp\/v2\/posts"}],"about":[{"href":"https:\/\/lasocietenouvelle.net\/blog\/wp-json\/wp\/v2\/types\/post"}],"author":[{"embeddable":true,"href":"https:\/\/lasocietenouvelle.net\/blog\/wp-json\/wp\/v2\/users\/34"}],"replies":[{"embeddable":true,"href":"https:\/\/lasocietenouvelle.net\/blog\/wp-json\/wp\/v2\/comments?post=8188"}],"version-history":[{"count":1,"href":"https:\/\/lasocietenouvelle.net\/blog\/wp-json\/wp\/v2\/posts\/8188\/revisions"}],"predecessor-version":[{"id":8203,"href":"https:\/\/lasocietenouvelle.net\/blog\/wp-json\/wp\/v2\/posts\/8188\/revisions\/8203"}],"wp:featuredmedia":[{"embeddable":true,"href":"https:\/\/lasocietenouvelle.net\/blog\/wp-json\/wp\/v2\/media\/8190"}],"wp:attachment":[{"href":"https:\/\/lasocietenouvelle.net\/blog\/wp-json\/wp\/v2\/media?parent=8188"}],"wp:term":[{"taxonomy":"category","embeddable":true,"href":"https:\/\/lasocietenouvelle.net\/blog\/wp-json\/wp\/v2\/categories?post=8188"},{"taxonomy":"post_tag","embeddable":true,"href":"https:\/\/lasocietenouvelle.net\/blog\/wp-json\/wp\/v2\/tags?post=8188"}],"curies":[{"name":"wp","href":"https:\/\/api.w.org\/{rel}","templated":true}]}}