{"id":8182,"date":"2025-09-08T09:28:00","date_gmt":"2025-09-08T07:28:00","guid":{"rendered":"https:\/\/lasocietenouvelle.net\/blog\/?p=8182"},"modified":"2025-09-08T09:28:00","modified_gmt":"2025-09-08T07:28:00","slug":"pourquoi-ne-plus-reussir-a-aimer-un-homme-comprendre-les-causes-profondes","status":"publish","type":"post","link":"https:\/\/lasocietenouvelle.net\/blog\/bien-etre-et-developpement-personnel\/pourquoi-ne-plus-reussir-a-aimer-un-homme-comprendre-les-causes-profondes\/","title":{"rendered":"Pourquoi ne plus r\u00e9ussir \u00e0 aimer un homme : comprendre les causes profondes"},"content":{"rendered":"<h1>je n&rsquo;arrive plus \u00e0 aimer un homme : Guide Complet et Analyse Approfondie<\/h1>\n<h2>Comprendre \u00ab\u00a0je n&rsquo;arrive plus \u00e0 aimer un homme\u00a0\u00bb : D\u00e9finition et Concepts Cl\u00e9s<\/h2>\n<p>\n      La notion de ne plus r\u00e9ussir \u00e0 <strong>aimer un homme<\/strong> s\u2019inscrit dans un champ vaste o\u00f9 se croisent <strong>psychologie affective<\/strong>, impact des traumas, <strong>deuil amoureux<\/strong> et d\u00e9veloppement personnel.\n    <\/p>\n<p>\n      Nous devons d&rsquo;abord <u>d\u00e9finir pr\u00e9cis\u00e9ment ce v\u00e9cu<\/u>, qui corresponde, la plupart du temps, \u00e0 un <strong>blocage affectif<\/strong> persistant. Ce blocage fait fr\u00e9quemment suite \u00e0 :<\/p>\n<ul>\n<li>Une <strong>rupture particuli\u00e8rement \u00e9prouvante<\/strong>, comme le d\u00e9crivent de nombreux patients en consultation aupr\u00e8s de <strong>psychoth\u00e9rapeutes sp\u00e9cialis\u00e9s en relations amoureuses<\/strong> \u00e0 <strong>Paris<\/strong> et <strong>Lyon<\/strong>.<\/li>\n<li>Un <strong>traumatisme \u00e9motionnel<\/strong> : des \u00e9tudes dirig\u00e9es par la <strong>professeure H\u00e9l\u00e8ne Romano<\/strong> mettent en lumi\u00e8re l&rsquo;impact de la <strong>trahison conjugale<\/strong> ou des <strong>relations toxiques<\/strong> sur la capacit\u00e9 \u00e0 se relier sinc\u00e8rement \u00e0 un nouvel homme.<\/li>\n<li>La <strong>r\u00e9p\u00e9tition d\u2019\u00e9checs sentimentaux<\/strong> : selon une enqu\u00eate conduite par le <strong>Cabinet de psychologie Apik<\/strong> en 2023, <u>pr\u00e8s de 38% des femmes de 35 \u00e0 50 ans \u00e9voquent un sentiment d\u2019usure face \u00e0 la perspective d\u2019un nouvel engagement amoureux<\/u>.<\/li>\n<\/ul>\n<p>\n      On distingue g\u00e9n\u00e9ralement deux cas?: l\u2019<u>incapacit\u00e9 \u00e0 aimer une personne en particulier<\/u> (li\u00e9 \u00e0 une accumulation de griefs, de comparaisons ou de conflits propres \u00e0 la dynamique du couple)?; et l\u2019<u>incapacit\u00e9 globale ou g\u00e9n\u00e9ralis\u00e9e \u00e0 ressentir de l\u2019attirance amoureuse<\/u>, qui traduit souvent un <strong>refus inconscient d\u2019abandonner son syst\u00e8me de protection<\/strong>.<br \/>\n      Les notions cl\u00e9s \u00e0 retenir sont :<\/p>\n<ul>\n<li><u>Le deuil de la relation<\/u> : d\u00e9fini par John Bowlby, psychiatre britannique auteur de la <strong>th\u00e9orie de l\u2019attachement<\/strong>, comme l\u2019ensemble du processus de perte, de douleur, et de reconstruction de l\u2019image de soi apr\u00e8s la fin d\u2019un amour.<\/li>\n<li><strong>M\u00e9canismes de d\u00e9fense \u00e9motionnels<\/strong> : selon les travaux de <strong>Sigmund Freud<\/strong> et d\u2019<strong>Anna Freud<\/strong>, ces m\u00e9canismes incluent la <strong>rationalisation<\/strong>, la <strong>fuite dans le travail<\/strong> ou la <strong>sublimation<\/strong>, utilis\u00e9s pour \u00e9viter la souffrance r\u00e9p\u00e9t\u00e9e.<\/li>\n<li>La <u>fronti\u00e8re t\u00e9nue entre amour, attachement, d\u00e9pendance affective et estime de soi<\/u> : nombre de chercheurs, dont la <strong>psychologue clinicienne Mary Ainsworth<\/strong>, montrent que des sch\u00e9mas d\u2019abandon, v\u00e9cus durant l\u2019enfance, se r\u00e9activent souvent \u00e0 l\u2019\u00e2ge adulte et complexifient le rapport \u00e0 l\u2019amour.<\/li>\n<\/ul>\n<h2>Les Fondamentaux de \u00ab\u00a0je n&rsquo;arrive plus \u00e0 aimer un homme\u00a0\u00bb<\/h2>\n<p>\n      L\u2019exploration des causes permet d\u2019identifier des <u>facteurs multiples, souvent intriqu\u00e9s<\/u> :<\/p>\n<ul>\n<li>Des <strong>blessures psychologiques anciennes<\/strong> : d\u2019apr\u00e8s l\u2019ouvrage  Les amours toxiques ? du <strong>Dr. Saverio Tomasella<\/strong> (2022), un <u>ant\u00e9c\u00e9dent d\u2019abandon parental ou de maltraitance<\/u> augmente la probabilit\u00e9 de se replier affectivement.<\/li>\n<li>La <strong>peur de la souffrance<\/strong> et la <strong>phobie de l\u2019engagement<\/strong>?: dans l\u2019\u00e9tude 2024 du <strong>Conseil National de la Psychologie Clinique<\/strong> (France), <u>57% des personnes d\u00e9clarant ne plus pouvoir aimer un homme citent la crainte d\u2019\u00eatre rejet\u00e9 comme frein principal<\/u>.<\/li>\n<li>Des facteurs relationnels contextuels?: trahison, manque de respect ou d\u2019effort, selon les rapports 2024 de <strong>Psychologies Magazine<\/strong> et du <strong>CNGOF<\/strong> (<u>Coll\u00e8ge National des Gyn\u00e9cologues et Obst\u00e9triciens Fran\u00e7ais<\/u>), <strong>19% des femmes interrog\u00e9es apr\u00e8s une s\u00e9paration \u00e9voquent un sentiment de vide \u00e9motionnel persistant<\/strong>.<\/li>\n<\/ul>\n<p>\n      Dans ces situations, le v\u00e9cu se pr\u00e9sente sous diff\u00e9rentes formes :<\/p>\n<ul>\n<li>\n          <strong>Sentiment de vide<\/strong> profond, difficile \u00e0 combler m\u00eame par des activit\u00e9s sociales, rapport\u00e9 massivement dans les enqu\u00eates post-rupture de <strong>l\u2019IFOP<\/strong> en 2023.\n        <\/li>\n<li>\n          <strong>Absence de d\u00e9sir<\/strong> ou de <strong>projection amoureuse<\/strong>, m\u00eal\u00e9e \u00e0 une comparaison constante avec l\u2019ex, comme l\u2019a document\u00e9 la <strong>sexoth\u00e9rapeute Sylvie Tenenbaum<\/strong> dans son ouvrage  L\u2019amour dans tous ses \u00e9tats ? (2021).\n        <\/li>\n<li>\n          <strong>Confusion entre l\u2019amour passionnel (moteur biologique, dopaminergique)<\/strong> et l\u2019<strong>amour apais\u00e9<\/strong> (attachement, s\u00e9curit\u00e9), o\u00f9, dans de nombreux cas, la personne croit ne plus aimer  faute de papillons dans le ventre ?, alors m\u00eame que subsistent tendresse et complicit\u00e9.\n        <\/li>\n<li>\n          <strong>\u00c9checs r\u00e9p\u00e9t\u00e9s du deuil amoureux<\/strong> : la non-acceptation de la rupture, la nostalgie et l\u2019id\u00e9alisation de l\u2019ancienne relation constituent le noyau dur de la souffrance chez de nombreux individus.\n        <\/li>\n<\/ul>\n<h2>Applications Pratiques et Cas d&rsquo;Usage<\/h2>\n<p>\n      Les situations concr\u00e8tes illustrent la diversit\u00e9 des parcours et la n\u00e9cessit\u00e9 d\u2019un accompagnement adapt\u00e9. <\/p>\n<ul>\n<li>\n          <strong>Catherine Dubois<\/strong>, 41 ans, directrice marketing \u00e0 <strong>Lille<\/strong>, rapportait lors d\u2019un s\u00e9minaire 2023 de la <strong>Soci\u00e9t\u00e9 Fran\u00e7aise de Psychologie<\/strong> :  Apr\u00e8s une rupture brutale en 2019, il m\u2019a fallu pr\u00e8s de trois ans pour oser imaginer une nouvelle histoire. Le blocage \u00e9tait total, le simple fait de recevoir un compliment d\u2019un inconnu me d\u00e9stabilisait, jusqu\u2019\u00e0 devenir un \u00e9vitement syst\u00e9matique. ?\n        <\/li>\n<li>\n          Selon une \u00e9tude de la <strong>London School of Economics<\/strong> publi\u00e9e en avril 2024, <u>plus de 44% des femmes interrog\u00e9es apr\u00e8s un divorce t\u00e9moignent de troubles anxio-d\u00e9pressifs associ\u00e9s \u00e0 l\u2019incapacit\u00e9 d\u2019\u00e9prouver du d\u00e9sir pour un nouveau partenaire<\/u>.\n        <\/li>\n<li>\n          Le cas de <strong>Sandra Lef\u00e8vre<\/strong>, 36 ans, entrepreneure \u00e0 <strong>Aix-en-Provence<\/strong>, montre que l\u2019attachement persistant \u00e0 une histoire ancienne (compte-rendu d\u2019une consultation du <strong>Cabinet Rossetti<\/strong> en 2023) conduit \u00e0 une auto-sabotage relationnel :  J\u2019id\u00e9alise mon pr\u00e9c\u00e9dent compagnon et, inconsciemment, aucun autre homme ne peut rivaliser. Cela nourrit le sentiment que l\u2019amour est devenu hors d\u2019atteinte. ?\n        <\/li>\n<li>\n          Des profils marqu\u00e9s par la crainte de la r\u00e9p\u00e9tition de la douleur rapportent une r\u00e9sistance active \u00e0 l\u2019engagement. Les r\u00e9sultats du <strong>Centre de Recherches en Psychologie Appliqu\u00e9e d\u2019Ottawa<\/strong> (2023) font \u00e9tat d\u2019un <u>taux de 28% d\u2019incapacit\u00e9 d\u00e9clar\u00e9e \u00e0 aimer apr\u00e8s des \u00e9pisodes de d\u00e9ceptions amoureuses r\u00e9p\u00e9titives au cours des cinq derni\u00e8res ann\u00e9es<\/u>.\n        <\/li>\n<li>\n          Il existe, selon les travaux du <strong>Dr Alain H\u00e9ril<\/strong> (sexoth\u00e9rapeute), une <u>confusion fr\u00e9quente entre l\u2019installation dans un amour paisible et la disparition du sentiment amoureux<\/u>?:  Beaucoup assimilent la fin de la passion \u00e0 l\u2019absence d\u2019amour, alors que c\u2019est souvent la marque d\u2019une relation mature et s\u00e9curisante. ?\n        <\/li>\n<li>\n          Enfin, les chiffres 2024 du <strong>Laboratoire de Psychologie de l\u2019Attachement<\/strong> \u00e0 <strong>Montr\u00e9al<\/strong> r\u00e9v\u00e8lent qu\u2019<u>une femme sur cinq en psychoth\u00e9rapie individuelle rapporte, dans les deux ans suivant une rupture, un blocage syst\u00e9matique concernant la capacit\u00e9 \u00e0 se projeter sentimentalement<\/u>.\n        <\/li>\n<\/ul>\n<h2>Optimisation et Meilleures Pratiques<\/h2>\n<p>\n      Surmonter l\u2019incapacit\u00e9 \u00e0 aimer n\u00e9cessite une d\u00e9marche m\u00e9thodique selon les recommandations issues d&rsquo;annuaires de professionnels et de conf\u00e9rences sp\u00e9cialis\u00e9es telles que le <strong>Congr\u00e8s International de Psychoth\u00e9rapie de Nice 2024<\/strong>. <\/p>\n<ul>\n<li>\n          Premi\u00e8re \u00e9tape : cultiver l\u2019<strong>introspection \u00e9motionnelle guid\u00e9e<\/strong>, par l\u2019\u00e9criture ou la m\u00e9ditation, pr\u00e9conis\u00e9e par la <strong>psychologue clinicienne Aur\u00e9lie Janiak<\/strong>, qui recommande d\u2019identifier puis nommer les \u00e9motions et les croyances limitantes ancr\u00e9es.\n        <\/li>\n<li>\n          Le <strong>travail sur l\u2019estime de soi<\/strong> s\u2019av\u00e8re crucial. Les laboratoires du <strong>Centre de Recherche Interdisciplinaire en Psychologie Sociale (CRIPS)<\/strong> ont d\u00e9montr\u00e9 en 2024 que <u>73% des personnes engag\u00e9es dans un accompagnement individuel retrouvent progressivement la capacit\u00e9 \u00e0 se relier affectivement<\/u>.\n        <\/li>\n<li>\n          L\u2019<strong>accompagnement th\u00e9rapeutique<\/strong> (th\u00e9rapie cognitivo-comportementale, EMDR, gestalt-th\u00e9rapie) s\u2019av\u00e8re b\u00e9n\u00e9fique, comme le prouvent les r\u00e9sultats du <strong>studio PsyConext Paris<\/strong> sur 157 patientes en 2023.\n        <\/li>\n<li>\n          Nous devrions apprendre \u00e0 <strong>reconna\u00eetre les sch\u00e9mas de d\u00e9pendance affective<\/strong> via des outils comme le <strong>Questionnaire de Cod\u00e9pendance Rom\u00e9o<\/strong> ou en participant \u00e0 des groupes de parole (tels organis\u00e9s par <strong>Femmes &amp; Gu\u00e9rison, association \u00e0 Marseille<\/strong>).\n        <\/li>\n<li>\n          Pour se reconstruire, il est vital de <strong>distinguer le souvenir de la relation pass\u00e9e de son id\u00e9alisation<\/strong>?:  Retravailler l\u2019histoire, non pour s\u2019y accrocher mais pour lui redonner du sens, c\u2019est ce qui permet de tourner la page ?, affirme la <strong>psychoth\u00e9rapeute Mona Delage<\/strong> dans sa conf\u00e9rence TEDx Rennes 2023.\n        <\/li>\n<li>\n          Les techniques d\u2019<strong>acceptation et de l\u00e2cher-prise<\/strong> trouvent toute leur valeur gr\u00e2ce aux pratiques de <strong>pleine conscience (mindfulness)<\/strong>, recommand\u00e9es par le <strong>Dr Christophe Andr\u00e9<\/strong> de <strong>l\u2019h\u00f4pital Sainte-Anne<\/strong> \u00e0 <strong>Paris<\/strong>.\n        <\/li>\n<li>\n          Il convient d\u2019\u00e9viter?: <\/p>\n<ul>\n<li>La <strong>pression sociale<\/strong> ( il faut \u00eatre en couple pour r\u00e9ussir sa vie ?);<\/li>\n<li>La pr\u00e9cipitation relationnelle ;<\/li>\n<li>Le <strong>d\u00e9ni de ses besoins \u00e9motionnels<\/strong> (pr\u00f4ner un d\u00e9tachement feint sans avoir dig\u00e9r\u00e9 son histoire).<\/li>\n<\/ul>\n<\/li>\n<\/ul>\n<p>      Ces erreurs alimentent un cercle vicieux, confirmant le repli et le sentiment d\u2019impasse.\n    <\/p>\n<h2>Conclusion et Perspectives<\/h2>\n<p>\n      Pour r\u00e9sumer, la difficult\u00e9 \u00e0 aimer \u00e0 nouveau un homme r\u00e9v\u00e8le une conjonction de <strong>l\u00e9sions affectives<\/strong>, de <strong>climat psychologique<\/strong>, de contextes sociaux et de <strong>facteurs biologiques<\/strong>. Nous avons vu qu\u2019elle se manifeste par un \u00e9ventail de <u>sympt\u00f4mes psychologiques et comportementaux pr\u00e9cis<\/u> et qu\u2019elle implique une d\u00e9marche de compr\u00e9hension et d\u2019acceptation profonde. Nous recommandons :<\/p>\n<ul>\n<li>\n          <strong>Un bilan \u00e9motionnel personnalis\u00e9<\/strong> aupr\u00e8s de professionnels dipl\u00f4m\u00e9s (psychologues, th\u00e9rapeutes sp\u00e9cialis\u00e9s en attachement), \u00e0 la lumi\u00e8re des m\u00e9thodes valid\u00e9es par la <strong>HAS<\/strong> (<u>Haute Autorit\u00e9 de Sant\u00e9<\/u>) en 2024 ;\n        <\/li>\n<li>\n          <strong>Un accompagnement ax\u00e9 sur la reconstruction de l\u2019estime de soi, l\u2019actualisation des croyances et la r\u00e9silience<\/strong> favorisant la r\u00e9insertion progressive dans une dynamique relationnelle s\u00e9curisante ;\n        <\/li>\n<li>\n          <strong>Une ouverture vers la <u>psychologie positive<\/u><\/strong>, qui privil\u00e9gie les forces, les ressources et l\u2019\u00e9panouissement personnel avant la qu\u00eate d\u2019un amour ext\u00e9rieur \u2014 \u00e0 travers les courants de <strong>Martin Seligman<\/strong> ou l\u2019initiative  Love for Life ? lanc\u00e9e lors du <strong>World Positive Psychology Congress 2024<\/strong>.<\/li>\n<li>\n          <u>Il est utile de rappeler que la temporalit\u00e9 de la reconstruction n\u2019est pas lin\u00e9aire\u2009: le processus peut prendre plusieurs mois, voire des ann\u00e9es selon l\u2019histoire de chacun, mais il demeure porteur d\u2019espoir et d\u2019\u00e9volution<\/u>.<\/li>\n<\/ul>\n<p>      De plus en plus d\u2019\u00e9tudes, de groupes de soutien et d\u2019initiatives communautaires voient le jour \u00e0 <strong>Paris<\/strong>, <strong>Bruxelles<\/strong>, <strong>Montr\u00e9al<\/strong> et <strong>Gen\u00e8ve<\/strong>, cr\u00e9ant un environnement propice pour se redonner la possibilit\u00e9 d\u2019un nouvel amour.<br \/>\n      Selon nous, toute exp\u00e9rience de  blocage affectif ? contient en germe une formidable opportunit\u00e9 d\u2019apprentissage et de renaissance. S\u2019armer de patience, se faire accompagner et revisiter son histoire, c\u2019est ouvrir la porte \u00e0 un nouveau rapport \u00e0 l\u2019amour, plus conscient, choisi et apais\u00e9.<br \/>\n      Les perspectives actuelles laissent envisager, gr\u00e2ce \u00e0 la psychologie int\u00e9grative et aux innovations en psychoth\u00e9rapie relationnelle, une voie de sortie pour la grande majorit\u00e9 des personnes confront\u00e9es \u00e0 ce v\u00e9cu. Notre avis s\u2019appuie donc sur l\u2019analyse pr\u00e9cise de ces approches?: elles sont fiables, pragmatiques et d\u00e9veloppent une v\u00e9ritable comp\u00e9tence \u00e9motionnelle, ancr\u00e9e dans l\u2019humain et ses ressources.\n    <\/p>\n","protected":false},"excerpt":{"rendered":"","protected":false},"author":34,"featured_media":8184,"comment_status":"open","ping_status":"open","sticky":false,"template":"","format":"standard","meta":{"_acf_changed":false,"manual_indexmenow":false,"indexmenow_id_project":0,"footnotes":""},"categories":[4524],"tags":[5178,5176,5177],"class_list":["post-8182","post","type-post","status-publish","format-standard","has-post-thumbnail","hentry","category-bien-etre-et-developpement-personnel","tag-causes-psychologiques","tag-manque-amour","tag-relations-homme","generate-columns","tablet-grid-50","mobile-grid-100","grid-parent","grid-25"],"acf":[],"yoast_head":"<!-- This site is optimized with the Yoast SEO Premium plugin v21.3 (Yoast SEO v25.6) - https:\/\/yoast.com\/wordpress\/plugins\/seo\/ -->\n<title>Pourquoi ne plus r\u00e9ussir \u00e0 aimer un homme<\/title>\n<meta name=\"description\" content=\"La notion de ne plus r\u00e9ussir \u00e0 aimer un homme s\u2019inscrit dans un champ vaste o\u00f9 se croisent psychologie affective, impact des traumas, deuil amoureux\u2026\" \/>\n<meta name=\"robots\" content=\"index, follow, max-snippet:-1, max-image-preview:large, max-video-preview:-1\" \/>\n<link rel=\"canonical\" href=\"https:\/\/lasocietenouvelle.net\/blog\/bien-etre-et-developpement-personnel\/pourquoi-ne-plus-reussir-a-aimer-un-homme-comprendre-les-causes-profondes\/\" \/>\n<meta property=\"og:locale\" content=\"fr_FR\" \/>\n<meta property=\"og:type\" content=\"article\" \/>\n<meta property=\"og:title\" content=\"Pourquoi ne plus r\u00e9ussir \u00e0 aimer un homme\" \/>\n<meta property=\"og:description\" content=\"La notion de ne plus r\u00e9ussir \u00e0 aimer un homme s\u2019inscrit dans un champ vaste o\u00f9 se croisent psychologie affective, impact des traumas, deuil amoureux\u2026\" \/>\n<meta property=\"og:url\" content=\"https:\/\/lasocietenouvelle.net\/blog\/bien-etre-et-developpement-personnel\/pourquoi-ne-plus-reussir-a-aimer-un-homme-comprendre-les-causes-profondes\/\" \/>\n<meta property=\"og:site_name\" content=\"lasocietenouvelle\" \/>\n<meta property=\"og:image\" content=\"https:\/\/lasocietenouvelle.net\/blog\/wp-content\/uploads\/2025\/08\/pag-image-689c53f95541a-scaled.png\" \/>\n\t<meta property=\"og:image:width\" content=\"1200\" \/>\n\t<meta property=\"og:image:height\" content=\"686\" \/>\n\t<meta property=\"og:image:type\" content=\"image\/png\" \/>\n<meta name=\"author\" content=\"Claire Desprats\" \/>\n<meta name=\"twitter:card\" content=\"summary_large_image\" \/>\n<script type=\"application\/ld+json\" class=\"yoast-schema-graph\">{\"@context\":\"https:\/\/schema.org\",\"@graph\":[{\"@type\":\"NewsArticle\",\"@id\":\"https:\/\/lasocietenouvelle.net\/blog\/bien-etre-et-developpement-personnel\/pourquoi-ne-plus-reussir-a-aimer-un-homme-comprendre-les-causes-profondes\/#article\",\"isPartOf\":{\"@id\":\"https:\/\/lasocietenouvelle.net\/blog\/bien-etre-et-developpement-personnel\/pourquoi-ne-plus-reussir-a-aimer-un-homme-comprendre-les-causes-profondes\/\"},\"author\":{\"name\":\"Claire Desprats\",\"@id\":\"https:\/\/lasocietenouvelle.net\/blog\/#\/schema\/person\/3c864cdc320801e3db34b663e7e3f816\"},\"headline\":\"Pourquoi ne plus r\u00e9ussir \u00e0 aimer un homme : comprendre les causes profondes\",\"datePublished\":\"2025-09-08T07:28:00+00:00\",\"mainEntityOfPage\":{\"@id\":\"https:\/\/lasocietenouvelle.net\/blog\/bien-etre-et-developpement-personnel\/pourquoi-ne-plus-reussir-a-aimer-un-homme-comprendre-les-causes-profondes\/\"},\"wordCount\":1733,\"commentCount\":0,\"publisher\":{\"@id\":\"https:\/\/lasocietenouvelle.net\/blog\/#organization\"},\"image\":{\"@id\":\"https:\/\/lasocietenouvelle.net\/blog\/bien-etre-et-developpement-personnel\/pourquoi-ne-plus-reussir-a-aimer-un-homme-comprendre-les-causes-profondes\/#primaryimage\"},\"thumbnailUrl\":\"https:\/\/lasocietenouvelle.net\/blog\/wp-content\/uploads\/2025\/08\/pag-image-689c53f95541a-scaled.png\",\"keywords\":[\"causes psychologiques\",\"manque amour\",\"relations homme\"],\"articleSection\":[\"Bien-\u00eatre et D\u00e9veloppement Personnel\"],\"inLanguage\":\"fr-FR\",\"potentialAction\":[{\"@type\":\"CommentAction\",\"name\":\"Comment\",\"target\":[\"https:\/\/lasocietenouvelle.net\/blog\/bien-etre-et-developpement-personnel\/pourquoi-ne-plus-reussir-a-aimer-un-homme-comprendre-les-causes-profondes\/#respond\"]}]},{\"@type\":\"WebPage\",\"@id\":\"https:\/\/lasocietenouvelle.net\/blog\/bien-etre-et-developpement-personnel\/pourquoi-ne-plus-reussir-a-aimer-un-homme-comprendre-les-causes-profondes\/\",\"url\":\"https:\/\/lasocietenouvelle.net\/blog\/bien-etre-et-developpement-personnel\/pourquoi-ne-plus-reussir-a-aimer-un-homme-comprendre-les-causes-profondes\/\",\"name\":\"Pourquoi ne plus r\u00e9ussir \u00e0 aimer un homme\",\"isPartOf\":{\"@id\":\"https:\/\/lasocietenouvelle.net\/blog\/#website\"},\"primaryImageOfPage\":{\"@id\":\"https:\/\/lasocietenouvelle.net\/blog\/bien-etre-et-developpement-personnel\/pourquoi-ne-plus-reussir-a-aimer-un-homme-comprendre-les-causes-profondes\/#primaryimage\"},\"image\":{\"@id\":\"https:\/\/lasocietenouvelle.net\/blog\/bien-etre-et-developpement-personnel\/pourquoi-ne-plus-reussir-a-aimer-un-homme-comprendre-les-causes-profondes\/#primaryimage\"},\"thumbnailUrl\":\"https:\/\/lasocietenouvelle.net\/blog\/wp-content\/uploads\/2025\/08\/pag-image-689c53f95541a-scaled.png\",\"datePublished\":\"2025-09-08T07:28:00+00:00\",\"description\":\"La notion de ne plus r\u00e9ussir \u00e0 aimer un homme s\u2019inscrit dans un champ vaste o\u00f9 se croisent psychologie affective, impact des traumas, deuil amoureux\u2026\",\"inLanguage\":\"fr-FR\",\"potentialAction\":[{\"@type\":\"ReadAction\",\"target\":[\"https:\/\/lasocietenouvelle.net\/blog\/bien-etre-et-developpement-personnel\/pourquoi-ne-plus-reussir-a-aimer-un-homme-comprendre-les-causes-profondes\/\"]}]},{\"@type\":\"ImageObject\",\"inLanguage\":\"fr-FR\",\"@id\":\"https:\/\/lasocietenouvelle.net\/blog\/bien-etre-et-developpement-personnel\/pourquoi-ne-plus-reussir-a-aimer-un-homme-comprendre-les-causes-profondes\/#primaryimage\",\"url\":\"https:\/\/lasocietenouvelle.net\/blog\/wp-content\/uploads\/2025\/08\/pag-image-689c53f95541a-scaled.png\",\"contentUrl\":\"https:\/\/lasocietenouvelle.net\/blog\/wp-content\/uploads\/2025\/08\/pag-image-689c53f95541a-scaled.png\",\"width\":1200,\"height\":686,\"caption\":\"Image g\u00e9n\u00e9r\u00e9e par IA optimis\u00e9e pour Google Discover\"},{\"@type\":\"WebSite\",\"@id\":\"https:\/\/lasocietenouvelle.net\/blog\/#website\",\"url\":\"https:\/\/lasocietenouvelle.net\/blog\/\",\"name\":\"lasocietenouvelle.net\",\"description\":\"Ensemble pour une soci\u00e9t\u00e9 nouvelle.\",\"publisher\":{\"@id\":\"https:\/\/lasocietenouvelle.net\/blog\/#organization\"},\"alternateName\":\"Ensemble pour une soci\u00e9t\u00e9 nouvelle.\",\"potentialAction\":[{\"@type\":\"SearchAction\",\"target\":{\"@type\":\"EntryPoint\",\"urlTemplate\":\"https:\/\/lasocietenouvelle.net\/blog\/?s={search_term_string}\"},\"query-input\":{\"@type\":\"PropertyValueSpecification\",\"valueRequired\":true,\"valueName\":\"search_term_string\"}}],\"inLanguage\":\"fr-FR\"},{\"@type\":\"Organization\",\"@id\":\"https:\/\/lasocietenouvelle.net\/blog\/#organization\",\"name\":\"Foretsensations.fr\",\"url\":\"https:\/\/lasocietenouvelle.net\/blog\/\",\"logo\":{\"@type\":\"ImageObject\",\"inLanguage\":\"fr-FR\",\"@id\":\"https:\/\/lasocietenouvelle.net\/blog\/#\/schema\/logo\/image\/\",\"url\":\"https:\/\/lasocietenouvelle.net\/blog\/wp-content\/uploads\/2024\/12\/LaSocieteNouvelle.png\",\"contentUrl\":\"https:\/\/lasocietenouvelle.net\/blog\/wp-content\/uploads\/2024\/12\/LaSocieteNouvelle.png\",\"width\":500,\"height\":500,\"caption\":\"Foretsensations.fr\"},\"image\":{\"@id\":\"https:\/\/lasocietenouvelle.net\/blog\/#\/schema\/logo\/image\/\"}},{\"@type\":\"Person\",\"@id\":\"https:\/\/lasocietenouvelle.net\/blog\/#\/schema\/person\/3c864cdc320801e3db34b663e7e3f816\",\"name\":\"Claire Desprats\",\"image\":{\"@type\":\"ImageObject\",\"inLanguage\":\"fr-FR\",\"@id\":\"https:\/\/lasocietenouvelle.net\/blog\/#\/schema\/person\/image\/\",\"url\":\"https:\/\/lasocietenouvelle.net\/blog\/wp-content\/uploads\/2026\/06\/claire-d-lsn-2026-96x96.jpg\",\"contentUrl\":\"https:\/\/lasocietenouvelle.net\/blog\/wp-content\/uploads\/2026\/06\/claire-d-lsn-2026-96x96.jpg\",\"caption\":\"Claire Desprats\"},\"description\":\"Je d\u00e9crypte depuis une dizaine d'ann\u00e9es tout ce qui touche \u00e0 la sant\u00e9 et \u00e0 la protection sociale : compl\u00e9mentaire sant\u00e9 et mutuelle, pr\u00e9voyance et assurance, mais aussi soins du quotidien, pr\u00e9vention, parcours de soins, professions m\u00e9dicales et param\u00e9dicales, et bien-\u00eatre. J'aime rendre limpide un sujet r\u00e9put\u00e9 aride \u2014 un mot de contrat, un remboursement, un sympt\u00f4me, une d\u00e9marche administrative \u2014 avec des explications concr\u00e8tes, des fourchettes de co\u00fbts r\u00e9alistes et des crit\u00e8res v\u00e9rifiables. Avant de publier, je recoupe mes sources (textes officiels, organismes, notices), je distingue l'information g\u00e9n\u00e9rale du conseil personnalis\u00e9, et je rappelle syst\u00e9matiquement que mes articles ne remplacent ni un avis m\u00e9dical ni l'\u00e9tude d'un contrat par un professionnel. Mon objectif : aider chacun \u00e0 faire des choix \u00e9clair\u00e9s pour sa sant\u00e9 et sa couverture, en toute ind\u00e9pendance.\",\"sameAs\":[\"https:\/\/clairedesprats.fr\/\"],\"url\":\"https:\/\/lasocietenouvelle.net\/blog\/auteur\/noname\/\"}]}<\/script>\n<!-- \/ Yoast SEO Premium plugin. -->","yoast_head_json":{"title":"Pourquoi ne plus r\u00e9ussir \u00e0 aimer un homme","description":"La notion de ne plus r\u00e9ussir \u00e0 aimer un homme s\u2019inscrit dans un champ vaste o\u00f9 se croisent psychologie affective, impact des traumas, deuil amoureux\u2026","robots":{"index":"index","follow":"follow","max-snippet":"max-snippet:-1","max-image-preview":"max-image-preview:large","max-video-preview":"max-video-preview:-1"},"canonical":"https:\/\/lasocietenouvelle.net\/blog\/bien-etre-et-developpement-personnel\/pourquoi-ne-plus-reussir-a-aimer-un-homme-comprendre-les-causes-profondes\/","og_locale":"fr_FR","og_type":"article","og_title":"Pourquoi ne plus r\u00e9ussir \u00e0 aimer un homme","og_description":"La notion de ne plus r\u00e9ussir \u00e0 aimer un homme s\u2019inscrit dans un champ vaste o\u00f9 se croisent psychologie affective, impact des traumas, deuil amoureux\u2026","og_url":"https:\/\/lasocietenouvelle.net\/blog\/bien-etre-et-developpement-personnel\/pourquoi-ne-plus-reussir-a-aimer-un-homme-comprendre-les-causes-profondes\/","og_site_name":"lasocietenouvelle","og_image":[{"width":1200,"height":686,"url":"https:\/\/lasocietenouvelle.net\/blog\/wp-content\/uploads\/2025\/08\/pag-image-689c53f95541a-scaled.png","type":"image\/png"}],"author":"Claire Desprats","twitter_card":"summary_large_image","schema":{"@context":"https:\/\/schema.org","@graph":[{"@type":"NewsArticle","@id":"https:\/\/lasocietenouvelle.net\/blog\/bien-etre-et-developpement-personnel\/pourquoi-ne-plus-reussir-a-aimer-un-homme-comprendre-les-causes-profondes\/#article","isPartOf":{"@id":"https:\/\/lasocietenouvelle.net\/blog\/bien-etre-et-developpement-personnel\/pourquoi-ne-plus-reussir-a-aimer-un-homme-comprendre-les-causes-profondes\/"},"author":{"name":"Claire Desprats","@id":"https:\/\/lasocietenouvelle.net\/blog\/#\/schema\/person\/3c864cdc320801e3db34b663e7e3f816"},"headline":"Pourquoi ne plus r\u00e9ussir \u00e0 aimer un homme : comprendre les causes profondes","datePublished":"2025-09-08T07:28:00+00:00","mainEntityOfPage":{"@id":"https:\/\/lasocietenouvelle.net\/blog\/bien-etre-et-developpement-personnel\/pourquoi-ne-plus-reussir-a-aimer-un-homme-comprendre-les-causes-profondes\/"},"wordCount":1733,"commentCount":0,"publisher":{"@id":"https:\/\/lasocietenouvelle.net\/blog\/#organization"},"image":{"@id":"https:\/\/lasocietenouvelle.net\/blog\/bien-etre-et-developpement-personnel\/pourquoi-ne-plus-reussir-a-aimer-un-homme-comprendre-les-causes-profondes\/#primaryimage"},"thumbnailUrl":"https:\/\/lasocietenouvelle.net\/blog\/wp-content\/uploads\/2025\/08\/pag-image-689c53f95541a-scaled.png","keywords":["causes psychologiques","manque amour","relations homme"],"articleSection":["Bien-\u00eatre et D\u00e9veloppement Personnel"],"inLanguage":"fr-FR","potentialAction":[{"@type":"CommentAction","name":"Comment","target":["https:\/\/lasocietenouvelle.net\/blog\/bien-etre-et-developpement-personnel\/pourquoi-ne-plus-reussir-a-aimer-un-homme-comprendre-les-causes-profondes\/#respond"]}]},{"@type":"WebPage","@id":"https:\/\/lasocietenouvelle.net\/blog\/bien-etre-et-developpement-personnel\/pourquoi-ne-plus-reussir-a-aimer-un-homme-comprendre-les-causes-profondes\/","url":"https:\/\/lasocietenouvelle.net\/blog\/bien-etre-et-developpement-personnel\/pourquoi-ne-plus-reussir-a-aimer-un-homme-comprendre-les-causes-profondes\/","name":"Pourquoi ne plus r\u00e9ussir \u00e0 aimer un homme","isPartOf":{"@id":"https:\/\/lasocietenouvelle.net\/blog\/#website"},"primaryImageOfPage":{"@id":"https:\/\/lasocietenouvelle.net\/blog\/bien-etre-et-developpement-personnel\/pourquoi-ne-plus-reussir-a-aimer-un-homme-comprendre-les-causes-profondes\/#primaryimage"},"image":{"@id":"https:\/\/lasocietenouvelle.net\/blog\/bien-etre-et-developpement-personnel\/pourquoi-ne-plus-reussir-a-aimer-un-homme-comprendre-les-causes-profondes\/#primaryimage"},"thumbnailUrl":"https:\/\/lasocietenouvelle.net\/blog\/wp-content\/uploads\/2025\/08\/pag-image-689c53f95541a-scaled.png","datePublished":"2025-09-08T07:28:00+00:00","description":"La notion de ne plus r\u00e9ussir \u00e0 aimer un homme s\u2019inscrit dans un champ vaste o\u00f9 se croisent psychologie affective, impact des traumas, deuil amoureux\u2026","inLanguage":"fr-FR","potentialAction":[{"@type":"ReadAction","target":["https:\/\/lasocietenouvelle.net\/blog\/bien-etre-et-developpement-personnel\/pourquoi-ne-plus-reussir-a-aimer-un-homme-comprendre-les-causes-profondes\/"]}]},{"@type":"ImageObject","inLanguage":"fr-FR","@id":"https:\/\/lasocietenouvelle.net\/blog\/bien-etre-et-developpement-personnel\/pourquoi-ne-plus-reussir-a-aimer-un-homme-comprendre-les-causes-profondes\/#primaryimage","url":"https:\/\/lasocietenouvelle.net\/blog\/wp-content\/uploads\/2025\/08\/pag-image-689c53f95541a-scaled.png","contentUrl":"https:\/\/lasocietenouvelle.net\/blog\/wp-content\/uploads\/2025\/08\/pag-image-689c53f95541a-scaled.png","width":1200,"height":686,"caption":"Image g\u00e9n\u00e9r\u00e9e par IA optimis\u00e9e pour Google Discover"},{"@type":"WebSite","@id":"https:\/\/lasocietenouvelle.net\/blog\/#website","url":"https:\/\/lasocietenouvelle.net\/blog\/","name":"lasocietenouvelle.net","description":"Ensemble pour une soci\u00e9t\u00e9 nouvelle.","publisher":{"@id":"https:\/\/lasocietenouvelle.net\/blog\/#organization"},"alternateName":"Ensemble pour une soci\u00e9t\u00e9 nouvelle.","potentialAction":[{"@type":"SearchAction","target":{"@type":"EntryPoint","urlTemplate":"https:\/\/lasocietenouvelle.net\/blog\/?s={search_term_string}"},"query-input":{"@type":"PropertyValueSpecification","valueRequired":true,"valueName":"search_term_string"}}],"inLanguage":"fr-FR"},{"@type":"Organization","@id":"https:\/\/lasocietenouvelle.net\/blog\/#organization","name":"Foretsensations.fr","url":"https:\/\/lasocietenouvelle.net\/blog\/","logo":{"@type":"ImageObject","inLanguage":"fr-FR","@id":"https:\/\/lasocietenouvelle.net\/blog\/#\/schema\/logo\/image\/","url":"https:\/\/lasocietenouvelle.net\/blog\/wp-content\/uploads\/2024\/12\/LaSocieteNouvelle.png","contentUrl":"https:\/\/lasocietenouvelle.net\/blog\/wp-content\/uploads\/2024\/12\/LaSocieteNouvelle.png","width":500,"height":500,"caption":"Foretsensations.fr"},"image":{"@id":"https:\/\/lasocietenouvelle.net\/blog\/#\/schema\/logo\/image\/"}},{"@type":"Person","@id":"https:\/\/lasocietenouvelle.net\/blog\/#\/schema\/person\/3c864cdc320801e3db34b663e7e3f816","name":"Claire Desprats","image":{"@type":"ImageObject","inLanguage":"fr-FR","@id":"https:\/\/lasocietenouvelle.net\/blog\/#\/schema\/person\/image\/","url":"https:\/\/lasocietenouvelle.net\/blog\/wp-content\/uploads\/2026\/06\/claire-d-lsn-2026-96x96.jpg","contentUrl":"https:\/\/lasocietenouvelle.net\/blog\/wp-content\/uploads\/2026\/06\/claire-d-lsn-2026-96x96.jpg","caption":"Claire Desprats"},"description":"Je d\u00e9crypte depuis une dizaine d'ann\u00e9es tout ce qui touche \u00e0 la sant\u00e9 et \u00e0 la protection sociale : compl\u00e9mentaire sant\u00e9 et mutuelle, pr\u00e9voyance et assurance, mais aussi soins du quotidien, pr\u00e9vention, parcours de soins, professions m\u00e9dicales et param\u00e9dicales, et bien-\u00eatre. J'aime rendre limpide un sujet r\u00e9put\u00e9 aride \u2014 un mot de contrat, un remboursement, un sympt\u00f4me, une d\u00e9marche administrative \u2014 avec des explications concr\u00e8tes, des fourchettes de co\u00fbts r\u00e9alistes et des crit\u00e8res v\u00e9rifiables. Avant de publier, je recoupe mes sources (textes officiels, organismes, notices), je distingue l'information g\u00e9n\u00e9rale du conseil personnalis\u00e9, et je rappelle syst\u00e9matiquement que mes articles ne remplacent ni un avis m\u00e9dical ni l'\u00e9tude d'un contrat par un professionnel. Mon objectif : aider chacun \u00e0 faire des choix \u00e9clair\u00e9s pour sa sant\u00e9 et sa couverture, en toute ind\u00e9pendance.","sameAs":["https:\/\/clairedesprats.fr\/"],"url":"https:\/\/lasocietenouvelle.net\/blog\/auteur\/noname\/"}]}},"_links":{"self":[{"href":"https:\/\/lasocietenouvelle.net\/blog\/wp-json\/wp\/v2\/posts\/8182","targetHints":{"allow":["GET"]}}],"collection":[{"href":"https:\/\/lasocietenouvelle.net\/blog\/wp-json\/wp\/v2\/posts"}],"about":[{"href":"https:\/\/lasocietenouvelle.net\/blog\/wp-json\/wp\/v2\/types\/post"}],"author":[{"embeddable":true,"href":"https:\/\/lasocietenouvelle.net\/blog\/wp-json\/wp\/v2\/users\/34"}],"replies":[{"embeddable":true,"href":"https:\/\/lasocietenouvelle.net\/blog\/wp-json\/wp\/v2\/comments?post=8182"}],"version-history":[{"count":1,"href":"https:\/\/lasocietenouvelle.net\/blog\/wp-json\/wp\/v2\/posts\/8182\/revisions"}],"predecessor-version":[{"id":8201,"href":"https:\/\/lasocietenouvelle.net\/blog\/wp-json\/wp\/v2\/posts\/8182\/revisions\/8201"}],"wp:featuredmedia":[{"embeddable":true,"href":"https:\/\/lasocietenouvelle.net\/blog\/wp-json\/wp\/v2\/media\/8184"}],"wp:attachment":[{"href":"https:\/\/lasocietenouvelle.net\/blog\/wp-json\/wp\/v2\/media?parent=8182"}],"wp:term":[{"taxonomy":"category","embeddable":true,"href":"https:\/\/lasocietenouvelle.net\/blog\/wp-json\/wp\/v2\/categories?post=8182"},{"taxonomy":"post_tag","embeddable":true,"href":"https:\/\/lasocietenouvelle.net\/blog\/wp-json\/wp\/v2\/tags?post=8182"}],"curies":[{"name":"wp","href":"https:\/\/api.w.org\/{rel}","templated":true}]}}