{"id":8167,"date":"2025-08-21T09:49:00","date_gmt":"2025-08-21T07:49:00","guid":{"rendered":"https:\/\/lasocietenouvelle.net\/blog\/?p=8167"},"modified":"2025-08-21T09:49:00","modified_gmt":"2025-08-21T07:49:00","slug":"les-cles-pour-reussir-ses-projets-dans-leconomie-de-la-connaissance","status":"publish","type":"post","link":"https:\/\/lasocietenouvelle.net\/blog\/innovation-et-technologie\/les-cles-pour-reussir-ses-projets-dans-leconomie-de-la-connaissance\/","title":{"rendered":"Les cl\u00e9s pour r\u00e9ussir ses projets dans l&rsquo;\u00e9conomie de la connaissance"},"content":{"rendered":"<h1>Avoir des projets : Guide Complet et Analyse Approfondie<\/h1>\n<h2>Introduction?: Les enjeux de ?Avoir des projets?? aujourd\u2019hui<\/h2>\n<p>\n    Nous \u00e9voluons au c\u0153ur d\u2019une <strong>\u00e9conomie de la connaissance<\/strong> voulue par des acteurs tels que <strong>Microsoft Corporation, g\u00e9ant technologique<\/strong> ou <strong>Google LLC<\/strong>,<br \/>\n    o\u00f9 la capacit\u00e9 \u00e0 piloter des projets s\u2019impose comme facteur cl\u00e9 d\u2019employabilit\u00e9 et de comp\u00e9titivit\u00e9. En France et en Europe, l\u2019adoption d\u2019une <strong>culture projet<\/strong> s\u2019est acc\u00e9l\u00e9r\u00e9e depuis <u>2020<\/u>,<br \/>\n    port\u00e9e par la mont\u00e9e en puissance du <strong>management agile<\/strong> et l\u2019essor de l\u2019<strong>entrepreneuriat individuel<\/strong>.\n  <\/p>\n<p>\n    Le rapport <strong>APEC 2024<\/strong> r\u00e9v\u00e8le une progression de <u>22% des recrutements de chefs de projet<\/u> en France, soulignant l\u2019ancrage du m\u00e9tier dans l\u2019\u00e9cosyst\u00e8me professionnel moderne.<br \/>\n    En <strong>Allemagne<\/strong>, <u>plus de 48% des PME<\/u> d\u00e9clarent avoir adopt\u00e9 des m\u00e9thodes telles que <strong>SCRUM<\/strong> ou <strong>Lean Management<\/strong> pour acc\u00e9l\u00e9rer leur transformation.<br \/>\n    Cette \u00e9volution va de pair avec une exigence croissante d\u2019<strong>autonomie au travail<\/strong> et d\u2019innovation structurelle, illustr\u00e9e par les investissements r\u00e9alis\u00e9s par des organisations telles que <strong>Capgemini Consulting<\/strong> ou <strong>Soci\u00e9t\u00e9 G\u00e9n\u00e9rale<\/strong> depuis <u>mars 2022<\/u>.\n  <\/p>\n<ul>\n<li><u>La mont\u00e9e des d\u00e9marches entrepreneuriales<\/u> est attest\u00e9e par une hausse de <strong>18% de la cr\u00e9ation de micro-entreprises<\/strong> en France entre <strong>2022 et 2024<\/strong>.<\/li>\n<li>L\u2019<u>importance de l\u2019agilit\u00e9<\/u>, de la polyvalence et de la planification collaborative s\u2019est vue renforc\u00e9e par l\u2019expansion des outils num\u00e9riques de gestion de projet comme <strong>Jira Atlassian<\/strong> et <strong>Monday.com<\/strong>.<\/li>\n<li><strong>Le \u201cprojet\u201d<\/strong> n\u2019est plus une d\u00e9marche r\u00e9serv\u00e9e au secteur priv\u00e9\u2009: le secteur public, les associations, l\u2019enseignement et m\u00eame la vie personnelle s\u2019emparent de ces approches m\u00e9thodiques pour am\u00e9liorer leurs r\u00e9sultats et leur rayonnement.<\/li>\n<\/ul>\n<p>\n    Nous observons que l\u2019aptitude \u00e0 construire et piloter ses propres projets devient un <u>crit\u00e8re de s\u00e9lection cl\u00e9 lors des entretiens<\/u> dans pr\u00e8s de <strong>90% des grandes entreprises fran\u00e7aises<\/strong> en <strong>2025<\/strong>.<br \/>\n    Cette mutation, soutenue par la digitalisation rapide des process et la valorisation des comp\u00e9tences transverses, fait de \u201cl\u2019avoir des projets\u201d une comp\u00e9tence strat\u00e9gique \u00e0 d\u00e9velopper, quels que soient nos projets d\u2019avenir.\n  <\/p>\n<h2>Guide Pratique?: Comment Ma\u00eetriser ?Avoir des projets??<\/h2>\n<p>\n    La r\u00e9ussite d\u2019un projet repose sur une m\u00e9thodologie rigoureuse, inspir\u00e9e des standards appliqu\u00e9s par <strong>PMI (Project Management Institute)<\/strong> ou encore des g\u00e9ants de l\u2019innovation digitale comme <strong>Google Ventures<\/strong>.<br \/>\n    Nous proposons ici un sch\u00e9ma en <u>six \u00e9tapes cl\u00e9s<\/u>, illustr\u00e9 par des exemples concrets et des outils \u00e9prouv\u00e9s dans la pratique.\n  <\/p>\n<ul>\n<li><strong>Clarification des objectifs et d\u00e9finition pr\u00e9cise du projet<\/strong> : Nous d\u00e9marquons nos ambitions par des objectifs <strong>SMART<\/strong> (Sp\u00e9cifiques, Mesurables, Atteignables, R\u00e9alistes, Temporellement d\u00e9finis). L\u2019analyse <strong>SWOT<\/strong> (forces, faiblesses, opportunit\u00e9s, menaces) et l\u2019identification des parties prenantes se font syst\u00e9matiquement chez <strong>Schneider Electric<\/strong>, leader industriel.<\/li>\n<li><strong>Choix de la m\u00e9thodologie adapt\u00e9e<\/strong> : Chaque projet se structure selon une d\u00e9marche pertinente. Les startups telles que <strong>Blablacar<\/strong> privil\u00e9gient l\u2019<strong>agilit\u00e9 (Scrum)<\/strong>, tandis que la <strong>CNAV<\/strong> opte pour le mode cycle en <strong>Waterfall<\/strong> pour la refonte de ses syst\u00e8mes informatiques.<\/li>\n<li><strong>Planification op\u00e9rationnelle<\/strong> : L\u2019outil <strong>Gantt<\/strong> demeure le standard dans la construction, tandis que <strong>Trello<\/strong> ou <strong>ClickUp<\/strong> s\u2019imposent dans le digital. La d\u00e9finition des \u201cmilestones\u201d (jalons) structure l\u2019avancement comme chez <strong>Vinci Construction France<\/strong>.<\/li>\n<li><strong>Gestion proactive des risques<\/strong> : La cartographie, puis l\u2019anticipation des contraintes, permis par des plans de contingence, font partie du r\u00e9f\u00e9rentiel ISO 31000 utilis\u00e9 par <strong>Airbus Group<\/strong> depuis <u>2019<\/u>.<\/li>\n<li><strong>Pilotage, suivi et gouvernance<\/strong> : Des r\u00e9unions hebdomadaires et le reporting digitalis\u00e9 sur <strong>Monday.com<\/strong> ou <strong>Asana<\/strong> sont courants chez <strong>L\u2019Or\u00e9al Paris<\/strong>. Le recours \u00e0 des tableaux de bord (KPIs) guide la prise de d\u00e9cision efficace.<\/li>\n<li><strong>Bilan, ajustement et capitalisation<\/strong> : L\u2019analyse des r\u00e9sultats, la collecte de feedback et la documentation des apprentissages se g\u00e9n\u00e9ralisent, illustr\u00e9es par la politique de \u201clessons learned\u201d chez <strong>Renault Group<\/strong>.<\/li>\n<\/ul>\n<p>\n    <u>Exemple inspir\u00e9 du secteur associatif<\/u>?: En <strong>2023<\/strong>, <strong>Emma\u00fcs France<\/strong> lance une plateforme d\u2019accompagnement solidaire.<br \/>\n    Les objectifs sont formalis\u00e9s en SMART, la m\u00e9thode Agile adopt\u00e9e, le calendrier planifi\u00e9 sous <u>GANTT digital<\/u>, et la gouvernance partag\u00e9e entre b\u00e9n\u00e9voles et salari\u00e9s.<br \/>\n    Les retours d\u2019exp\u00e9rience collect\u00e9s ont permis une optimisation en continu, renfor\u00e7ant l\u2019impact social du projet.\n  <\/p>\n<p>\n    <u>Cas de transformation digitale?:<\/u> Chez <strong>Cr\u00e9dit Agricole Technologies<\/strong>, la digitalisation des parcours clients a suivi ce cycle complet, avec une analyse d\u2019impact pr\u00e9cise, une gestion pr\u00e9ventive des al\u00e9as techniques, et un suivi r\u00e9gulier via les outils de data-visualisation, assurant la r\u00e9ussite du projet en <strong>2024<\/strong>.\n  <\/p>\n<h2>Les Fondamentaux de ?Avoir des projets??<\/h2>\n<p>\n    L\u2019ossature d\u2019un projet repose sur des notions essentielles qui orientent chaque \u00e9tape, du lancement \u00e0 la cl\u00f4ture.<br \/>\n    Nous distinguons le <u>cycle de vie<\/u>, la r\u00e9partition des r\u00f4les et les principes structurants qui garantissent l\u2019efficacit\u00e9 et la coh\u00e9sion de l\u2019\u00e9quipe projet.\n  <\/p>\n<ul>\n<li><strong>Cycle de vie d\u2019un projet<\/strong> : Les phases d\u2019id\u00e9ation, de d\u00e9finition, de construction, de pilotage et de cl\u00f4ture sont norm\u00e9es dans les r\u00e9f\u00e9rentiels <strong>PMBOK<\/strong> ou <strong>Prince2<\/strong>. <u>Chaque \u00e9tape se termine par des livrables pr\u00e9cis<\/u>, valid\u00e9s collectivement.<\/li>\n<li><strong>R\u00f4les cl\u00e9s<\/strong> : Le <u>porteur de projet<\/u> (visionnaire et responsable op\u00e9rationnel), le <strong>chef de projet<\/strong> (coordinateur-r\u00e9f\u00e9rent), les membres d\u2019\u00e9quipe (t\u00e2ches sp\u00e9cialis\u00e9es), le <strong>sponsor<\/strong> (direction financi\u00e8re ou strat\u00e9gique), et les <u>parties prenantes externes<\/u> comme les partenaires ou institutions (ex: <strong>UNICEF<\/strong>).<\/li>\n<li><strong>Principes structurants<\/strong> : La <u>gestion des ressources<\/u> (financi\u00e8res, humaines), l\u2019organisation collaborative (outils de partage comme <strong>Google Workspace<\/strong>), la priorisation des t\u00e2ches, et une <u>gouvernance claire<\/u> dans le reporting et la prise de d\u00e9cision.<\/li>\n<\/ul>\n<p>\n    Ce tronc commun, renforc\u00e9 par l\u2019utilisation de technologies embarqu\u00e9es comme l\u2019<strong>Intelligence Artificielle (IA)<\/strong> dans le pilotage des projets chez <strong>Dassault Syst\u00e8mes<\/strong>, s\u2019articule autour d\u2019une <u>vision partag\u00e9e<\/u>, d\u2019une <u>anticipation constante<\/u> des risques et d\u2019une <strong>implication forte<\/strong> de chaque acteur dans la r\u00e9alisation des objectifs.<br \/>\n    Nous sommes convaincus que la structuration rigoureuse, doubl\u00e9e d&rsquo;une m\u00e9thode collaborative, contribue \u00e0 faire \u00e9merger l\u2019innovation et la performance dans tout environnement.\n  <\/p>\n<ul>\n<li>Une <strong>vision claire<\/strong> guide les d\u00e9cisions et donne du sens au projet, comme observ\u00e9 lors du d\u00e9veloppement de <strong>Microsoft Azure<\/strong>, plateforme cloud en <u>2024<\/u>.<\/li>\n<li>L\u2019<strong>anticipation proactive<\/strong> des contraintes permet la r\u00e9duction des \u00e9checs, selon le rapport <strong>Gartner<\/strong>, qui r\u00e9v\u00e8le que les projets avec des plans de contingence aboutissent <u>34% plus souvent<\/u> que ceux qui en sont d\u00e9pourvus.<\/li>\n<li>L\u2019<strong>appropriation collective<\/strong> des objectifs renforce la motivation et l\u2019efficacit\u00e9, \u00e9valu\u00e9e par l\u2019<strong>Institut national de la sant\u00e9 et de la recherche m\u00e9dicale (INSERM)<\/strong> qui a mesur\u00e9 une hausse moyenne de <u>40% de la satisfaction au travail<\/u> pour les \u00e9quipes engag\u00e9es dans des projets men\u00e9s en collaboration.<\/li>\n<\/ul>\n<h2>Applications Pratiques et Cas d\u2019Usage<\/h2>\n<p>\n    Concr\u00e9tiser un projet suppose l\u2019adoption de strat\u00e9gies \u00e9prouv\u00e9es et l\u2019appropriation d\u2019outils digitaux adapt\u00e9s.<br \/>\n    Nous nous int\u00e9ressons \u00e0 trois cas d\u2019usage embl\u00e9matiques, chacun porteur d\u2019enseignements sp\u00e9cifiques et illustrant la diversit\u00e9 des d\u00e9marches et des r\u00e9sultats.\n  <\/p>\n<ul>\n<li><strong>Lancement d\u2019une startup innovante<\/strong> :\n<p>\n        En <u>janvier 2024<\/u>, <strong>Swile<\/strong>, fintech fran\u00e7aise sp\u00e9cialis\u00e9e dans les solutions RH num\u00e9riques, r\u00e9alise sa premi\u00e8re lev\u00e9e de fonds de <u>20 millions d\u2019euros<\/u>.<br \/>\n        L\u2019\u00e9quipe adopte une d\u00e9marche Agile\u2009: les sprints Scrum s\u2019encha\u00eenent sur <strong>Jira Atlassian<\/strong>, la planification collaborative implique chaque membre, et un reporting hebdomadaire permet de piloter la croissance.<br \/>\n        Les difficult\u00e9s, telles que la r\u00e9partition des ressources et la gestion du passage \u00e0 l\u2019\u00e9chelle, ont \u00e9t\u00e9 d\u00e9pass\u00e9es gr\u00e2ce \u00e0 une adaptation des process et une capitalisation sur les feedback investisseurs.<br \/>\n        R\u00e9sultat?: <u>croissance de 65% des effectifs<\/u> et entr\u00e9e de nouveaux march\u00e9s europ\u00e9ens en <strong>juillet 2024<\/strong>.\n      <\/p>\n<\/li>\n<li><strong>Digitalisation d\u2019un service public local<\/strong> :\n<p>\n        Le <strong>D\u00e9partement des Alpes-Maritimes<\/strong> initie la d\u00e9mat\u00e9rialisation des demandes de subventions en <strong>mars 2023<\/strong>, en mode cycle en <strong>Waterfall<\/strong>.<br \/>\n        Les \u00e9tapes sont structur\u00e9es sous <strong>GANTT<\/strong>, la conformit\u00e9 r\u00e9glementaire pilot\u00e9e avec <strong>Tableau Software<\/strong>, et les r\u00e9unions mensuelles impliquent les services concern\u00e9s.<br \/>\n        Les retards dus \u00e0 la r\u00e9sistance interne au changement ont \u00e9t\u00e9 jugul\u00e9s par des formations cibl\u00e9es, appuy\u00e9es par <strong>Capgemini Consulting<\/strong>.<br \/>\n        Le projet conduit \u00e0 un gain de productivit\u00e9 de <u>24%<\/u>, l\u2019adh\u00e9sion des agents publics, et une r\u00e9duction des d\u00e9lais de traitement administratif de <u>33%<\/u>.\n      <\/p>\n<\/li>\n<li><strong>Organisation d\u2019un \u00e9v\u00e9nement caritatif<\/strong> :\n<p>\n        Pour <strong>le T\u00e9l\u00e9thon 2024<\/strong>, <strong>AFM-T\u00e9l\u00e9thon<\/strong> coordonne plus de <u>4000 b\u00e9n\u00e9voles<\/u> via <strong>Asana<\/strong> et <strong>Google Workspace<\/strong>.<br \/>\n        La planification collaborative, fond\u00e9e sur des milestones partag\u00e9s, a permis d\u2019assurer la synchronisation des \u00e9quipes et la r\u00e9ussite logistique.<br \/>\n        Les impr\u00e9vus m\u00e9t\u00e9o ont \u00e9t\u00e9 r\u00e9solus par des plans de contingence mis en \u0153uvre en temps r\u00e9el, et le retour d\u2019exp\u00e9rience a \u00e9t\u00e9 capitalis\u00e9 pour l\u2019\u00e9dition suivante.<br \/>\n        Le r\u00e9sultat est une collecte atteignant <u>97 millions d\u2019euros<\/u> en <u>48 heures<\/u>.\n      <\/p>\n<\/li>\n<\/ul>\n<p>\n    Ces situations confirment que la r\u00e9ussite d\u2019un projet passe par l\u2019\u00e9quilibre entre structuration m\u00e9thodique, utilisation d\u2019outils digitaux et adaptabilit\u00e9,<br \/>\n    avec \u00e0 la clef des gains mesurables en efficacit\u00e9, en temps et en impact social ou \u00e9conomique.\n  <\/p>\n<table border=\"1\" cellpadding=\"6\" style=\"margin: 24px auto;border-collapse: collapse\">\n<thead>\n<tr>\n<th><strong>Projet<\/strong><\/th>\n<th><strong>Outils utilis\u00e9s<\/strong><\/th>\n<th><strong>R\u00e9sultats obtenus<\/strong><\/th>\n<th><strong>Difficult\u00e9s rencontr\u00e9es<\/strong><\/th>\n<th><strong>Chiffres cl\u00e9s<\/strong><\/th>\n<\/tr>\n<\/thead>\n<tbody>\n<tr>\n<td>Swile Startup RH<\/td>\n<td>Jira, Scrum, Monday.com<\/td>\n<td>Lev\u00e9e de fonds, croissance rapide<\/td>\n<td>Scalabilit\u00e9, allocation des ressources<\/td>\n<td>20M\u20ac, +65% effectifs 2024<\/td>\n<\/tr>\n<tr>\n<td>D\u00e9partement Alpes-Maritimes<\/td>\n<td>Gantt, Tableau, Waterfall<\/td>\n<td>D\u00e9mat\u00e9rialisation, r\u00e9duction d\u00e9lais<\/td>\n<td>R\u00e9sistance au changement<\/td>\n<td>24% productivit\u00e9, -33% d\u00e9lais<\/td>\n<\/tr>\n<tr>\n<td>AFM-T\u00e9l\u00e9thon<\/td>\n<td>Asana, Google Workspace<\/td>\n<td>Coordination logistique, collecte record<\/td>\n<td>M\u00e9t\u00e9o, synchronisation \u00e9quipes<\/td>\n<td>97M\u20ac collect\u00e9s, 4000 b\u00e9n\u00e9voles<\/td>\n<\/tr>\n<\/tbody>\n<\/table>\n<h2>Optimisation et Meilleures Pratiques<\/h2>\n<p>\n    Maximiser l\u2019impact d\u2019un projet ne rel\u00e8ve pas du hasard\u2009: les organisations les plus performantes appliquent des strat\u00e9gies avanc\u00e9es, fond\u00e9es sur l\u2019it\u00e9ration rapide, l\u2019exploitation de la data et l\u2019am\u00e9lioration continue.<br \/>\n    Nous pouvons nous inspirer de benchmarks, d\u2019\u00e9tudes sectorielles et de tendances observ\u00e9es au <u>CES 2024 de Las Vegas<\/u> pour optimiser nos propres r\u00e9alisations.\n  <\/p>\n<ul>\n<li><strong>D\u00e9marche Lean et focalisation sur la valeur ajout\u00e9e<\/strong> : \u00c9liminer les t\u00e2ches \u00e0 faible valeur, automatiser les process et privil\u00e9gier l\u2019apprentissage it\u00e9ratif sont les mantras chez <strong>Toyota Motor Corporation<\/strong>. L\u2019it\u00e9ration rapide facilite la correction des erreurs et le recentrage des efforts.<\/li>\n<li><strong>Utilisation des outils num\u00e9riques et data<\/strong> : Le recours \u00e0 des plateformes telles que <strong>Microsoft Power BI<\/strong>, <strong>Smartsheet<\/strong> ou <strong>ClickUp<\/strong> permet de piloter en temps r\u00e9el, d\u2019automatiser le reporting et d\u2019exploiter la <strong>big data<\/strong> pour la pr\u00e9vision et l\u2019optimisation.<\/li>\n<li><strong>Culture du feedback et am\u00e9lioration continue<\/strong> : Les r\u00e9trospectives agiles, la boucle de retour d\u2019exp\u00e9rience, appliqu\u00e9es chez <strong>Decathlon France<\/strong> et <strong>Salesforce<\/strong> (\u201cEinstein GPT\u201d, <strong>septembre 2024<\/strong>), enrichissent l\u2019organisation, acc\u00e9l\u00e8rent l\u2019apprentissage et renforcent la performance collective.<\/li>\n<li><strong>\u00c9viter les \u00e9cueils fr\u00e9quents<\/strong> : Le manque de vision partag\u00e9e, la sous-\u00e9valuation des ressources n\u00e9cessaires, la r\u00e9sistance au changement ou l\u2019absence de suivis r\u00e9guliers figurent parmi les causes majeures d\u2019\u00e9chec, d\u2019apr\u00e8s l\u2019\u00e9tude <strong>Gartner 2025<\/strong>.<\/li>\n<\/ul>\n<p>\n    D\u2019apr\u00e8s le barom\u00e8tre <strong>Malakoff Humanis<\/strong>, les \u00e9quipes projet ayant mis en \u0153uvre un pilotage collaboratif et digitalis\u00e9 ont observ\u00e9 une <u>hausse de 23% de leur productivit\u00e9<\/u>,<br \/>\n    tandis que la d\u00e9marche Lean adopt\u00e9e par <strong>Air France<\/strong> a permis une <u>r\u00e9duction de 28% des co\u00fbts op\u00e9rationnels<\/u> en <u>2024<\/u>.<br \/>\n    Nous recommandons l\u2019audit r\u00e9gulier des process, la formation continue aux outils \u00e9mergents comme l\u2019<strong>IA g\u00e9n\u00e9rative<\/strong> et le partage des bonnes pratiques entre acteurs du projet.\n  <\/p>\n<ul>\n<li>Le benchmark r\u00e9alis\u00e9 aupr\u00e8s de <strong>Siemens AG<\/strong> montre que l\u2019automatisation des t\u00e2ches r\u00e9currentes accro\u00eet la satisfaction des collaborateurs de <u>31%<\/u>, tout en acc\u00e9l\u00e9rant la livraison des livrables.<\/li>\n<li>L\u2019int\u00e9gration de feedbacks clients dans le d\u00e9veloppement produit, illustr\u00e9e par <strong>Apple Inc.<\/strong> pour l\u2019<strong>iPhone 15 Pro<\/strong>, aboutit \u00e0 une am\u00e9lioration continue et \u00e0 la fid\u00e9lisation de la client\u00e8le.<\/li>\n<li>Les tendances 2025 confortent une mont\u00e9e en puissance du management \u00e0 distance et la d\u00e9centralisation des \u00e9quipes, gr\u00e2ce aux technologies cloud et aux outils collaboratifs.<\/li>\n<\/ul>\n<p>\n    Nous sommes persuad\u00e9s que le leadership par l\u2019innovation, la focalisation sur la valeur et la transversalit\u00e9 du pilotage constituent les piliers d\u2019une gestion de projet performante, adapt\u00e9e aux d\u00e9fis contemporains.\n  <\/p>\n<h2>Conclusion et Perspectives<\/h2>\n<p>\n    R\u00e9unir les partis-pris m\u00e9thodologiques, anticiper les obstacles, faire preuve d\u2019agilit\u00e9 et piloter en mode collaboratif sont les axes structurants pour r\u00e9ussir ses projets dans l\u2019\u00e9conomie actuelle.<br \/>\n    S\u2019approprier une d\u00e9marche proactive, s\u2019appuyer sur des outils digitaux adapt\u00e9s et s\u2019inscrire dans une dynamique d\u2019am\u00e9lioration continue ouvrent la voie \u00e0 une croissance durable et \u00e0 l\u2019innovation.<br \/>\n    Nous avons la conviction que l\u2019avenir de la gestion de projet, port\u00e9 par l\u2019\u00e9mergence de solutions bas\u00e9es sur l\u2019<strong>intelligence artificielle<\/strong> (ex: <strong>Einstein GPT<\/strong> de <strong>Salesforce<\/strong>),<br \/>\n    la mont\u00e9e des enjeux \u00e9thiques, et le d\u00e9ploiement acc\u00e9l\u00e9r\u00e9 du management \u00e0 distance reshaperont les pratiques en <u>2026 et au-del\u00e0<\/u>.<br \/>\n    \u00catre acteur de ses propres projets suppose une capacit\u00e9 d\u2019adaptation permanente, l\u2019audace d\u2019innover et la volont\u00e9 de capitaliser sur l\u2019intelligence collective. L\u2019expertise, l\u2019analyse approfondie et la structuration des m\u00e9thodes s\u2019av\u00e8rent indispensables pour transformer chaque projet en moteur de r\u00e9ussite, de diff\u00e9renciation et de croissance.\n  <\/p>\n","protected":false},"excerpt":{"rendered":"","protected":false},"author":34,"featured_media":8169,"comment_status":"open","ping_status":"open","sticky":false,"template":"","format":"standard","meta":{"_acf_changed":false,"manual_indexmenow":false,"indexmenow_id_project":0,"footnotes":""},"categories":[4521],"tags":[5166,5165,3145],"class_list":["post-8167","post","type-post","status-publish","format-standard","has-post-thumbnail","hentry","category-innovation-et-technologie","tag-economie-connaissance","tag-gestion-projet","tag-innovation","generate-columns","tablet-grid-50","mobile-grid-100","grid-parent","grid-25"],"acf":[],"yoast_head":"<!-- This site is optimized with the Yoast SEO Premium plugin v21.3 (Yoast SEO v25.6) - https:\/\/yoast.com\/wordpress\/plugins\/seo\/ -->\n<title>Les cl\u00e9s pour r\u00e9ussir ses projets dans l&#039;\u00e9conomie<\/title>\n<meta name=\"description\" content=\"Nous \u00e9voluons au c\u0153ur d\u2019une \u00e9conomie de la connaissance voulue par des acteurs tels que Microsoft Corporation, g\u00e9ant technologique ou Google LLC, o\u00f9\u2026\" \/>\n<meta name=\"robots\" content=\"index, follow, max-snippet:-1, max-image-preview:large, max-video-preview:-1\" \/>\n<link rel=\"canonical\" href=\"https:\/\/lasocietenouvelle.net\/blog\/innovation-et-technologie\/les-cles-pour-reussir-ses-projets-dans-leconomie-de-la-connaissance\/\" \/>\n<meta property=\"og:locale\" content=\"fr_FR\" \/>\n<meta property=\"og:type\" content=\"article\" \/>\n<meta property=\"og:title\" content=\"Les cl\u00e9s pour r\u00e9ussir ses projets dans l&#039;\u00e9conomie\" \/>\n<meta property=\"og:description\" content=\"Nous \u00e9voluons au c\u0153ur d\u2019une \u00e9conomie de la connaissance voulue par des acteurs tels que Microsoft Corporation, g\u00e9ant technologique ou Google LLC, o\u00f9\u2026\" \/>\n<meta property=\"og:url\" content=\"https:\/\/lasocietenouvelle.net\/blog\/innovation-et-technologie\/les-cles-pour-reussir-ses-projets-dans-leconomie-de-la-connaissance\/\" \/>\n<meta property=\"og:site_name\" content=\"lasocietenouvelle\" \/>\n<meta property=\"og:image\" content=\"https:\/\/lasocietenouvelle.net\/blog\/wp-content\/uploads\/2025\/08\/pag-image-689c5151c1ac7-scaled.png\" \/>\n\t<meta property=\"og:image:width\" content=\"1200\" \/>\n\t<meta property=\"og:image:height\" content=\"686\" \/>\n\t<meta property=\"og:image:type\" content=\"image\/png\" \/>\n<meta name=\"author\" content=\"Claire Desprats\" \/>\n<meta name=\"twitter:card\" content=\"summary_large_image\" \/>\n<script type=\"application\/ld+json\" class=\"yoast-schema-graph\">{\"@context\":\"https:\/\/schema.org\",\"@graph\":[{\"@type\":\"NewsArticle\",\"@id\":\"https:\/\/lasocietenouvelle.net\/blog\/innovation-et-technologie\/les-cles-pour-reussir-ses-projets-dans-leconomie-de-la-connaissance\/#article\",\"isPartOf\":{\"@id\":\"https:\/\/lasocietenouvelle.net\/blog\/innovation-et-technologie\/les-cles-pour-reussir-ses-projets-dans-leconomie-de-la-connaissance\/\"},\"author\":{\"name\":\"Claire Desprats\",\"@id\":\"https:\/\/lasocietenouvelle.net\/blog\/#\/schema\/person\/3c864cdc320801e3db34b663e7e3f816\"},\"headline\":\"Les cl\u00e9s pour r\u00e9ussir ses projets dans l&rsquo;\u00e9conomie de la connaissance\",\"datePublished\":\"2025-08-21T07:49:00+00:00\",\"mainEntityOfPage\":{\"@id\":\"https:\/\/lasocietenouvelle.net\/blog\/innovation-et-technologie\/les-cles-pour-reussir-ses-projets-dans-leconomie-de-la-connaissance\/\"},\"wordCount\":2268,\"commentCount\":0,\"publisher\":{\"@id\":\"https:\/\/lasocietenouvelle.net\/blog\/#organization\"},\"image\":{\"@id\":\"https:\/\/lasocietenouvelle.net\/blog\/innovation-et-technologie\/les-cles-pour-reussir-ses-projets-dans-leconomie-de-la-connaissance\/#primaryimage\"},\"thumbnailUrl\":\"https:\/\/lasocietenouvelle.net\/blog\/wp-content\/uploads\/2025\/08\/pag-image-689c5151c1ac7-scaled.png\",\"keywords\":[\"economie connaissance\",\"gestion projet\",\"Innovation\"],\"articleSection\":[\"Innovation et Technologie\"],\"inLanguage\":\"fr-FR\",\"potentialAction\":[{\"@type\":\"CommentAction\",\"name\":\"Comment\",\"target\":[\"https:\/\/lasocietenouvelle.net\/blog\/innovation-et-technologie\/les-cles-pour-reussir-ses-projets-dans-leconomie-de-la-connaissance\/#respond\"]}]},{\"@type\":\"WebPage\",\"@id\":\"https:\/\/lasocietenouvelle.net\/blog\/innovation-et-technologie\/les-cles-pour-reussir-ses-projets-dans-leconomie-de-la-connaissance\/\",\"url\":\"https:\/\/lasocietenouvelle.net\/blog\/innovation-et-technologie\/les-cles-pour-reussir-ses-projets-dans-leconomie-de-la-connaissance\/\",\"name\":\"Les cl\u00e9s pour r\u00e9ussir ses projets dans l'\u00e9conomie\",\"isPartOf\":{\"@id\":\"https:\/\/lasocietenouvelle.net\/blog\/#website\"},\"primaryImageOfPage\":{\"@id\":\"https:\/\/lasocietenouvelle.net\/blog\/innovation-et-technologie\/les-cles-pour-reussir-ses-projets-dans-leconomie-de-la-connaissance\/#primaryimage\"},\"image\":{\"@id\":\"https:\/\/lasocietenouvelle.net\/blog\/innovation-et-technologie\/les-cles-pour-reussir-ses-projets-dans-leconomie-de-la-connaissance\/#primaryimage\"},\"thumbnailUrl\":\"https:\/\/lasocietenouvelle.net\/blog\/wp-content\/uploads\/2025\/08\/pag-image-689c5151c1ac7-scaled.png\",\"datePublished\":\"2025-08-21T07:49:00+00:00\",\"description\":\"Nous \u00e9voluons au c\u0153ur d\u2019une \u00e9conomie de la connaissance voulue par des acteurs tels que Microsoft Corporation, g\u00e9ant technologique ou Google LLC, o\u00f9\u2026\",\"inLanguage\":\"fr-FR\",\"potentialAction\":[{\"@type\":\"ReadAction\",\"target\":[\"https:\/\/lasocietenouvelle.net\/blog\/innovation-et-technologie\/les-cles-pour-reussir-ses-projets-dans-leconomie-de-la-connaissance\/\"]}]},{\"@type\":\"ImageObject\",\"inLanguage\":\"fr-FR\",\"@id\":\"https:\/\/lasocietenouvelle.net\/blog\/innovation-et-technologie\/les-cles-pour-reussir-ses-projets-dans-leconomie-de-la-connaissance\/#primaryimage\",\"url\":\"https:\/\/lasocietenouvelle.net\/blog\/wp-content\/uploads\/2025\/08\/pag-image-689c5151c1ac7-scaled.png\",\"contentUrl\":\"https:\/\/lasocietenouvelle.net\/blog\/wp-content\/uploads\/2025\/08\/pag-image-689c5151c1ac7-scaled.png\",\"width\":1200,\"height\":686,\"caption\":\"Image g\u00e9n\u00e9r\u00e9e par IA optimis\u00e9e pour Google Discover\"},{\"@type\":\"WebSite\",\"@id\":\"https:\/\/lasocietenouvelle.net\/blog\/#website\",\"url\":\"https:\/\/lasocietenouvelle.net\/blog\/\",\"name\":\"lasocietenouvelle.net\",\"description\":\"Ensemble pour une soci\u00e9t\u00e9 nouvelle.\",\"publisher\":{\"@id\":\"https:\/\/lasocietenouvelle.net\/blog\/#organization\"},\"alternateName\":\"Ensemble pour une soci\u00e9t\u00e9 nouvelle.\",\"potentialAction\":[{\"@type\":\"SearchAction\",\"target\":{\"@type\":\"EntryPoint\",\"urlTemplate\":\"https:\/\/lasocietenouvelle.net\/blog\/?s={search_term_string}\"},\"query-input\":{\"@type\":\"PropertyValueSpecification\",\"valueRequired\":true,\"valueName\":\"search_term_string\"}}],\"inLanguage\":\"fr-FR\"},{\"@type\":\"Organization\",\"@id\":\"https:\/\/lasocietenouvelle.net\/blog\/#organization\",\"name\":\"Foretsensations.fr\",\"url\":\"https:\/\/lasocietenouvelle.net\/blog\/\",\"logo\":{\"@type\":\"ImageObject\",\"inLanguage\":\"fr-FR\",\"@id\":\"https:\/\/lasocietenouvelle.net\/blog\/#\/schema\/logo\/image\/\",\"url\":\"https:\/\/lasocietenouvelle.net\/blog\/wp-content\/uploads\/2024\/12\/LaSocieteNouvelle.png\",\"contentUrl\":\"https:\/\/lasocietenouvelle.net\/blog\/wp-content\/uploads\/2024\/12\/LaSocieteNouvelle.png\",\"width\":500,\"height\":500,\"caption\":\"Foretsensations.fr\"},\"image\":{\"@id\":\"https:\/\/lasocietenouvelle.net\/blog\/#\/schema\/logo\/image\/\"}},{\"@type\":\"Person\",\"@id\":\"https:\/\/lasocietenouvelle.net\/blog\/#\/schema\/person\/3c864cdc320801e3db34b663e7e3f816\",\"name\":\"Claire Desprats\",\"image\":{\"@type\":\"ImageObject\",\"inLanguage\":\"fr-FR\",\"@id\":\"https:\/\/lasocietenouvelle.net\/blog\/#\/schema\/person\/image\/\",\"url\":\"https:\/\/lasocietenouvelle.net\/blog\/wp-content\/uploads\/2026\/06\/claire-d-lsn-2026-96x96.jpg\",\"contentUrl\":\"https:\/\/lasocietenouvelle.net\/blog\/wp-content\/uploads\/2026\/06\/claire-d-lsn-2026-96x96.jpg\",\"caption\":\"Claire Desprats\"},\"description\":\"Je d\u00e9crypte depuis une dizaine d'ann\u00e9es tout ce qui touche \u00e0 la sant\u00e9 et \u00e0 la protection sociale : compl\u00e9mentaire sant\u00e9 et mutuelle, pr\u00e9voyance et assurance, mais aussi soins du quotidien, pr\u00e9vention, parcours de soins, professions m\u00e9dicales et param\u00e9dicales, et bien-\u00eatre. J'aime rendre limpide un sujet r\u00e9put\u00e9 aride \u2014 un mot de contrat, un remboursement, un sympt\u00f4me, une d\u00e9marche administrative \u2014 avec des explications concr\u00e8tes, des fourchettes de co\u00fbts r\u00e9alistes et des crit\u00e8res v\u00e9rifiables. Avant de publier, je recoupe mes sources (textes officiels, organismes, notices), je distingue l'information g\u00e9n\u00e9rale du conseil personnalis\u00e9, et je rappelle syst\u00e9matiquement que mes articles ne remplacent ni un avis m\u00e9dical ni l'\u00e9tude d'un contrat par un professionnel. Mon objectif : aider chacun \u00e0 faire des choix \u00e9clair\u00e9s pour sa sant\u00e9 et sa couverture, en toute ind\u00e9pendance.\",\"sameAs\":[\"https:\/\/clairedesprats.fr\/\"],\"url\":\"https:\/\/lasocietenouvelle.net\/blog\/auteur\/noname\/\"}]}<\/script>\n<!-- \/ Yoast SEO Premium plugin. -->","yoast_head_json":{"title":"Les cl\u00e9s pour r\u00e9ussir ses projets dans l'\u00e9conomie","description":"Nous \u00e9voluons au c\u0153ur d\u2019une \u00e9conomie de la connaissance voulue par des acteurs tels que Microsoft Corporation, g\u00e9ant technologique ou Google LLC, o\u00f9\u2026","robots":{"index":"index","follow":"follow","max-snippet":"max-snippet:-1","max-image-preview":"max-image-preview:large","max-video-preview":"max-video-preview:-1"},"canonical":"https:\/\/lasocietenouvelle.net\/blog\/innovation-et-technologie\/les-cles-pour-reussir-ses-projets-dans-leconomie-de-la-connaissance\/","og_locale":"fr_FR","og_type":"article","og_title":"Les cl\u00e9s pour r\u00e9ussir ses projets dans l'\u00e9conomie","og_description":"Nous \u00e9voluons au c\u0153ur d\u2019une \u00e9conomie de la connaissance voulue par des acteurs tels que Microsoft Corporation, g\u00e9ant technologique ou Google LLC, o\u00f9\u2026","og_url":"https:\/\/lasocietenouvelle.net\/blog\/innovation-et-technologie\/les-cles-pour-reussir-ses-projets-dans-leconomie-de-la-connaissance\/","og_site_name":"lasocietenouvelle","og_image":[{"width":1200,"height":686,"url":"https:\/\/lasocietenouvelle.net\/blog\/wp-content\/uploads\/2025\/08\/pag-image-689c5151c1ac7-scaled.png","type":"image\/png"}],"author":"Claire Desprats","twitter_card":"summary_large_image","schema":{"@context":"https:\/\/schema.org","@graph":[{"@type":"NewsArticle","@id":"https:\/\/lasocietenouvelle.net\/blog\/innovation-et-technologie\/les-cles-pour-reussir-ses-projets-dans-leconomie-de-la-connaissance\/#article","isPartOf":{"@id":"https:\/\/lasocietenouvelle.net\/blog\/innovation-et-technologie\/les-cles-pour-reussir-ses-projets-dans-leconomie-de-la-connaissance\/"},"author":{"name":"Claire Desprats","@id":"https:\/\/lasocietenouvelle.net\/blog\/#\/schema\/person\/3c864cdc320801e3db34b663e7e3f816"},"headline":"Les cl\u00e9s pour r\u00e9ussir ses projets dans l&rsquo;\u00e9conomie de la connaissance","datePublished":"2025-08-21T07:49:00+00:00","mainEntityOfPage":{"@id":"https:\/\/lasocietenouvelle.net\/blog\/innovation-et-technologie\/les-cles-pour-reussir-ses-projets-dans-leconomie-de-la-connaissance\/"},"wordCount":2268,"commentCount":0,"publisher":{"@id":"https:\/\/lasocietenouvelle.net\/blog\/#organization"},"image":{"@id":"https:\/\/lasocietenouvelle.net\/blog\/innovation-et-technologie\/les-cles-pour-reussir-ses-projets-dans-leconomie-de-la-connaissance\/#primaryimage"},"thumbnailUrl":"https:\/\/lasocietenouvelle.net\/blog\/wp-content\/uploads\/2025\/08\/pag-image-689c5151c1ac7-scaled.png","keywords":["economie connaissance","gestion projet","Innovation"],"articleSection":["Innovation et Technologie"],"inLanguage":"fr-FR","potentialAction":[{"@type":"CommentAction","name":"Comment","target":["https:\/\/lasocietenouvelle.net\/blog\/innovation-et-technologie\/les-cles-pour-reussir-ses-projets-dans-leconomie-de-la-connaissance\/#respond"]}]},{"@type":"WebPage","@id":"https:\/\/lasocietenouvelle.net\/blog\/innovation-et-technologie\/les-cles-pour-reussir-ses-projets-dans-leconomie-de-la-connaissance\/","url":"https:\/\/lasocietenouvelle.net\/blog\/innovation-et-technologie\/les-cles-pour-reussir-ses-projets-dans-leconomie-de-la-connaissance\/","name":"Les cl\u00e9s pour r\u00e9ussir ses projets dans l'\u00e9conomie","isPartOf":{"@id":"https:\/\/lasocietenouvelle.net\/blog\/#website"},"primaryImageOfPage":{"@id":"https:\/\/lasocietenouvelle.net\/blog\/innovation-et-technologie\/les-cles-pour-reussir-ses-projets-dans-leconomie-de-la-connaissance\/#primaryimage"},"image":{"@id":"https:\/\/lasocietenouvelle.net\/blog\/innovation-et-technologie\/les-cles-pour-reussir-ses-projets-dans-leconomie-de-la-connaissance\/#primaryimage"},"thumbnailUrl":"https:\/\/lasocietenouvelle.net\/blog\/wp-content\/uploads\/2025\/08\/pag-image-689c5151c1ac7-scaled.png","datePublished":"2025-08-21T07:49:00+00:00","description":"Nous \u00e9voluons au c\u0153ur d\u2019une \u00e9conomie de la connaissance voulue par des acteurs tels que Microsoft Corporation, g\u00e9ant technologique ou Google LLC, o\u00f9\u2026","inLanguage":"fr-FR","potentialAction":[{"@type":"ReadAction","target":["https:\/\/lasocietenouvelle.net\/blog\/innovation-et-technologie\/les-cles-pour-reussir-ses-projets-dans-leconomie-de-la-connaissance\/"]}]},{"@type":"ImageObject","inLanguage":"fr-FR","@id":"https:\/\/lasocietenouvelle.net\/blog\/innovation-et-technologie\/les-cles-pour-reussir-ses-projets-dans-leconomie-de-la-connaissance\/#primaryimage","url":"https:\/\/lasocietenouvelle.net\/blog\/wp-content\/uploads\/2025\/08\/pag-image-689c5151c1ac7-scaled.png","contentUrl":"https:\/\/lasocietenouvelle.net\/blog\/wp-content\/uploads\/2025\/08\/pag-image-689c5151c1ac7-scaled.png","width":1200,"height":686,"caption":"Image g\u00e9n\u00e9r\u00e9e par IA optimis\u00e9e pour Google Discover"},{"@type":"WebSite","@id":"https:\/\/lasocietenouvelle.net\/blog\/#website","url":"https:\/\/lasocietenouvelle.net\/blog\/","name":"lasocietenouvelle.net","description":"Ensemble pour une soci\u00e9t\u00e9 nouvelle.","publisher":{"@id":"https:\/\/lasocietenouvelle.net\/blog\/#organization"},"alternateName":"Ensemble pour une soci\u00e9t\u00e9 nouvelle.","potentialAction":[{"@type":"SearchAction","target":{"@type":"EntryPoint","urlTemplate":"https:\/\/lasocietenouvelle.net\/blog\/?s={search_term_string}"},"query-input":{"@type":"PropertyValueSpecification","valueRequired":true,"valueName":"search_term_string"}}],"inLanguage":"fr-FR"},{"@type":"Organization","@id":"https:\/\/lasocietenouvelle.net\/blog\/#organization","name":"Foretsensations.fr","url":"https:\/\/lasocietenouvelle.net\/blog\/","logo":{"@type":"ImageObject","inLanguage":"fr-FR","@id":"https:\/\/lasocietenouvelle.net\/blog\/#\/schema\/logo\/image\/","url":"https:\/\/lasocietenouvelle.net\/blog\/wp-content\/uploads\/2024\/12\/LaSocieteNouvelle.png","contentUrl":"https:\/\/lasocietenouvelle.net\/blog\/wp-content\/uploads\/2024\/12\/LaSocieteNouvelle.png","width":500,"height":500,"caption":"Foretsensations.fr"},"image":{"@id":"https:\/\/lasocietenouvelle.net\/blog\/#\/schema\/logo\/image\/"}},{"@type":"Person","@id":"https:\/\/lasocietenouvelle.net\/blog\/#\/schema\/person\/3c864cdc320801e3db34b663e7e3f816","name":"Claire Desprats","image":{"@type":"ImageObject","inLanguage":"fr-FR","@id":"https:\/\/lasocietenouvelle.net\/blog\/#\/schema\/person\/image\/","url":"https:\/\/lasocietenouvelle.net\/blog\/wp-content\/uploads\/2026\/06\/claire-d-lsn-2026-96x96.jpg","contentUrl":"https:\/\/lasocietenouvelle.net\/blog\/wp-content\/uploads\/2026\/06\/claire-d-lsn-2026-96x96.jpg","caption":"Claire Desprats"},"description":"Je d\u00e9crypte depuis une dizaine d'ann\u00e9es tout ce qui touche \u00e0 la sant\u00e9 et \u00e0 la protection sociale : compl\u00e9mentaire sant\u00e9 et mutuelle, pr\u00e9voyance et assurance, mais aussi soins du quotidien, pr\u00e9vention, parcours de soins, professions m\u00e9dicales et param\u00e9dicales, et bien-\u00eatre. J'aime rendre limpide un sujet r\u00e9put\u00e9 aride \u2014 un mot de contrat, un remboursement, un sympt\u00f4me, une d\u00e9marche administrative \u2014 avec des explications concr\u00e8tes, des fourchettes de co\u00fbts r\u00e9alistes et des crit\u00e8res v\u00e9rifiables. Avant de publier, je recoupe mes sources (textes officiels, organismes, notices), je distingue l'information g\u00e9n\u00e9rale du conseil personnalis\u00e9, et je rappelle syst\u00e9matiquement que mes articles ne remplacent ni un avis m\u00e9dical ni l'\u00e9tude d'un contrat par un professionnel. Mon objectif : aider chacun \u00e0 faire des choix \u00e9clair\u00e9s pour sa sant\u00e9 et sa couverture, en toute ind\u00e9pendance.","sameAs":["https:\/\/clairedesprats.fr\/"],"url":"https:\/\/lasocietenouvelle.net\/blog\/auteur\/noname\/"}]}},"_links":{"self":[{"href":"https:\/\/lasocietenouvelle.net\/blog\/wp-json\/wp\/v2\/posts\/8167","targetHints":{"allow":["GET"]}}],"collection":[{"href":"https:\/\/lasocietenouvelle.net\/blog\/wp-json\/wp\/v2\/posts"}],"about":[{"href":"https:\/\/lasocietenouvelle.net\/blog\/wp-json\/wp\/v2\/types\/post"}],"author":[{"embeddable":true,"href":"https:\/\/lasocietenouvelle.net\/blog\/wp-json\/wp\/v2\/users\/34"}],"replies":[{"embeddable":true,"href":"https:\/\/lasocietenouvelle.net\/blog\/wp-json\/wp\/v2\/comments?post=8167"}],"version-history":[{"count":1,"href":"https:\/\/lasocietenouvelle.net\/blog\/wp-json\/wp\/v2\/posts\/8167\/revisions"}],"predecessor-version":[{"id":8193,"href":"https:\/\/lasocietenouvelle.net\/blog\/wp-json\/wp\/v2\/posts\/8167\/revisions\/8193"}],"wp:featuredmedia":[{"embeddable":true,"href":"https:\/\/lasocietenouvelle.net\/blog\/wp-json\/wp\/v2\/media\/8169"}],"wp:attachment":[{"href":"https:\/\/lasocietenouvelle.net\/blog\/wp-json\/wp\/v2\/media?parent=8167"}],"wp:term":[{"taxonomy":"category","embeddable":true,"href":"https:\/\/lasocietenouvelle.net\/blog\/wp-json\/wp\/v2\/categories?post=8167"},{"taxonomy":"post_tag","embeddable":true,"href":"https:\/\/lasocietenouvelle.net\/blog\/wp-json\/wp\/v2\/tags?post=8167"}],"curies":[{"name":"wp","href":"https:\/\/api.w.org\/{rel}","templated":true}]}}