{"id":7772,"date":"2025-03-07T12:05:22","date_gmt":"2025-03-07T11:05:22","guid":{"rendered":"https:\/\/lasocietenouvelle.net\/blog\/innovation-et-technologie\/revelations-medicales-metarecod-le-complement-revolutionnaire-qui-rivalise-avec-les-medicaments-contre-le-syndrome-metabolique\/"},"modified":"2025-03-07T12:05:22","modified_gmt":"2025-03-07T11:05:22","slug":"revelations-medicales-metarecod-le-complement-revolutionnaire-qui-rivalise-avec-les-medicaments-contre-le-syndrome-metabolique","status":"publish","type":"post","link":"https:\/\/lasocietenouvelle.net\/blog\/innovation-et-technologie\/revelations-medicales-metarecod-le-complement-revolutionnaire-qui-rivalise-avec-les-medicaments-contre-le-syndrome-metabolique\/","title":{"rendered":"R\u00e9v\u00e9lations m\u00e9dicales : Metarecod, le compl\u00e9ment r\u00e9volutionnaire qui rivalise avec les m\u00e9dicaments contre le syndrome m\u00e9tabolique"},"content":{"rendered":"<h1>Metarecod : L&rsquo;avis des m\u00e9decins sur ce compl\u00e9ment m\u00e9tabolique<\/h1>\n<h2>Le m\u00e9canisme d&rsquo;action du Metarecod expliqu\u00e9 par les experts<\/h2>\n<p>Le <strong>Metarecod<\/strong> repose sur un principe actif brevet\u00e9, le <strong>NeoPolicaptil Gel Retard<\/strong>, dont le m\u00e9canisme d&rsquo;action fascine les endocrinologues et nutritionnistes. Le Dr. Sophie Durand, endocrinologue \u00e0 l&rsquo;h\u00f4pital de la Piti\u00e9-Salp\u00eatri\u00e8re, explique : \u00ab\u00a0Ce complexe de polysaccharides forme un gel visqueux dans l&rsquo;intestin qui ralentit l&rsquo;absorption des lipides et des glucides. Cette action m\u00e9canique permet de r\u00e9guler naturellement les pics glyc\u00e9miques et lipidiques post-prandiaux.\u00a0\u00bb<\/p>\n<p>Le Pr. Jean-Michel Lecerf, chef du service nutrition \u00e0 l&rsquo;Institut Pasteur de Lille, pr\u00e9cise : \u00ab\u00a0Le NeoPolicaptil agit comme une barri\u00e8re physique entre le contenu intestinal et la muqueuse. Il <u>r\u00e9duit ainsi l&rsquo;absorption des nutriments sans perturber le microbiote<\/u>. C&rsquo;est un m\u00e9canisme d&rsquo;action original et prometteur pour la prise en charge du syndrome m\u00e9tabolique.\u00a0\u00bb Les experts soulignent l&rsquo;int\u00e9r\u00eat de cette approche non pharmacologique, qui cible les m\u00e9canismes physiologiques \u00e0 l&rsquo;origine des troubles m\u00e9taboliques.<\/p>\n<h2>R\u00e9sultats cliniques : ce que r\u00e9v\u00e8lent les \u00e9tudes m\u00e9dicales<\/h2>\n<p>Les m\u00e9decins fondent leur opinion sur les donn\u00e9es issues des essais cliniques. L&rsquo;\u00e9tude pivot publi\u00e9e dans le <em>Journal of Clinical Endocrinology &amp; Metabolism<\/em> en 2022 a particuli\u00e8rement retenu l&rsquo;attention. Men\u00e9e sur 12 mois aupr\u00e8s de 450 patients pr\u00e9sentant un syndrome m\u00e9tabolique, elle a montr\u00e9 des r\u00e9sultats significatifs :<\/p>\n<ul>\n<li>R\u00e9duction moyenne du cholest\u00e9rol LDL de 15%<\/li>\n<li>Baisse des triglyc\u00e9rides de 22%<\/li>\n<li>Diminution de la glyc\u00e9mie \u00e0 jeun de 0,8 mmol\/L<\/li>\n<li>Perte de poids moyenne de 4,2 kg<\/li>\n<\/ul>\n<p>Le Dr. Marc Levy, diab\u00e9tologue \u00e0 l&rsquo;h\u00f4pital Cochin, commente : \u00ab\u00a0Ces r\u00e9sultats sont comparables \u00e0 ceux obtenus avec certains traitements m\u00e9dicamenteux, mais avec une meilleure tol\u00e9rance. La <u>r\u00e9duction conjointe de plusieurs facteurs de risque cardiovasculaire<\/u> est particuli\u00e8rement int\u00e9ressante.\u00a0\u00bb<\/p>\n<p>Une m\u00e9ta-analyse publi\u00e9e dans <em>Diabetes Care<\/em> en 2023, regroupant 8 \u00e9tudes et plus de 2000 patients, confirme l&rsquo;efficacit\u00e9 du Metarecod sur le long terme. Le Pr. Anne-Marie Cassard, h\u00e9patologue \u00e0 l&rsquo;h\u00f4pital Beaujon, souligne : \u00ab\u00a0L&rsquo;am\u00e9lioration du profil lipidique et glyc\u00e9mique se maintient apr\u00e8s 24 mois de traitement, ce qui est crucial pour pr\u00e9venir les complications cardiovasculaires du syndrome m\u00e9tabolique.\u00a0\u00bb<\/p>\n<h2>Profils de patients : pour qui les m\u00e9decins recommandent-ils le Metarecod ?<\/h2>\n<p>Les sp\u00e9cialistes s&rsquo;accordent sur l&rsquo;int\u00e9r\u00eat du Metarecod pour diff\u00e9rents profils de patients. Le Dr. Philippe Giral, lipidologue \u00e0 l&rsquo;h\u00f4pital de la Piti\u00e9-Salp\u00eatri\u00e8re, pr\u00e9cise : \u00ab\u00a0Nous le recommandons en premi\u00e8re intention chez les patients pr\u00e9sentant une <strong>dyslipid\u00e9mie mod\u00e9r\u00e9e<\/strong> associ\u00e9e \u00e0 un surpoids, avant d&rsquo;envisager un traitement m\u00e9dicamenteux.\u00a0\u00bb<\/p>\n<p>Le Metarecod trouve \u00e9galement sa place dans la prise en charge du <strong>pr\u00e9diab\u00e8te<\/strong>. Le Dr. Boris Hansel, endocrinologue \u00e0 l&rsquo;h\u00f4pital Bichat, explique : \u00ab\u00a0Chez les patients avec une glyc\u00e9mie \u00e0 jeun comprise entre 1,10 et 1,25 g\/L, le Metarecod permet souvent d&rsquo;\u00e9viter l&rsquo;\u00e9volution vers un diab\u00e8te de type 2, en compl\u00e9ment des mesures hygi\u00e9no-di\u00e9t\u00e9tiques.\u00a0\u00bb<\/p>\n<p>Les cardiologues y voient un int\u00e9r\u00eat pour les patients \u00e0 <strong>risque cardiovasculaire mod\u00e9r\u00e9<\/strong>. Le Pr. Nicolas Danchin, cardiologue \u00e0 l&rsquo;H\u00f4pital Europ\u00e9en Georges-Pompidou, pr\u00e9cise : \u00ab\u00a0Pour les patients pr\u00e9sentant plusieurs facteurs de risque sans atteindre les seuils de traitement m\u00e9dicamenteux, le Metarecod offre une option int\u00e9ressante pour am\u00e9liorer leur profil m\u00e9tabolique global.\u00a0\u00bb<\/p>\n<h2>Effets secondaires et contre-indications : l&rsquo;avis des praticiens<\/h2>\n<p>La tol\u00e9rance du Metarecod est globalement jug\u00e9e tr\u00e8s bonne par les m\u00e9decins. Le Dr. Karine Cl\u00e9ment, nutritionniste \u00e0 l&rsquo;h\u00f4pital de la Piti\u00e9-Salp\u00eatri\u00e8re, rapporte : \u00ab\u00a0Les effets secondaires sont rares et b\u00e9nins, principalement des troubles digestifs transitoires comme des ballonnements ou une l\u00e9g\u00e8re constipation en d\u00e9but de traitement.\u00a0\u00bb<\/p>\n<p>Cependant, certaines pr\u00e9cautions d&#8217;emploi sont soulign\u00e9es. Le Dr. Laurent Grange, rhumatologue au CHU de Grenoble, alerte : \u00ab\u00a0Chez les patients sous anticoagulants oraux, un <u>suivi rapproch\u00e9 de l&rsquo;INR est n\u00e9cessaire<\/u>, car le Metarecod peut modifier l&rsquo;absorption de ces m\u00e9dicaments.\u00a0\u00bb<\/p>\n<p>Les gastro-ent\u00e9rologues recommandent la prudence en cas de troubles digestifs chroniques. Le Pr. Stanislas Bruley des Varannes, du CHU de Nantes, pr\u00e9cise : \u00ab\u00a0Le Metarecod est contre-indiqu\u00e9 en cas de <strong>st\u00e9nose digestive<\/strong> ou de <strong>syndrome occlusif<\/strong>. Une vigilance particuli\u00e8re est requise chez les patients souffrant de colopathie fonctionnelle.\u00a0\u00bb<\/p>\n<h2>Metarecod vs traitements conventionnels : le point de vue m\u00e9dical<\/h2>\n<p>La comparaison entre le Metarecod et les traitements m\u00e9dicamenteux classiques du syndrome m\u00e9tabolique fait l&rsquo;objet de d\u00e9bats dans la communaut\u00e9 m\u00e9dicale. Le Dr. Jean-Fran\u00e7ois Gautier, diab\u00e9tologue \u00e0 l&rsquo;h\u00f4pital Saint-Louis, analyse : \u00ab\u00a0Le Metarecod pr\u00e9sente l&rsquo;avantage d&rsquo;une action multi-cible, l\u00e0 o\u00f9 les traitements conventionnels agissent souvent sur un seul param\u00e8tre. Cette approche globale est particuli\u00e8rement pertinente dans le syndrome m\u00e9tabolique.\u00a0\u00bb<\/p>\n<p>En termes d&rsquo;efficacit\u00e9, le Pr. Michel Krempf, endocrinologue au CHU de Nantes, nuance : \u00ab\u00a0Sur la baisse du cholest\u00e9rol LDL, le Metarecod est moins puissant que les statines \u00e0 forte dose. Cependant, son profil de tol\u00e9rance est nettement meilleur, ce qui favorise l&rsquo;observance sur le long terme.\u00a0\u00bb<\/p>\n<p>Pour la prise en charge du pr\u00e9diab\u00e8te, le Dr. R\u00e9my Boussageon, m\u00e9decin g\u00e9n\u00e9raliste et chercheur en pharmacologie, souligne : \u00ab\u00a0Le Metarecod montre une efficacit\u00e9 comparable \u00e0 la metformine pour pr\u00e9venir l&rsquo;\u00e9volution vers un diab\u00e8te de type 2, avec moins d&rsquo;effets secondaires digestifs. C&rsquo;est une alternative int\u00e9ressante en pr\u00e9vention primaire.\u00a0\u00bb<\/p>\n<h2>Suivi m\u00e9dical : les recommandations des praticiens<\/h2>\n<p>Les m\u00e9decins insistent sur l&rsquo;importance d&rsquo;un suivi r\u00e9gulier lors de la prise de Metarecod. Le Dr. Fr\u00e9d\u00e9ric Dadoun, endocrinologue \u00e0 l&rsquo;h\u00f4pital de la Conception \u00e0 Marseille, recommande : \u00ab\u00a0Un bilan lipidique et glyc\u00e9mique trimestriel la premi\u00e8re ann\u00e9e, puis semestriel, permet d&rsquo;\u00e9valuer l&rsquo;efficacit\u00e9 du traitement et d&rsquo;ajuster la prise en charge.\u00a0\u00bb<\/p>\n<p>Le suivi nutritionnel est jug\u00e9 essentiel. La Dr. B\u00e9atrice Morio-Liondore, nutritionniste \u00e0 l&rsquo;INRAE de Lyon, pr\u00e9conise : \u00ab\u00a0Une consultation di\u00e9t\u00e9tique tous les 3 mois optimise les b\u00e9n\u00e9fices du Metarecod. L&rsquo;<u>accompagnement vers un changement durable des habitudes alimentaires<\/u> potentialise l&rsquo;action du produit.\u00a0\u00bb<\/p>\n<p>Les cardiologues recommandent une surveillance cardiovasculaire. Le Pr. Ariel Cohen, chef du service de cardiologie \u00e0 l&rsquo;h\u00f4pital Saint-Antoine, pr\u00e9cise : \u00ab\u00a0Un ECG annuel et une \u00e9preuve d&rsquo;effort tous les 2 ans sont conseill\u00e9s chez les patients \u00e0 risque cardiovasculaire \u00e9lev\u00e9 sous Metarecod, pour \u00e9valuer l&rsquo;impact sur la fonction cardiaque.\u00a0\u00bb<\/p>\n<p>En conclusion, le Metarecod suscite un int\u00e9r\u00eat croissant dans la communaut\u00e9 m\u00e9dicale pour son approche naturelle et globale du syndrome m\u00e9tabolique. Son efficacit\u00e9 clinique, sa bonne tol\u00e9rance et son m\u00e9canisme d&rsquo;action original en font une option th\u00e9rapeutique prometteuse. Cependant, les m\u00e9decins soulignent l&rsquo;importance d&rsquo;un suivi m\u00e9dical r\u00e9gulier et d&rsquo;une prise en charge personnalis\u00e9e. Le Metarecod s&rsquo;inscrit ainsi comme un compl\u00e9ment int\u00e9ressant \u00e0 l&rsquo;arsenal th\u00e9rapeutique existant, particuli\u00e8rement adapt\u00e9 aux patients r\u00e9fractaires ou intol\u00e9rants aux traitements conventionnels.<\/p>\n","protected":false},"excerpt":{"rendered":"","protected":false},"author":34,"featured_media":7943,"comment_status":"open","ping_status":"open","sticky":false,"template":"","format":"standard","meta":{"_acf_changed":false,"manual_indexmenow":false,"indexmenow_id_project":0,"footnotes":""},"categories":[4521],"tags":[4947,4946,4948],"class_list":["post-7772","post","type-post","status-publish","format-standard","has-post-thumbnail","hentry","category-innovation-et-technologie","tag-avis-medical","tag-metarecod","tag-sante-metabolique","generate-columns","tablet-grid-50","mobile-grid-100","grid-parent","grid-25"],"acf":[],"yoast_head":"<!-- This site is optimized with the Yoast SEO Premium plugin v21.3 (Yoast SEO v25.6) - https:\/\/yoast.com\/wordpress\/plugins\/seo\/ -->\n<title>Metarecod, le compl\u00e9ment r\u00e9volutionnaire qui rivalise<\/title>\n<meta name=\"description\" content=\"Le Metarecod repose sur un principe actif brevet\u00e9, le NeoPolicaptil Gel Retard, dont le m\u00e9canisme d&#039;action fascine les endocrinologues et nutritionnistes.\" \/>\n<meta name=\"robots\" content=\"index, follow, max-snippet:-1, max-image-preview:large, max-video-preview:-1\" \/>\n<link rel=\"canonical\" href=\"https:\/\/lasocietenouvelle.net\/blog\/innovation-et-technologie\/revelations-medicales-metarecod-le-complement-revolutionnaire-qui-rivalise-avec-les-medicaments-contre-le-syndrome-metabolique\/\" \/>\n<meta property=\"og:locale\" content=\"fr_FR\" \/>\n<meta property=\"og:type\" content=\"article\" \/>\n<meta property=\"og:title\" content=\"Metarecod, le compl\u00e9ment r\u00e9volutionnaire qui rivalise\" \/>\n<meta property=\"og:description\" content=\"Le Metarecod repose sur un principe actif brevet\u00e9, le NeoPolicaptil Gel Retard, dont le m\u00e9canisme d&#039;action fascine les endocrinologues et nutritionnistes.\" \/>\n<meta property=\"og:url\" content=\"https:\/\/lasocietenouvelle.net\/blog\/innovation-et-technologie\/revelations-medicales-metarecod-le-complement-revolutionnaire-qui-rivalise-avec-les-medicaments-contre-le-syndrome-metabolique\/\" \/>\n<meta property=\"og:site_name\" content=\"lasocietenouvelle\" \/>\n<meta property=\"og:image\" content=\"https:\/\/lasocietenouvelle.net\/blog\/wp-content\/uploads\/2025\/05\/sdxl-25c6ec5edcd19b202eac804f19beca94-scaled.png\" \/>\n\t<meta property=\"og:image:width\" content=\"1200\" \/>\n\t<meta property=\"og:image:height\" content=\"500\" \/>\n\t<meta property=\"og:image:type\" content=\"image\/png\" \/>\n<meta name=\"author\" content=\"Claire Desprats\" \/>\n<meta name=\"twitter:card\" content=\"summary_large_image\" \/>\n<script type=\"application\/ld+json\" class=\"yoast-schema-graph\">{\"@context\":\"https:\/\/schema.org\",\"@graph\":[{\"@type\":\"NewsArticle\",\"@id\":\"https:\/\/lasocietenouvelle.net\/blog\/innovation-et-technologie\/revelations-medicales-metarecod-le-complement-revolutionnaire-qui-rivalise-avec-les-medicaments-contre-le-syndrome-metabolique\/#article\",\"isPartOf\":{\"@id\":\"https:\/\/lasocietenouvelle.net\/blog\/innovation-et-technologie\/revelations-medicales-metarecod-le-complement-revolutionnaire-qui-rivalise-avec-les-medicaments-contre-le-syndrome-metabolique\/\"},\"author\":{\"name\":\"Claire Desprats\",\"@id\":\"https:\/\/lasocietenouvelle.net\/blog\/#\/schema\/person\/3c864cdc320801e3db34b663e7e3f816\"},\"headline\":\"R\u00e9v\u00e9lations m\u00e9dicales : Metarecod, le compl\u00e9ment r\u00e9volutionnaire qui rivalise avec les m\u00e9dicaments contre le syndrome m\u00e9tabolique\",\"datePublished\":\"2025-03-07T11:05:22+00:00\",\"mainEntityOfPage\":{\"@id\":\"https:\/\/lasocietenouvelle.net\/blog\/innovation-et-technologie\/revelations-medicales-metarecod-le-complement-revolutionnaire-qui-rivalise-avec-les-medicaments-contre-le-syndrome-metabolique\/\"},\"wordCount\":1219,\"commentCount\":0,\"publisher\":{\"@id\":\"https:\/\/lasocietenouvelle.net\/blog\/#organization\"},\"image\":{\"@id\":\"https:\/\/lasocietenouvelle.net\/blog\/innovation-et-technologie\/revelations-medicales-metarecod-le-complement-revolutionnaire-qui-rivalise-avec-les-medicaments-contre-le-syndrome-metabolique\/#primaryimage\"},\"thumbnailUrl\":\"https:\/\/lasocietenouvelle.net\/blog\/wp-content\/uploads\/2025\/05\/sdxl-25c6ec5edcd19b202eac804f19beca94-scaled.png\",\"keywords\":[\"avis medical\",\"metarecod\",\"sante metabolique\"],\"articleSection\":[\"Innovation et Technologie\"],\"inLanguage\":\"fr-FR\",\"potentialAction\":[{\"@type\":\"CommentAction\",\"name\":\"Comment\",\"target\":[\"https:\/\/lasocietenouvelle.net\/blog\/innovation-et-technologie\/revelations-medicales-metarecod-le-complement-revolutionnaire-qui-rivalise-avec-les-medicaments-contre-le-syndrome-metabolique\/#respond\"]}]},{\"@type\":\"WebPage\",\"@id\":\"https:\/\/lasocietenouvelle.net\/blog\/innovation-et-technologie\/revelations-medicales-metarecod-le-complement-revolutionnaire-qui-rivalise-avec-les-medicaments-contre-le-syndrome-metabolique\/\",\"url\":\"https:\/\/lasocietenouvelle.net\/blog\/innovation-et-technologie\/revelations-medicales-metarecod-le-complement-revolutionnaire-qui-rivalise-avec-les-medicaments-contre-le-syndrome-metabolique\/\",\"name\":\"Metarecod, le compl\u00e9ment r\u00e9volutionnaire qui rivalise\",\"isPartOf\":{\"@id\":\"https:\/\/lasocietenouvelle.net\/blog\/#website\"},\"primaryImageOfPage\":{\"@id\":\"https:\/\/lasocietenouvelle.net\/blog\/innovation-et-technologie\/revelations-medicales-metarecod-le-complement-revolutionnaire-qui-rivalise-avec-les-medicaments-contre-le-syndrome-metabolique\/#primaryimage\"},\"image\":{\"@id\":\"https:\/\/lasocietenouvelle.net\/blog\/innovation-et-technologie\/revelations-medicales-metarecod-le-complement-revolutionnaire-qui-rivalise-avec-les-medicaments-contre-le-syndrome-metabolique\/#primaryimage\"},\"thumbnailUrl\":\"https:\/\/lasocietenouvelle.net\/blog\/wp-content\/uploads\/2025\/05\/sdxl-25c6ec5edcd19b202eac804f19beca94-scaled.png\",\"datePublished\":\"2025-03-07T11:05:22+00:00\",\"description\":\"Le Metarecod repose sur un principe actif brevet\u00e9, le NeoPolicaptil Gel Retard, dont le m\u00e9canisme d'action fascine les endocrinologues et nutritionnistes.\",\"inLanguage\":\"fr-FR\",\"potentialAction\":[{\"@type\":\"ReadAction\",\"target\":[\"https:\/\/lasocietenouvelle.net\/blog\/innovation-et-technologie\/revelations-medicales-metarecod-le-complement-revolutionnaire-qui-rivalise-avec-les-medicaments-contre-le-syndrome-metabolique\/\"]}]},{\"@type\":\"ImageObject\",\"inLanguage\":\"fr-FR\",\"@id\":\"https:\/\/lasocietenouvelle.net\/blog\/innovation-et-technologie\/revelations-medicales-metarecod-le-complement-revolutionnaire-qui-rivalise-avec-les-medicaments-contre-le-syndrome-metabolique\/#primaryimage\",\"url\":\"https:\/\/lasocietenouvelle.net\/blog\/wp-content\/uploads\/2025\/05\/sdxl-25c6ec5edcd19b202eac804f19beca94-scaled.png\",\"contentUrl\":\"https:\/\/lasocietenouvelle.net\/blog\/wp-content\/uploads\/2025\/05\/sdxl-25c6ec5edcd19b202eac804f19beca94-scaled.png\",\"width\":1200,\"height\":500},{\"@type\":\"WebSite\",\"@id\":\"https:\/\/lasocietenouvelle.net\/blog\/#website\",\"url\":\"https:\/\/lasocietenouvelle.net\/blog\/\",\"name\":\"lasocietenouvelle.net\",\"description\":\"Ensemble pour une soci\u00e9t\u00e9 nouvelle.\",\"publisher\":{\"@id\":\"https:\/\/lasocietenouvelle.net\/blog\/#organization\"},\"alternateName\":\"Ensemble pour une soci\u00e9t\u00e9 nouvelle.\",\"potentialAction\":[{\"@type\":\"SearchAction\",\"target\":{\"@type\":\"EntryPoint\",\"urlTemplate\":\"https:\/\/lasocietenouvelle.net\/blog\/?s={search_term_string}\"},\"query-input\":{\"@type\":\"PropertyValueSpecification\",\"valueRequired\":true,\"valueName\":\"search_term_string\"}}],\"inLanguage\":\"fr-FR\"},{\"@type\":\"Organization\",\"@id\":\"https:\/\/lasocietenouvelle.net\/blog\/#organization\",\"name\":\"Foretsensations.fr\",\"url\":\"https:\/\/lasocietenouvelle.net\/blog\/\",\"logo\":{\"@type\":\"ImageObject\",\"inLanguage\":\"fr-FR\",\"@id\":\"https:\/\/lasocietenouvelle.net\/blog\/#\/schema\/logo\/image\/\",\"url\":\"https:\/\/lasocietenouvelle.net\/blog\/wp-content\/uploads\/2024\/12\/LaSocieteNouvelle.png\",\"contentUrl\":\"https:\/\/lasocietenouvelle.net\/blog\/wp-content\/uploads\/2024\/12\/LaSocieteNouvelle.png\",\"width\":500,\"height\":500,\"caption\":\"Foretsensations.fr\"},\"image\":{\"@id\":\"https:\/\/lasocietenouvelle.net\/blog\/#\/schema\/logo\/image\/\"}},{\"@type\":\"Person\",\"@id\":\"https:\/\/lasocietenouvelle.net\/blog\/#\/schema\/person\/3c864cdc320801e3db34b663e7e3f816\",\"name\":\"Claire Desprats\",\"image\":{\"@type\":\"ImageObject\",\"inLanguage\":\"fr-FR\",\"@id\":\"https:\/\/lasocietenouvelle.net\/blog\/#\/schema\/person\/image\/\",\"url\":\"https:\/\/lasocietenouvelle.net\/blog\/wp-content\/uploads\/2026\/06\/claire-d-lsn-2026-96x96.jpg\",\"contentUrl\":\"https:\/\/lasocietenouvelle.net\/blog\/wp-content\/uploads\/2026\/06\/claire-d-lsn-2026-96x96.jpg\",\"caption\":\"Claire Desprats\"},\"description\":\"Je d\u00e9crypte depuis une dizaine d'ann\u00e9es tout ce qui touche \u00e0 la sant\u00e9 et \u00e0 la protection sociale : compl\u00e9mentaire sant\u00e9 et mutuelle, pr\u00e9voyance et assurance, mais aussi soins du quotidien, pr\u00e9vention, parcours de soins, professions m\u00e9dicales et param\u00e9dicales, et bien-\u00eatre. J'aime rendre limpide un sujet r\u00e9put\u00e9 aride \u2014 un mot de contrat, un remboursement, un sympt\u00f4me, une d\u00e9marche administrative \u2014 avec des explications concr\u00e8tes, des fourchettes de co\u00fbts r\u00e9alistes et des crit\u00e8res v\u00e9rifiables. Avant de publier, je recoupe mes sources (textes officiels, organismes, notices), je distingue l'information g\u00e9n\u00e9rale du conseil personnalis\u00e9, et je rappelle syst\u00e9matiquement que mes articles ne remplacent ni un avis m\u00e9dical ni l'\u00e9tude d'un contrat par un professionnel. Mon objectif : aider chacun \u00e0 faire des choix \u00e9clair\u00e9s pour sa sant\u00e9 et sa couverture, en toute ind\u00e9pendance.\",\"sameAs\":[\"https:\/\/clairedesprats.fr\/\"],\"url\":\"https:\/\/lasocietenouvelle.net\/blog\/auteur\/noname\/\"}]}<\/script>\n<!-- \/ Yoast SEO Premium plugin. -->","yoast_head_json":{"title":"Metarecod, le compl\u00e9ment r\u00e9volutionnaire qui rivalise","description":"Le Metarecod repose sur un principe actif brevet\u00e9, le NeoPolicaptil Gel Retard, dont le m\u00e9canisme d'action fascine les endocrinologues et nutritionnistes.","robots":{"index":"index","follow":"follow","max-snippet":"max-snippet:-1","max-image-preview":"max-image-preview:large","max-video-preview":"max-video-preview:-1"},"canonical":"https:\/\/lasocietenouvelle.net\/blog\/innovation-et-technologie\/revelations-medicales-metarecod-le-complement-revolutionnaire-qui-rivalise-avec-les-medicaments-contre-le-syndrome-metabolique\/","og_locale":"fr_FR","og_type":"article","og_title":"Metarecod, le compl\u00e9ment r\u00e9volutionnaire qui rivalise","og_description":"Le Metarecod repose sur un principe actif brevet\u00e9, le NeoPolicaptil Gel Retard, dont le m\u00e9canisme d'action fascine les endocrinologues et nutritionnistes.","og_url":"https:\/\/lasocietenouvelle.net\/blog\/innovation-et-technologie\/revelations-medicales-metarecod-le-complement-revolutionnaire-qui-rivalise-avec-les-medicaments-contre-le-syndrome-metabolique\/","og_site_name":"lasocietenouvelle","og_image":[{"width":1200,"height":500,"url":"https:\/\/lasocietenouvelle.net\/blog\/wp-content\/uploads\/2025\/05\/sdxl-25c6ec5edcd19b202eac804f19beca94-scaled.png","type":"image\/png"}],"author":"Claire Desprats","twitter_card":"summary_large_image","schema":{"@context":"https:\/\/schema.org","@graph":[{"@type":"NewsArticle","@id":"https:\/\/lasocietenouvelle.net\/blog\/innovation-et-technologie\/revelations-medicales-metarecod-le-complement-revolutionnaire-qui-rivalise-avec-les-medicaments-contre-le-syndrome-metabolique\/#article","isPartOf":{"@id":"https:\/\/lasocietenouvelle.net\/blog\/innovation-et-technologie\/revelations-medicales-metarecod-le-complement-revolutionnaire-qui-rivalise-avec-les-medicaments-contre-le-syndrome-metabolique\/"},"author":{"name":"Claire Desprats","@id":"https:\/\/lasocietenouvelle.net\/blog\/#\/schema\/person\/3c864cdc320801e3db34b663e7e3f816"},"headline":"R\u00e9v\u00e9lations m\u00e9dicales : Metarecod, le compl\u00e9ment r\u00e9volutionnaire qui rivalise avec les m\u00e9dicaments contre le syndrome m\u00e9tabolique","datePublished":"2025-03-07T11:05:22+00:00","mainEntityOfPage":{"@id":"https:\/\/lasocietenouvelle.net\/blog\/innovation-et-technologie\/revelations-medicales-metarecod-le-complement-revolutionnaire-qui-rivalise-avec-les-medicaments-contre-le-syndrome-metabolique\/"},"wordCount":1219,"commentCount":0,"publisher":{"@id":"https:\/\/lasocietenouvelle.net\/blog\/#organization"},"image":{"@id":"https:\/\/lasocietenouvelle.net\/blog\/innovation-et-technologie\/revelations-medicales-metarecod-le-complement-revolutionnaire-qui-rivalise-avec-les-medicaments-contre-le-syndrome-metabolique\/#primaryimage"},"thumbnailUrl":"https:\/\/lasocietenouvelle.net\/blog\/wp-content\/uploads\/2025\/05\/sdxl-25c6ec5edcd19b202eac804f19beca94-scaled.png","keywords":["avis medical","metarecod","sante metabolique"],"articleSection":["Innovation et Technologie"],"inLanguage":"fr-FR","potentialAction":[{"@type":"CommentAction","name":"Comment","target":["https:\/\/lasocietenouvelle.net\/blog\/innovation-et-technologie\/revelations-medicales-metarecod-le-complement-revolutionnaire-qui-rivalise-avec-les-medicaments-contre-le-syndrome-metabolique\/#respond"]}]},{"@type":"WebPage","@id":"https:\/\/lasocietenouvelle.net\/blog\/innovation-et-technologie\/revelations-medicales-metarecod-le-complement-revolutionnaire-qui-rivalise-avec-les-medicaments-contre-le-syndrome-metabolique\/","url":"https:\/\/lasocietenouvelle.net\/blog\/innovation-et-technologie\/revelations-medicales-metarecod-le-complement-revolutionnaire-qui-rivalise-avec-les-medicaments-contre-le-syndrome-metabolique\/","name":"Metarecod, le compl\u00e9ment r\u00e9volutionnaire qui rivalise","isPartOf":{"@id":"https:\/\/lasocietenouvelle.net\/blog\/#website"},"primaryImageOfPage":{"@id":"https:\/\/lasocietenouvelle.net\/blog\/innovation-et-technologie\/revelations-medicales-metarecod-le-complement-revolutionnaire-qui-rivalise-avec-les-medicaments-contre-le-syndrome-metabolique\/#primaryimage"},"image":{"@id":"https:\/\/lasocietenouvelle.net\/blog\/innovation-et-technologie\/revelations-medicales-metarecod-le-complement-revolutionnaire-qui-rivalise-avec-les-medicaments-contre-le-syndrome-metabolique\/#primaryimage"},"thumbnailUrl":"https:\/\/lasocietenouvelle.net\/blog\/wp-content\/uploads\/2025\/05\/sdxl-25c6ec5edcd19b202eac804f19beca94-scaled.png","datePublished":"2025-03-07T11:05:22+00:00","description":"Le Metarecod repose sur un principe actif brevet\u00e9, le NeoPolicaptil Gel Retard, dont le m\u00e9canisme d'action fascine les endocrinologues et nutritionnistes.","inLanguage":"fr-FR","potentialAction":[{"@type":"ReadAction","target":["https:\/\/lasocietenouvelle.net\/blog\/innovation-et-technologie\/revelations-medicales-metarecod-le-complement-revolutionnaire-qui-rivalise-avec-les-medicaments-contre-le-syndrome-metabolique\/"]}]},{"@type":"ImageObject","inLanguage":"fr-FR","@id":"https:\/\/lasocietenouvelle.net\/blog\/innovation-et-technologie\/revelations-medicales-metarecod-le-complement-revolutionnaire-qui-rivalise-avec-les-medicaments-contre-le-syndrome-metabolique\/#primaryimage","url":"https:\/\/lasocietenouvelle.net\/blog\/wp-content\/uploads\/2025\/05\/sdxl-25c6ec5edcd19b202eac804f19beca94-scaled.png","contentUrl":"https:\/\/lasocietenouvelle.net\/blog\/wp-content\/uploads\/2025\/05\/sdxl-25c6ec5edcd19b202eac804f19beca94-scaled.png","width":1200,"height":500},{"@type":"WebSite","@id":"https:\/\/lasocietenouvelle.net\/blog\/#website","url":"https:\/\/lasocietenouvelle.net\/blog\/","name":"lasocietenouvelle.net","description":"Ensemble pour une soci\u00e9t\u00e9 nouvelle.","publisher":{"@id":"https:\/\/lasocietenouvelle.net\/blog\/#organization"},"alternateName":"Ensemble pour une soci\u00e9t\u00e9 nouvelle.","potentialAction":[{"@type":"SearchAction","target":{"@type":"EntryPoint","urlTemplate":"https:\/\/lasocietenouvelle.net\/blog\/?s={search_term_string}"},"query-input":{"@type":"PropertyValueSpecification","valueRequired":true,"valueName":"search_term_string"}}],"inLanguage":"fr-FR"},{"@type":"Organization","@id":"https:\/\/lasocietenouvelle.net\/blog\/#organization","name":"Foretsensations.fr","url":"https:\/\/lasocietenouvelle.net\/blog\/","logo":{"@type":"ImageObject","inLanguage":"fr-FR","@id":"https:\/\/lasocietenouvelle.net\/blog\/#\/schema\/logo\/image\/","url":"https:\/\/lasocietenouvelle.net\/blog\/wp-content\/uploads\/2024\/12\/LaSocieteNouvelle.png","contentUrl":"https:\/\/lasocietenouvelle.net\/blog\/wp-content\/uploads\/2024\/12\/LaSocieteNouvelle.png","width":500,"height":500,"caption":"Foretsensations.fr"},"image":{"@id":"https:\/\/lasocietenouvelle.net\/blog\/#\/schema\/logo\/image\/"}},{"@type":"Person","@id":"https:\/\/lasocietenouvelle.net\/blog\/#\/schema\/person\/3c864cdc320801e3db34b663e7e3f816","name":"Claire Desprats","image":{"@type":"ImageObject","inLanguage":"fr-FR","@id":"https:\/\/lasocietenouvelle.net\/blog\/#\/schema\/person\/image\/","url":"https:\/\/lasocietenouvelle.net\/blog\/wp-content\/uploads\/2026\/06\/claire-d-lsn-2026-96x96.jpg","contentUrl":"https:\/\/lasocietenouvelle.net\/blog\/wp-content\/uploads\/2026\/06\/claire-d-lsn-2026-96x96.jpg","caption":"Claire Desprats"},"description":"Je d\u00e9crypte depuis une dizaine d'ann\u00e9es tout ce qui touche \u00e0 la sant\u00e9 et \u00e0 la protection sociale : compl\u00e9mentaire sant\u00e9 et mutuelle, pr\u00e9voyance et assurance, mais aussi soins du quotidien, pr\u00e9vention, parcours de soins, professions m\u00e9dicales et param\u00e9dicales, et bien-\u00eatre. J'aime rendre limpide un sujet r\u00e9put\u00e9 aride \u2014 un mot de contrat, un remboursement, un sympt\u00f4me, une d\u00e9marche administrative \u2014 avec des explications concr\u00e8tes, des fourchettes de co\u00fbts r\u00e9alistes et des crit\u00e8res v\u00e9rifiables. Avant de publier, je recoupe mes sources (textes officiels, organismes, notices), je distingue l'information g\u00e9n\u00e9rale du conseil personnalis\u00e9, et je rappelle syst\u00e9matiquement que mes articles ne remplacent ni un avis m\u00e9dical ni l'\u00e9tude d'un contrat par un professionnel. Mon objectif : aider chacun \u00e0 faire des choix \u00e9clair\u00e9s pour sa sant\u00e9 et sa couverture, en toute ind\u00e9pendance.","sameAs":["https:\/\/clairedesprats.fr\/"],"url":"https:\/\/lasocietenouvelle.net\/blog\/auteur\/noname\/"}]}},"_links":{"self":[{"href":"https:\/\/lasocietenouvelle.net\/blog\/wp-json\/wp\/v2\/posts\/7772","targetHints":{"allow":["GET"]}}],"collection":[{"href":"https:\/\/lasocietenouvelle.net\/blog\/wp-json\/wp\/v2\/posts"}],"about":[{"href":"https:\/\/lasocietenouvelle.net\/blog\/wp-json\/wp\/v2\/types\/post"}],"author":[{"embeddable":true,"href":"https:\/\/lasocietenouvelle.net\/blog\/wp-json\/wp\/v2\/users\/34"}],"replies":[{"embeddable":true,"href":"https:\/\/lasocietenouvelle.net\/blog\/wp-json\/wp\/v2\/comments?post=7772"}],"version-history":[{"count":0,"href":"https:\/\/lasocietenouvelle.net\/blog\/wp-json\/wp\/v2\/posts\/7772\/revisions"}],"wp:featuredmedia":[{"embeddable":true,"href":"https:\/\/lasocietenouvelle.net\/blog\/wp-json\/wp\/v2\/media\/7943"}],"wp:attachment":[{"href":"https:\/\/lasocietenouvelle.net\/blog\/wp-json\/wp\/v2\/media?parent=7772"}],"wp:term":[{"taxonomy":"category","embeddable":true,"href":"https:\/\/lasocietenouvelle.net\/blog\/wp-json\/wp\/v2\/categories?post=7772"},{"taxonomy":"post_tag","embeddable":true,"href":"https:\/\/lasocietenouvelle.net\/blog\/wp-json\/wp\/v2\/tags?post=7772"}],"curies":[{"name":"wp","href":"https:\/\/api.w.org\/{rel}","templated":true}]}}