{"id":7771,"date":"2025-03-07T12:04:25","date_gmt":"2025-03-07T11:04:25","guid":{"rendered":"https:\/\/lasocietenouvelle.net\/blog\/innovation-et-technologie\/decouvrez-la-revolution-capillaire-francaise-la-verite-surprenante-derriere-la-bonne-brosse\/"},"modified":"2025-03-07T12:04:25","modified_gmt":"2025-03-07T11:04:25","slug":"decouvrez-la-revolution-capillaire-francaise-la-verite-surprenante-derriere-la-bonne-brosse","status":"publish","type":"post","link":"https:\/\/lasocietenouvelle.net\/blog\/innovation-et-technologie\/decouvrez-la-revolution-capillaire-francaise-la-verite-surprenante-derriere-la-bonne-brosse\/","title":{"rendered":"D\u00e9couvrez la r\u00e9volution capillaire fran\u00e7aise : la v\u00e9rit\u00e9 surprenante derri\u00e8re La Bonne Brosse"},"content":{"rendered":"<h1>La Bonne Brosse : R\u00e9volution capillaire ou coup marketing ?<\/h1>\n<h2>L&rsquo;histoire derri\u00e8re La Bonne Brosse<\/h2>\n<p>La Bonne Brosse est n\u00e9e de l&rsquo;initiative de deux entrepreneures fran\u00e7aises, Flore des Robert et Pauline Laurent, anciennes \u00e9tudiantes d&rsquo;HEC. Leur projet a vu le jour en 2021, suite \u00e0 une exp\u00e9rience personnelle de Flore des Robert qui a connu une p\u00e9riode de forte chute de cheveux. Apr\u00e8s avoir test\u00e9 de nombreux rem\u00e8des, elle a r\u00e9alis\u00e9 que le <strong>brossage quotidien<\/strong> \u00e9tait la cl\u00e9 pour am\u00e9liorer la sant\u00e9 de sa chevelure.<\/p>\n<p>Les fondatrices ont alors d\u00e9cid\u00e9 de cr\u00e9er une brosse \u00e0 cheveux alliant <strong>savoir-faire artisanal<\/strong> et <strong>innovation technique<\/strong>. Leur objectif : r\u00e9inventer un objet du quotidien pour en faire un accessoire de luxe, tout en revitalisant la fili\u00e8re de la brosserie fran\u00e7aise. La Bonne Brosse se positionne comme un produit <u>made in France<\/u>, misant sur des mat\u00e9riaux nobles et une fabrication artisanale.<\/p>\n<h2>Composition et sp\u00e9cificit\u00e9s techniques<\/h2>\n<p>La Bonne Brosse se distingue par sa composition unique, alliant tradition et innovation :<\/p>\n<ul>\n<li><strong>Poils de sanglier<\/strong> : S\u00e9lectionn\u00e9s pour leur capacit\u00e9 \u00e0 <u>r\u00e9partir le s\u00e9bum<\/u> naturellement produit par le cuir chevelu le long des cheveux, ces poils naturels promettent de r\u00e9duire l&rsquo;utilisation de produits capillaires.<\/li>\n<li><strong>Manche en ac\u00e9tate de cellulose<\/strong> : Ce mat\u00e9riau, compos\u00e9 \u00e0 70% de fibres de bois et de coton, offre une prise en main confortable et un aspect esth\u00e9tique haut de gamme.<\/li>\n<li><strong>Coussin en caoutchouc<\/strong> : Il assure un brossage souple et adapt\u00e9 \u00e0 la sensibilit\u00e9 du cuir chevelu.<\/li>\n<\/ul>\n<p>La marque propose plusieurs mod\u00e8les adapt\u00e9s \u00e0 diff\u00e9rents types de cheveux. Par exemple, la brosse N\u00b001 l&rsquo;Universelle est con\u00e7ue pour les cheveux fins \u00e0 normaux, tandis que la N\u00b002 l&rsquo;Indispensable convient aux cheveux normaux \u00e0 \u00e9pais. Chaque mod\u00e8le combine des <strong>fibres naturelles et synth\u00e9tiques<\/strong> dans des proportions sp\u00e9cifiques pour r\u00e9pondre aux besoins de chaque type de chevelure.<\/p>\n<h2>Exp\u00e9rience utilisateur : sensations et r\u00e9sultats<\/h2>\n<p>Les retours d&rsquo;exp\u00e9rience des utilisateurs de La Bonne Brosse sont vari\u00e9s. Certains rapportent des am\u00e9liorations significatives de l&rsquo;\u00e9tat de leurs cheveux :<\/p>\n<ul>\n<li>Une <u>r\u00e9duction de la production de s\u00e9bum<\/u>, permettant d&rsquo;espacer les shampoings<\/li>\n<li>Une <strong>am\u00e9lioration de la brillance<\/strong> et de la douceur des cheveux<\/li>\n<li>Un <strong>d\u00e9m\u00ealage plus facile<\/strong> et moins de casse<\/li>\n<li>Un <u>effet relaxant<\/u> lors du brossage, assimil\u00e9 \u00e0 un moment de bien-\u00eatre<\/li>\n<\/ul>\n<p>Cependant, tous les utilisateurs ne partagent pas cet enthousiasme. Certains critiquent le prix \u00e9lev\u00e9 de la brosse par rapport aux r\u00e9sultats obtenus. D&rsquo;autres mentionnent que les poils de sanglier peuvent \u00eatre trop durs pour les cuirs chevelus sensibles, provoquant des irritations.<\/p>\n<p>Une utilisatrice t\u00e9moigne : \u00ab\u00a0Apr\u00e8s un mois d&rsquo;utilisation quotidienne, mes cheveux sont plus brillants et je les lave moins souvent. Cependant, j&rsquo;ai d\u00fb m&rsquo;habituer \u00e0 la sensation des poils de sanglier sur mon cuir chevelu.\u00a0\u00bb<\/p>\n<h2>Comparatif avec les brosses traditionnelles<\/h2>\n<p>Pour \u00e9valuer objectivement les performances de La Bonne Brosse, nous l&rsquo;avons compar\u00e9e \u00e0 des brosses classiques et haut de gamme :<\/p>\n<table>\n<tr>\n<th>Crit\u00e8re<\/th>\n<th>La Bonne Brosse<\/th>\n<th>Brosse classique en plastique<\/th>\n<th>Brosse haut de gamme en poils naturels<\/th>\n<\/tr>\n<tr>\n<td>D\u00e9m\u00ealage<\/td>\n<td>Tr\u00e8s efficace<\/td>\n<td>Moyen<\/td>\n<td>Efficace<\/td>\n<\/tr>\n<tr>\n<td>R\u00e9partition du s\u00e9bum<\/td>\n<td>Excellente<\/td>\n<td>Faible<\/td>\n<td>Bonne<\/td>\n<\/tr>\n<tr>\n<td>Stimulation du cuir chevelu<\/td>\n<td>Forte<\/td>\n<td>Faible<\/td>\n<td>Moyenne<\/td>\n<\/tr>\n<tr>\n<td>Durabilit\u00e9<\/td>\n<td>15 ans ou plus<\/td>\n<td>1-2 ans<\/td>\n<td>5-10 ans<\/td>\n<\/tr>\n<tr>\n<td>Prix moyen<\/td>\n<td>130-150\u20ac<\/td>\n<td>5-20\u20ac<\/td>\n<td>50-100\u20ac<\/td>\n<\/tr>\n<\/table>\n<p>La Bonne Brosse se d\u00e9marque par sa capacit\u00e9 \u00e0 <u>r\u00e9partir efficacement le s\u00e9bum<\/u> et \u00e0 stimuler le cuir chevelu. Sa durabilit\u00e9 est \u00e9galement un atout majeur, bien que son prix soit nettement sup\u00e9rieur aux alternatives du march\u00e9.<\/p>\n<h2>Rapport qualit\u00e9-prix : un investissement justifi\u00e9 ?<\/h2>\n<p>Avec un prix oscillant entre 130 et 150 euros selon les mod\u00e8les, La Bonne Brosse se positionne clairement sur le segment du luxe. Ce positionnement tarifaire soul\u00e8ve la question de la justification d&rsquo;un tel investissement pour un accessoire capillaire.<\/p>\n<p>Arguments en faveur de l&rsquo;investissement :<\/p>\n<ul>\n<li><strong>Durabilit\u00e9<\/strong> : Con\u00e7ue pour durer au moins 15 ans, La Bonne Brosse peut \u00eatre vue comme un investissement \u00e0 long terme.<\/li>\n<li><strong>\u00c9conomies potentielles<\/strong> : En espa\u00e7ant les shampoings et en r\u00e9duisant l&rsquo;utilisation de produits capillaires, la brosse pourrait g\u00e9n\u00e9rer des \u00e9conomies sur le long terme.<\/li>\n<li><strong>Qualit\u00e9 des mat\u00e9riaux<\/strong> : L&rsquo;utilisation de mat\u00e9riaux nobles comme l&rsquo;ac\u00e9tate de cellulose et les poils de sanglier justifie en partie le prix \u00e9lev\u00e9.<\/li>\n<\/ul>\n<p>Arguments contre :<\/p>\n<ul>\n<li><strong>R\u00e9sultats variables<\/strong> : Tous les utilisateurs ne constatent pas d&rsquo;am\u00e9lioration significative justifiant le prix.<\/li>\n<li><strong>Alternatives moins co\u00fbteuses<\/strong> : Des brosses en poils naturels de qualit\u00e9 sont disponibles \u00e0 des prix inf\u00e9rieurs.<\/li>\n<li><strong>Entretien n\u00e9cessaire<\/strong> : Pour maintenir son efficacit\u00e9, La Bonne Brosse n\u00e9cessite un entretien r\u00e9gulier, ce qui peut \u00eatre contraignant.<\/li>\n<\/ul>\n<p>Le rapport qualit\u00e9-prix de La Bonne Brosse d\u00e9pend largement des attentes et du budget de chaque utilisateur. Pour ceux qui recherchent un objet durable et sont pr\u00eats \u00e0 investir dans leur routine capillaire, le prix peut \u00eatre justifi\u00e9. Pour d&rsquo;autres, il pourrait sembler excessif par rapport aux b\u00e9n\u00e9fices per\u00e7us.<\/p>\n<h2>Conseils d&rsquo;utilisation pour optimiser les r\u00e9sultats<\/h2>\n<p>Pour tirer le meilleur parti de votre Bonne Brosse, voici quelques recommandations :<\/p>\n<ul>\n<li><strong>Fr\u00e9quence d&rsquo;utilisation<\/strong> : Brossez vos cheveux <u>matin et soir<\/u> pendant 3 \u00e0 5 minutes pour stimuler le cuir chevelu et r\u00e9partir le s\u00e9bum.<\/li>\n<li><strong>Technique de brossage<\/strong> : Commencez par les pointes et remontez progressivement vers les racines pour \u00e9viter d&rsquo;endommager les cheveux.<\/li>\n<li><strong>Entretien de la brosse<\/strong> : Nettoyez-la r\u00e9guli\u00e8rement avec un shampooing doux et laissez-la s\u00e9cher \u00e0 l&rsquo;air libre pour pr\u00e9server la qualit\u00e9 des poils.<\/li>\n<li><strong>Adaptation \u00e0 votre type de cheveux<\/strong> : Si vous avez le cuir chevelu sensible, optez pour un mod\u00e8le avec des poils plus doux ou alternez avec une brosse classique.<\/li>\n<\/ul>\n<p>Il est important de noter que les r\u00e9sultats peuvent prendre du temps \u00e0 se manifester. Une p\u00e9riode d&rsquo;adaptation de 2 \u00e0 4 semaines est souvent n\u00e9cessaire avant de constater des changements significatifs dans l&rsquo;\u00e9tat de vos cheveux.<\/p>\n<h2>Verdict final : faut-il craquer pour La Bonne Brosse ?<\/h2>\n<p>Apr\u00e8s une analyse approfondie, nous pouvons conclure que La Bonne Brosse pr\u00e9sente des avantages certains, mais n&rsquo;est pas n\u00e9cessairement adapt\u00e9e \u00e0 tous les profils :<\/p>\n<p><strong>Points forts :<\/strong><\/p>\n<ul>\n<li>Qualit\u00e9 de fabrication et durabilit\u00e9 exceptionnelles<\/li>\n<li>Efficacit\u00e9 prouv\u00e9e pour la r\u00e9partition du s\u00e9bum et la stimulation du cuir chevelu<\/li>\n<li>Aspect esth\u00e9tique et luxueux<\/li>\n<li>Engagement dans une production responsable et locale<\/li>\n<\/ul>\n<p><strong>Points faibles :<\/strong><\/p>\n<ul>\n<li>Prix \u00e9lev\u00e9 pouvant \u00eatre un frein pour de nombreux consommateurs<\/li>\n<li>R\u00e9sultats variables selon les types de cheveux et les attentes individuelles<\/li>\n<li>P\u00e9riode d&rsquo;adaptation n\u00e9cessaire qui peut d\u00e9courager certains utilisateurs<\/li>\n<\/ul>\n<p>La Bonne Brosse convient particuli\u00e8rement aux personnes :<\/p>\n<ul>\n<li>Soucieuses de la qualit\u00e9 et de la durabilit\u00e9 de leurs accessoires de beaut\u00e9<\/li>\n<li>Pr\u00eates \u00e0 investir dans leur routine capillaire sur le long terme<\/li>\n<li>Ayant des cheveux normaux \u00e0 \u00e9pais qui b\u00e9n\u00e9ficieront le plus de l&rsquo;action des poils de sanglier<\/li>\n<li>Sensibles \u00e0 l&rsquo;aspect \u00e9co-responsable et au made in France<\/li>\n<\/ul>\n<p>En revanche, elle pourrait ne pas convenir aux personnes :<\/p>\n<ul>\n<li>Ayant un budget limit\u00e9 pour leurs accessoires de beaut\u00e9<\/li>\n<li>Avec un cuir chevelu tr\u00e8s sensible ou des cheveux tr\u00e8s fins<\/li>\n<li>Recherchant des r\u00e9sultats imm\u00e9diats et spectaculaires<\/li>\n<\/ul>\n<p>En d\u00e9finitive, La Bonne Brosse repr\u00e9sente un investissement int\u00e9ressant pour ceux qui accordent une grande importance \u00e0 leur routine capillaire et sont pr\u00eats \u00e0 payer le prix pour un accessoire de qualit\u00e9. Cependant, il est essentiel de peser le pour et le contre en fonction de vos besoins sp\u00e9cifiques et de votre budget avant de vous d\u00e9cider. N&rsquo;h\u00e9sitez pas \u00e0 profiter des p\u00e9riodes promotionnelles ou \u00e0 tester la brosse chez des revendeurs avant de vous engager dans cet achat cons\u00e9quent.<\/p>\n","protected":false},"excerpt":{"rendered":"","protected":false},"author":34,"featured_media":7944,"comment_status":"open","ping_status":"open","sticky":false,"template":"","format":"standard","meta":{"_acf_changed":false,"manual_indexmenow":false,"indexmenow_id_project":0,"footnotes":""},"categories":[4521],"tags":[4920,4939,4940],"class_list":["post-7771","post","type-post","status-publish","format-standard","has-post-thumbnail","hentry","category-innovation-et-technologie","tag-beaute","tag-brosse-cheveux","tag-soin-capillaire","generate-columns","tablet-grid-50","mobile-grid-100","grid-parent","grid-25"],"acf":[],"yoast_head":"<!-- This site is optimized with the Yoast SEO Premium plugin v21.3 (Yoast SEO v25.6) - https:\/\/yoast.com\/wordpress\/plugins\/seo\/ -->\n<title>La r\u00e9volution capillaire fran\u00e7aise<\/title>\n<meta name=\"description\" content=\"La Bonne Brosse est n\u00e9e de l&#039;initiative de deux entrepreneures fran\u00e7aises, Flore des Robert et Pauline Laurent, anciennes \u00e9tudiantes d&#039;HEC.\" \/>\n<meta name=\"robots\" content=\"index, follow, max-snippet:-1, max-image-preview:large, max-video-preview:-1\" \/>\n<link rel=\"canonical\" href=\"https:\/\/lasocietenouvelle.net\/blog\/innovation-et-technologie\/decouvrez-la-revolution-capillaire-francaise-la-verite-surprenante-derriere-la-bonne-brosse\/\" \/>\n<meta property=\"og:locale\" content=\"fr_FR\" \/>\n<meta property=\"og:type\" content=\"article\" \/>\n<meta property=\"og:title\" content=\"La r\u00e9volution capillaire fran\u00e7aise\" \/>\n<meta property=\"og:description\" content=\"La Bonne Brosse est n\u00e9e de l&#039;initiative de deux entrepreneures fran\u00e7aises, Flore des Robert et Pauline Laurent, anciennes \u00e9tudiantes d&#039;HEC.\" \/>\n<meta property=\"og:url\" content=\"https:\/\/lasocietenouvelle.net\/blog\/innovation-et-technologie\/decouvrez-la-revolution-capillaire-francaise-la-verite-surprenante-derriere-la-bonne-brosse\/\" \/>\n<meta property=\"og:site_name\" content=\"lasocietenouvelle\" \/>\n<meta property=\"og:image\" content=\"https:\/\/lasocietenouvelle.net\/blog\/wp-content\/uploads\/2025\/05\/sdxl-4f9576ad3b5626dd5bc6b54dd4bc31b4-scaled.png\" \/>\n\t<meta property=\"og:image:width\" content=\"1200\" \/>\n\t<meta property=\"og:image:height\" content=\"500\" \/>\n\t<meta property=\"og:image:type\" content=\"image\/png\" \/>\n<meta name=\"author\" content=\"Claire Desprats\" \/>\n<meta name=\"twitter:card\" content=\"summary_large_image\" \/>\n<script type=\"application\/ld+json\" class=\"yoast-schema-graph\">{\"@context\":\"https:\/\/schema.org\",\"@graph\":[{\"@type\":\"NewsArticle\",\"@id\":\"https:\/\/lasocietenouvelle.net\/blog\/innovation-et-technologie\/decouvrez-la-revolution-capillaire-francaise-la-verite-surprenante-derriere-la-bonne-brosse\/#article\",\"isPartOf\":{\"@id\":\"https:\/\/lasocietenouvelle.net\/blog\/innovation-et-technologie\/decouvrez-la-revolution-capillaire-francaise-la-verite-surprenante-derriere-la-bonne-brosse\/\"},\"author\":{\"name\":\"Claire Desprats\",\"@id\":\"https:\/\/lasocietenouvelle.net\/blog\/#\/schema\/person\/3c864cdc320801e3db34b663e7e3f816\"},\"headline\":\"D\u00e9couvrez la r\u00e9volution capillaire fran\u00e7aise : la v\u00e9rit\u00e9 surprenante derri\u00e8re La Bonne Brosse\",\"datePublished\":\"2025-03-07T11:04:25+00:00\",\"mainEntityOfPage\":{\"@id\":\"https:\/\/lasocietenouvelle.net\/blog\/innovation-et-technologie\/decouvrez-la-revolution-capillaire-francaise-la-verite-surprenante-derriere-la-bonne-brosse\/\"},\"wordCount\":1303,\"commentCount\":0,\"publisher\":{\"@id\":\"https:\/\/lasocietenouvelle.net\/blog\/#organization\"},\"image\":{\"@id\":\"https:\/\/lasocietenouvelle.net\/blog\/innovation-et-technologie\/decouvrez-la-revolution-capillaire-francaise-la-verite-surprenante-derriere-la-bonne-brosse\/#primaryimage\"},\"thumbnailUrl\":\"https:\/\/lasocietenouvelle.net\/blog\/wp-content\/uploads\/2025\/05\/sdxl-4f9576ad3b5626dd5bc6b54dd4bc31b4-scaled.png\",\"keywords\":[\"beaute\",\"brosse cheveux\",\"soin capillaire\"],\"articleSection\":[\"Innovation et Technologie\"],\"inLanguage\":\"fr-FR\",\"potentialAction\":[{\"@type\":\"CommentAction\",\"name\":\"Comment\",\"target\":[\"https:\/\/lasocietenouvelle.net\/blog\/innovation-et-technologie\/decouvrez-la-revolution-capillaire-francaise-la-verite-surprenante-derriere-la-bonne-brosse\/#respond\"]}]},{\"@type\":\"WebPage\",\"@id\":\"https:\/\/lasocietenouvelle.net\/blog\/innovation-et-technologie\/decouvrez-la-revolution-capillaire-francaise-la-verite-surprenante-derriere-la-bonne-brosse\/\",\"url\":\"https:\/\/lasocietenouvelle.net\/blog\/innovation-et-technologie\/decouvrez-la-revolution-capillaire-francaise-la-verite-surprenante-derriere-la-bonne-brosse\/\",\"name\":\"La r\u00e9volution capillaire fran\u00e7aise\",\"isPartOf\":{\"@id\":\"https:\/\/lasocietenouvelle.net\/blog\/#website\"},\"primaryImageOfPage\":{\"@id\":\"https:\/\/lasocietenouvelle.net\/blog\/innovation-et-technologie\/decouvrez-la-revolution-capillaire-francaise-la-verite-surprenante-derriere-la-bonne-brosse\/#primaryimage\"},\"image\":{\"@id\":\"https:\/\/lasocietenouvelle.net\/blog\/innovation-et-technologie\/decouvrez-la-revolution-capillaire-francaise-la-verite-surprenante-derriere-la-bonne-brosse\/#primaryimage\"},\"thumbnailUrl\":\"https:\/\/lasocietenouvelle.net\/blog\/wp-content\/uploads\/2025\/05\/sdxl-4f9576ad3b5626dd5bc6b54dd4bc31b4-scaled.png\",\"datePublished\":\"2025-03-07T11:04:25+00:00\",\"description\":\"La Bonne Brosse est n\u00e9e de l'initiative de deux entrepreneures fran\u00e7aises, Flore des Robert et Pauline Laurent, anciennes \u00e9tudiantes d'HEC.\",\"inLanguage\":\"fr-FR\",\"potentialAction\":[{\"@type\":\"ReadAction\",\"target\":[\"https:\/\/lasocietenouvelle.net\/blog\/innovation-et-technologie\/decouvrez-la-revolution-capillaire-francaise-la-verite-surprenante-derriere-la-bonne-brosse\/\"]}]},{\"@type\":\"ImageObject\",\"inLanguage\":\"fr-FR\",\"@id\":\"https:\/\/lasocietenouvelle.net\/blog\/innovation-et-technologie\/decouvrez-la-revolution-capillaire-francaise-la-verite-surprenante-derriere-la-bonne-brosse\/#primaryimage\",\"url\":\"https:\/\/lasocietenouvelle.net\/blog\/wp-content\/uploads\/2025\/05\/sdxl-4f9576ad3b5626dd5bc6b54dd4bc31b4-scaled.png\",\"contentUrl\":\"https:\/\/lasocietenouvelle.net\/blog\/wp-content\/uploads\/2025\/05\/sdxl-4f9576ad3b5626dd5bc6b54dd4bc31b4-scaled.png\",\"width\":1200,\"height\":500},{\"@type\":\"WebSite\",\"@id\":\"https:\/\/lasocietenouvelle.net\/blog\/#website\",\"url\":\"https:\/\/lasocietenouvelle.net\/blog\/\",\"name\":\"lasocietenouvelle.net\",\"description\":\"Ensemble pour une soci\u00e9t\u00e9 nouvelle.\",\"publisher\":{\"@id\":\"https:\/\/lasocietenouvelle.net\/blog\/#organization\"},\"alternateName\":\"Ensemble pour une soci\u00e9t\u00e9 nouvelle.\",\"potentialAction\":[{\"@type\":\"SearchAction\",\"target\":{\"@type\":\"EntryPoint\",\"urlTemplate\":\"https:\/\/lasocietenouvelle.net\/blog\/?s={search_term_string}\"},\"query-input\":{\"@type\":\"PropertyValueSpecification\",\"valueRequired\":true,\"valueName\":\"search_term_string\"}}],\"inLanguage\":\"fr-FR\"},{\"@type\":\"Organization\",\"@id\":\"https:\/\/lasocietenouvelle.net\/blog\/#organization\",\"name\":\"Foretsensations.fr\",\"url\":\"https:\/\/lasocietenouvelle.net\/blog\/\",\"logo\":{\"@type\":\"ImageObject\",\"inLanguage\":\"fr-FR\",\"@id\":\"https:\/\/lasocietenouvelle.net\/blog\/#\/schema\/logo\/image\/\",\"url\":\"https:\/\/lasocietenouvelle.net\/blog\/wp-content\/uploads\/2024\/12\/LaSocieteNouvelle.png\",\"contentUrl\":\"https:\/\/lasocietenouvelle.net\/blog\/wp-content\/uploads\/2024\/12\/LaSocieteNouvelle.png\",\"width\":500,\"height\":500,\"caption\":\"Foretsensations.fr\"},\"image\":{\"@id\":\"https:\/\/lasocietenouvelle.net\/blog\/#\/schema\/logo\/image\/\"}},{\"@type\":\"Person\",\"@id\":\"https:\/\/lasocietenouvelle.net\/blog\/#\/schema\/person\/3c864cdc320801e3db34b663e7e3f816\",\"name\":\"Claire Desprats\",\"image\":{\"@type\":\"ImageObject\",\"inLanguage\":\"fr-FR\",\"@id\":\"https:\/\/lasocietenouvelle.net\/blog\/#\/schema\/person\/image\/\",\"url\":\"https:\/\/lasocietenouvelle.net\/blog\/wp-content\/uploads\/2026\/06\/claire-d-lsn-2026-96x96.jpg\",\"contentUrl\":\"https:\/\/lasocietenouvelle.net\/blog\/wp-content\/uploads\/2026\/06\/claire-d-lsn-2026-96x96.jpg\",\"caption\":\"Claire Desprats\"},\"description\":\"Je d\u00e9crypte depuis une dizaine d'ann\u00e9es tout ce qui touche \u00e0 la sant\u00e9 et \u00e0 la protection sociale : compl\u00e9mentaire sant\u00e9 et mutuelle, pr\u00e9voyance et assurance, mais aussi soins du quotidien, pr\u00e9vention, parcours de soins, professions m\u00e9dicales et param\u00e9dicales, et bien-\u00eatre. J'aime rendre limpide un sujet r\u00e9put\u00e9 aride \u2014 un mot de contrat, un remboursement, un sympt\u00f4me, une d\u00e9marche administrative \u2014 avec des explications concr\u00e8tes, des fourchettes de co\u00fbts r\u00e9alistes et des crit\u00e8res v\u00e9rifiables. Avant de publier, je recoupe mes sources (textes officiels, organismes, notices), je distingue l'information g\u00e9n\u00e9rale du conseil personnalis\u00e9, et je rappelle syst\u00e9matiquement que mes articles ne remplacent ni un avis m\u00e9dical ni l'\u00e9tude d'un contrat par un professionnel. Mon objectif : aider chacun \u00e0 faire des choix \u00e9clair\u00e9s pour sa sant\u00e9 et sa couverture, en toute ind\u00e9pendance.\",\"sameAs\":[\"https:\/\/clairedesprats.fr\/\"],\"url\":\"https:\/\/lasocietenouvelle.net\/blog\/auteur\/noname\/\"}]}<\/script>\n<!-- \/ Yoast SEO Premium plugin. -->","yoast_head_json":{"title":"La r\u00e9volution capillaire fran\u00e7aise","description":"La Bonne Brosse est n\u00e9e de l'initiative de deux entrepreneures fran\u00e7aises, Flore des Robert et Pauline Laurent, anciennes \u00e9tudiantes d'HEC.","robots":{"index":"index","follow":"follow","max-snippet":"max-snippet:-1","max-image-preview":"max-image-preview:large","max-video-preview":"max-video-preview:-1"},"canonical":"https:\/\/lasocietenouvelle.net\/blog\/innovation-et-technologie\/decouvrez-la-revolution-capillaire-francaise-la-verite-surprenante-derriere-la-bonne-brosse\/","og_locale":"fr_FR","og_type":"article","og_title":"La r\u00e9volution capillaire fran\u00e7aise","og_description":"La Bonne Brosse est n\u00e9e de l'initiative de deux entrepreneures fran\u00e7aises, Flore des Robert et Pauline Laurent, anciennes \u00e9tudiantes d'HEC.","og_url":"https:\/\/lasocietenouvelle.net\/blog\/innovation-et-technologie\/decouvrez-la-revolution-capillaire-francaise-la-verite-surprenante-derriere-la-bonne-brosse\/","og_site_name":"lasocietenouvelle","og_image":[{"width":1200,"height":500,"url":"https:\/\/lasocietenouvelle.net\/blog\/wp-content\/uploads\/2025\/05\/sdxl-4f9576ad3b5626dd5bc6b54dd4bc31b4-scaled.png","type":"image\/png"}],"author":"Claire Desprats","twitter_card":"summary_large_image","schema":{"@context":"https:\/\/schema.org","@graph":[{"@type":"NewsArticle","@id":"https:\/\/lasocietenouvelle.net\/blog\/innovation-et-technologie\/decouvrez-la-revolution-capillaire-francaise-la-verite-surprenante-derriere-la-bonne-brosse\/#article","isPartOf":{"@id":"https:\/\/lasocietenouvelle.net\/blog\/innovation-et-technologie\/decouvrez-la-revolution-capillaire-francaise-la-verite-surprenante-derriere-la-bonne-brosse\/"},"author":{"name":"Claire Desprats","@id":"https:\/\/lasocietenouvelle.net\/blog\/#\/schema\/person\/3c864cdc320801e3db34b663e7e3f816"},"headline":"D\u00e9couvrez la r\u00e9volution capillaire fran\u00e7aise : la v\u00e9rit\u00e9 surprenante derri\u00e8re La Bonne Brosse","datePublished":"2025-03-07T11:04:25+00:00","mainEntityOfPage":{"@id":"https:\/\/lasocietenouvelle.net\/blog\/innovation-et-technologie\/decouvrez-la-revolution-capillaire-francaise-la-verite-surprenante-derriere-la-bonne-brosse\/"},"wordCount":1303,"commentCount":0,"publisher":{"@id":"https:\/\/lasocietenouvelle.net\/blog\/#organization"},"image":{"@id":"https:\/\/lasocietenouvelle.net\/blog\/innovation-et-technologie\/decouvrez-la-revolution-capillaire-francaise-la-verite-surprenante-derriere-la-bonne-brosse\/#primaryimage"},"thumbnailUrl":"https:\/\/lasocietenouvelle.net\/blog\/wp-content\/uploads\/2025\/05\/sdxl-4f9576ad3b5626dd5bc6b54dd4bc31b4-scaled.png","keywords":["beaute","brosse cheveux","soin capillaire"],"articleSection":["Innovation et Technologie"],"inLanguage":"fr-FR","potentialAction":[{"@type":"CommentAction","name":"Comment","target":["https:\/\/lasocietenouvelle.net\/blog\/innovation-et-technologie\/decouvrez-la-revolution-capillaire-francaise-la-verite-surprenante-derriere-la-bonne-brosse\/#respond"]}]},{"@type":"WebPage","@id":"https:\/\/lasocietenouvelle.net\/blog\/innovation-et-technologie\/decouvrez-la-revolution-capillaire-francaise-la-verite-surprenante-derriere-la-bonne-brosse\/","url":"https:\/\/lasocietenouvelle.net\/blog\/innovation-et-technologie\/decouvrez-la-revolution-capillaire-francaise-la-verite-surprenante-derriere-la-bonne-brosse\/","name":"La r\u00e9volution capillaire fran\u00e7aise","isPartOf":{"@id":"https:\/\/lasocietenouvelle.net\/blog\/#website"},"primaryImageOfPage":{"@id":"https:\/\/lasocietenouvelle.net\/blog\/innovation-et-technologie\/decouvrez-la-revolution-capillaire-francaise-la-verite-surprenante-derriere-la-bonne-brosse\/#primaryimage"},"image":{"@id":"https:\/\/lasocietenouvelle.net\/blog\/innovation-et-technologie\/decouvrez-la-revolution-capillaire-francaise-la-verite-surprenante-derriere-la-bonne-brosse\/#primaryimage"},"thumbnailUrl":"https:\/\/lasocietenouvelle.net\/blog\/wp-content\/uploads\/2025\/05\/sdxl-4f9576ad3b5626dd5bc6b54dd4bc31b4-scaled.png","datePublished":"2025-03-07T11:04:25+00:00","description":"La Bonne Brosse est n\u00e9e de l'initiative de deux entrepreneures fran\u00e7aises, Flore des Robert et Pauline Laurent, anciennes \u00e9tudiantes d'HEC.","inLanguage":"fr-FR","potentialAction":[{"@type":"ReadAction","target":["https:\/\/lasocietenouvelle.net\/blog\/innovation-et-technologie\/decouvrez-la-revolution-capillaire-francaise-la-verite-surprenante-derriere-la-bonne-brosse\/"]}]},{"@type":"ImageObject","inLanguage":"fr-FR","@id":"https:\/\/lasocietenouvelle.net\/blog\/innovation-et-technologie\/decouvrez-la-revolution-capillaire-francaise-la-verite-surprenante-derriere-la-bonne-brosse\/#primaryimage","url":"https:\/\/lasocietenouvelle.net\/blog\/wp-content\/uploads\/2025\/05\/sdxl-4f9576ad3b5626dd5bc6b54dd4bc31b4-scaled.png","contentUrl":"https:\/\/lasocietenouvelle.net\/blog\/wp-content\/uploads\/2025\/05\/sdxl-4f9576ad3b5626dd5bc6b54dd4bc31b4-scaled.png","width":1200,"height":500},{"@type":"WebSite","@id":"https:\/\/lasocietenouvelle.net\/blog\/#website","url":"https:\/\/lasocietenouvelle.net\/blog\/","name":"lasocietenouvelle.net","description":"Ensemble pour une soci\u00e9t\u00e9 nouvelle.","publisher":{"@id":"https:\/\/lasocietenouvelle.net\/blog\/#organization"},"alternateName":"Ensemble pour une soci\u00e9t\u00e9 nouvelle.","potentialAction":[{"@type":"SearchAction","target":{"@type":"EntryPoint","urlTemplate":"https:\/\/lasocietenouvelle.net\/blog\/?s={search_term_string}"},"query-input":{"@type":"PropertyValueSpecification","valueRequired":true,"valueName":"search_term_string"}}],"inLanguage":"fr-FR"},{"@type":"Organization","@id":"https:\/\/lasocietenouvelle.net\/blog\/#organization","name":"Foretsensations.fr","url":"https:\/\/lasocietenouvelle.net\/blog\/","logo":{"@type":"ImageObject","inLanguage":"fr-FR","@id":"https:\/\/lasocietenouvelle.net\/blog\/#\/schema\/logo\/image\/","url":"https:\/\/lasocietenouvelle.net\/blog\/wp-content\/uploads\/2024\/12\/LaSocieteNouvelle.png","contentUrl":"https:\/\/lasocietenouvelle.net\/blog\/wp-content\/uploads\/2024\/12\/LaSocieteNouvelle.png","width":500,"height":500,"caption":"Foretsensations.fr"},"image":{"@id":"https:\/\/lasocietenouvelle.net\/blog\/#\/schema\/logo\/image\/"}},{"@type":"Person","@id":"https:\/\/lasocietenouvelle.net\/blog\/#\/schema\/person\/3c864cdc320801e3db34b663e7e3f816","name":"Claire Desprats","image":{"@type":"ImageObject","inLanguage":"fr-FR","@id":"https:\/\/lasocietenouvelle.net\/blog\/#\/schema\/person\/image\/","url":"https:\/\/lasocietenouvelle.net\/blog\/wp-content\/uploads\/2026\/06\/claire-d-lsn-2026-96x96.jpg","contentUrl":"https:\/\/lasocietenouvelle.net\/blog\/wp-content\/uploads\/2026\/06\/claire-d-lsn-2026-96x96.jpg","caption":"Claire Desprats"},"description":"Je d\u00e9crypte depuis une dizaine d'ann\u00e9es tout ce qui touche \u00e0 la sant\u00e9 et \u00e0 la protection sociale : compl\u00e9mentaire sant\u00e9 et mutuelle, pr\u00e9voyance et assurance, mais aussi soins du quotidien, pr\u00e9vention, parcours de soins, professions m\u00e9dicales et param\u00e9dicales, et bien-\u00eatre. J'aime rendre limpide un sujet r\u00e9put\u00e9 aride \u2014 un mot de contrat, un remboursement, un sympt\u00f4me, une d\u00e9marche administrative \u2014 avec des explications concr\u00e8tes, des fourchettes de co\u00fbts r\u00e9alistes et des crit\u00e8res v\u00e9rifiables. Avant de publier, je recoupe mes sources (textes officiels, organismes, notices), je distingue l'information g\u00e9n\u00e9rale du conseil personnalis\u00e9, et je rappelle syst\u00e9matiquement que mes articles ne remplacent ni un avis m\u00e9dical ni l'\u00e9tude d'un contrat par un professionnel. Mon objectif : aider chacun \u00e0 faire des choix \u00e9clair\u00e9s pour sa sant\u00e9 et sa couverture, en toute ind\u00e9pendance.","sameAs":["https:\/\/clairedesprats.fr\/"],"url":"https:\/\/lasocietenouvelle.net\/blog\/auteur\/noname\/"}]}},"_links":{"self":[{"href":"https:\/\/lasocietenouvelle.net\/blog\/wp-json\/wp\/v2\/posts\/7771","targetHints":{"allow":["GET"]}}],"collection":[{"href":"https:\/\/lasocietenouvelle.net\/blog\/wp-json\/wp\/v2\/posts"}],"about":[{"href":"https:\/\/lasocietenouvelle.net\/blog\/wp-json\/wp\/v2\/types\/post"}],"author":[{"embeddable":true,"href":"https:\/\/lasocietenouvelle.net\/blog\/wp-json\/wp\/v2\/users\/34"}],"replies":[{"embeddable":true,"href":"https:\/\/lasocietenouvelle.net\/blog\/wp-json\/wp\/v2\/comments?post=7771"}],"version-history":[{"count":0,"href":"https:\/\/lasocietenouvelle.net\/blog\/wp-json\/wp\/v2\/posts\/7771\/revisions"}],"wp:featuredmedia":[{"embeddable":true,"href":"https:\/\/lasocietenouvelle.net\/blog\/wp-json\/wp\/v2\/media\/7944"}],"wp:attachment":[{"href":"https:\/\/lasocietenouvelle.net\/blog\/wp-json\/wp\/v2\/media?parent=7771"}],"wp:term":[{"taxonomy":"category","embeddable":true,"href":"https:\/\/lasocietenouvelle.net\/blog\/wp-json\/wp\/v2\/categories?post=7771"},{"taxonomy":"post_tag","embeddable":true,"href":"https:\/\/lasocietenouvelle.net\/blog\/wp-json\/wp\/v2\/tags?post=7771"}],"curies":[{"name":"wp","href":"https:\/\/api.w.org\/{rel}","templated":true}]}}