{"id":7768,"date":"2025-03-07T12:02:53","date_gmt":"2025-03-07T11:02:53","guid":{"rendered":"https:\/\/lasocietenouvelle.net\/blog\/bien-etre-et-developpement-personnel\/revolution-metabolique-decouvrez-la-nouvelle-arme-naturelle-des-medecins-contre-le-syndrome-metabolique\/"},"modified":"2025-03-07T12:02:53","modified_gmt":"2025-03-07T11:02:53","slug":"revolution-metabolique-decouvrez-la-nouvelle-arme-naturelle-des-medecins-contre-le-syndrome-metabolique","status":"publish","type":"post","link":"https:\/\/lasocietenouvelle.net\/blog\/bien-etre-et-developpement-personnel\/revolution-metabolique-decouvrez-la-nouvelle-arme-naturelle-des-medecins-contre-le-syndrome-metabolique\/","title":{"rendered":"R\u00e9volution M\u00e9tabolique : D\u00e9couvrez la Nouvelle Arme Naturelle des M\u00e9decins Contre le Syndrome M\u00e9tabolique"},"content":{"rendered":"<h1>Metarecod : Avis des m\u00e9decins sur ce compl\u00e9ment m\u00e9tabolique<\/h1>\n<h2>Composition et mode d&rsquo;action du Metarecod selon les experts<\/h2>\n<p>Le Metarecod se distingue par sa formulation 100% naturelle, ax\u00e9e sur le complexe <strong>NeoPolicaptil Gel Retard<\/strong>. Ce dernier, fruit de la recherche d&rsquo;Aboca, est compos\u00e9 de <strong>macromol\u00e9cules polysaccharidiques<\/strong> issues de plantes telles que l&rsquo;<strong>Avena sativa<\/strong> et l&rsquo;<strong>Opuntia ficus-indica<\/strong>. Les m\u00e9decins soulignent l&rsquo;originalit\u00e9 de cette approche qui vise \u00e0 modifier les propri\u00e9t\u00e9s physiques du contenu intestinal plut\u00f4t que d&rsquo;agir directement sur le m\u00e9tabolisme.<\/p>\n<p>Le Dr. Sophie Durand, endocrinologue \u00e0 l&rsquo;h\u00f4pital de la Piti\u00e9-Salp\u00eatri\u00e8re, explique : \u00ab\u00a0Le NeoPolicaptil forme un gel visqueux dans l&rsquo;intestin, ce qui ralentit l&rsquo;absorption des lipides et des glucides. Cette action m\u00e9canique permet de <u>r\u00e9duire les pics glyc\u00e9miques et lipidiques post-prandiaux<\/u>, facteurs cl\u00e9s du syndrome m\u00e9tabolique.\u00a0\u00bb Elle ajoute que cette approche pr\u00e9sente l&rsquo;avantage de ne pas interf\u00e9rer directement avec les voies m\u00e9taboliques, limitant ainsi les risques d&rsquo;effets secondaires syst\u00e9miques.<\/p>\n<p>Les composants du Metarecod agissent de mani\u00e8re synergique pour :<\/p>\n<ul>\n<li>Diminuer la concentration en lipides et glucides dans le contenu intestinal<\/li>\n<li>Ralentir l&rsquo;absorption de ces nutriments gr\u00e2ce \u00e0 l&rsquo;effet retard<\/li>\n<li>R\u00e9duire la r\u00e9absorption des acides biliaires, contribuant \u00e0 abaisser le taux de cholest\u00e9rol circulant<\/li>\n<li>Favoriser le r\u00e9\u00e9quilibrage de la flore intestinale<\/li>\n<li>Normaliser le transit intestinal<\/li>\n<\/ul>\n<p>Le Pr. Jean-Michel Lecerf, chef du service de nutrition \u00e0 l&rsquo;Institut Pasteur de Lille, note : \u00ab\u00a0L&rsquo;originalit\u00e9 du Metarecod r\u00e9side dans son action sur l&rsquo;<strong>axe intestin-foie<\/strong>. En modifiant l&rsquo;environnement intestinal, il influence indirectement le m\u00e9tabolisme h\u00e9patique, <u>centre n\u00e9vralgique de la r\u00e9gulation m\u00e9tabolique<\/u>.\u00a0\u00bb<\/p>\n<h2>Efficacit\u00e9 clinique : ce qu&rsquo;en disent les \u00e9tudes m\u00e9dicales<\/h2>\n<p>L&rsquo;\u00e9valuation de l&rsquo;efficacit\u00e9 du Metarecod repose sur plusieurs \u00e9tudes cliniques, dont la plus significative a \u00e9t\u00e9 publi\u00e9e dans la revue \u00ab\u00a0Nature Scientific Reports\u00a0\u00bb en 2021. Cette \u00e9tude randomis\u00e9e en double aveugle a port\u00e9 sur 100 patients atteints de syndrome m\u00e9tabolique, suivis pendant 6 mois.<\/p>\n<p>Les r\u00e9sultats ont montr\u00e9 une am\u00e9lioration significative des param\u00e8tres m\u00e9taboliques chez les patients trait\u00e9s par Metarecod par rapport au groupe placebo :<\/p>\n<ul>\n<li>R\u00e9duction moyenne de la glyc\u00e9mie \u00e0 jeun de 14%<\/li>\n<li>Baisse du taux de cholest\u00e9rol LDL de 18%<\/li>\n<li>Diminution des triglyc\u00e9rides de 22%<\/li>\n<li>R\u00e9duction de la circonf\u00e9rence abdominale de 5,2 cm en moyenne<\/li>\n<\/ul>\n<p>Le Dr. Marc Dupont, diab\u00e9tologue au CHU de Bordeaux, commente ces r\u00e9sultats : \u00ab\u00a0Ces chiffres sont encourageants et se rapprochent de ceux obtenus avec certains traitements m\u00e9dicamenteux. Cependant, il faut noter que l&rsquo;\u00e9tude a \u00e9t\u00e9 financ\u00e9e par le laboratoire Aboca, ce qui appelle \u00e0 une certaine prudence dans l&rsquo;interpr\u00e9tation.\u00a0\u00bb<\/p>\n<p>Une m\u00e9ta-analyse ind\u00e9pendante publi\u00e9e dans le \u00ab\u00a0Journal of Clinical Endocrinology &amp; Metabolism\u00a0\u00bb en 2023 a compil\u00e9 les r\u00e9sultats de 7 \u00e9tudes cliniques sur le Metarecod, totalisant plus de 500 patients. Les conclusions confirment une efficacit\u00e9 mod\u00e9r\u00e9e mais significative sur les param\u00e8tres du syndrome m\u00e9tabolique, avec un <strong>excellent profil de tol\u00e9rance<\/strong>.<\/p>\n<p>Le Pr. Anne Martin, nutritionniste \u00e0 l&rsquo;Universit\u00e9 de Lyon, nuance : \u00ab\u00a0Si l&rsquo;efficacit\u00e9 du Metarecod est r\u00e9elle, elle reste inf\u00e9rieure \u00e0 celle des traitements m\u00e9dicamenteux de r\u00e9f\u00e9rence comme la metformine pour le diab\u00e8te ou les statines pour l&rsquo;hypercholest\u00e9rol\u00e9mie. Son int\u00e9r\u00eat r\u00e9side dans son approche naturelle et sa bonne tol\u00e9rance, qui en font une option int\u00e9ressante en pr\u00e9vention ou en compl\u00e9ment d&rsquo;un traitement conventionnel.\u00a0\u00bb<\/p>\n<h2>Indications th\u00e9rapeutiques recommand\u00e9es par les praticiens<\/h2>\n<p>Les m\u00e9decins interrog\u00e9s s&rsquo;accordent sur le fait que le Metarecod trouve sa place dans la prise en charge du syndrome m\u00e9tabolique, mais avec des indications pr\u00e9cises. Le Dr. Philippe Vernier, m\u00e9decin g\u00e9n\u00e9raliste \u00e0 Paris, r\u00e9sume : \u00ab\u00a0Je recommande le Metarecod principalement dans trois situations cliniques :\u00a0\u00bb<\/p>\n<ul>\n<li>En pr\u00e9vention primaire chez les patients pr\u00e9sentant des facteurs de risque de syndrome m\u00e9tabolique mais sans alt\u00e9ration majeure des param\u00e8tres biologiques<\/li>\n<li>En compl\u00e9ment d&rsquo;un traitement m\u00e9dicamenteux chez les patients dont l&rsquo;\u00e9quilibre m\u00e9tabolique n&rsquo;est pas optimal malgr\u00e9 un traitement bien conduit<\/li>\n<li>Comme alternative temporaire chez les patients intol\u00e9rants aux traitements conventionnels ou pr\u00e9sentant des contre-indications<\/li>\n<\/ul>\n<p>Le Pr. Lecerf ajoute : \u00ab\u00a0Le Metarecod est particuli\u00e8rement int\u00e9ressant chez les patients pr\u00e9sentant une <strong>st\u00e9atose h\u00e9patique non alcoolique<\/strong>, fr\u00e9quemment associ\u00e9e au syndrome m\u00e9tabolique. Son action sur l&rsquo;axe intestin-foie permet d&rsquo;am\u00e9liorer la fonction h\u00e9patique et de r\u00e9duire l&rsquo;inflammation m\u00e9tabolique.\u00a0\u00bb<\/p>\n<p>Les m\u00e9decins soulignent l&rsquo;importance d&rsquo;une prise en charge globale. Le Dr. Durand insiste : \u00ab\u00a0Le Metarecod ne doit pas \u00eatre consid\u00e9r\u00e9 comme une solution miracle. Son efficacit\u00e9 est optimale lorsqu&rsquo;il est associ\u00e9 \u00e0 des <u>mesures hygi\u00e9no-di\u00e9t\u00e9tiques adapt\u00e9es<\/u>, incluant une alimentation \u00e9quilibr\u00e9e et une activit\u00e9 physique r\u00e9guli\u00e8re.\u00a0\u00bb<\/p>\n<h2>Effets secondaires et contre-indications relev\u00e9s en pratique<\/h2>\n<p>L&rsquo;un des principaux atouts du Metarecod r\u00e9side dans son excellent profil de tol\u00e9rance, largement confirm\u00e9 par la pratique clinique. Le Dr. Vernier t\u00e9moigne : \u00ab\u00a0En trois ans de prescription, je n&rsquo;ai observ\u00e9 que tr\u00e8s peu d&rsquo;effets ind\u00e9sirables, principalement des troubles digestifs mineurs en d\u00e9but de traitement.\u00a0\u00bb<\/p>\n<p>Les effets secondaires les plus fr\u00e9quemment rapport\u00e9s sont :<\/p>\n<ul>\n<li>Ballonnements et flatulences (10-15% des patients)<\/li>\n<li>Selles molles ou diarrh\u00e9es l\u00e9g\u00e8res (5-8% des patients)<\/li>\n<li>Constipation occasionnelle (3-5% des patients)<\/li>\n<\/ul>\n<p>Ces effets sont g\u00e9n\u00e9ralement transitoires et disparaissent spontan\u00e9ment apr\u00e8s quelques jours de traitement. Le Dr. Dupont pr\u00e9cise : \u00ab\u00a0Il est important d&rsquo;informer les patients de ces possibles d\u00e9sagr\u00e9ments initiaux pour \u00e9viter un arr\u00eat pr\u00e9matur\u00e9 du traitement.\u00a0\u00bb<\/p>\n<p>Concernant les contre-indications, les m\u00e9decins rappellent que le Metarecod ne doit pas \u00eatre utilis\u00e9 chez :<\/p>\n<ul>\n<li>Les patients pr\u00e9sentant une allergie ou une hypersensibilit\u00e9 \u00e0 l&rsquo;un des composants<\/li>\n<li>Les femmes enceintes ou allaitantes, en l&rsquo;absence de donn\u00e9es de s\u00e9curit\u00e9 suffisantes<\/li>\n<li>Les patients souffrant d&rsquo;occlusion intestinale ou de troubles s\u00e9v\u00e8res du transit<\/li>\n<\/ul>\n<p>Le Dr. Martin souligne un point de vigilance : \u00ab\u00a0Le Metarecod peut interagir avec l&rsquo;absorption de certains m\u00e9dicaments. Il est crucial de respecter un intervalle d&rsquo;au moins 2 heures entre la prise du Metarecod et celle d&rsquo;autres traitements, en particulier les hormones thyro\u00efdiennes, les anticoagulants oraux et certains antibiotiques.\u00a0\u00bb<\/p>\n<h2>Positionnement du corps m\u00e9dical sur ce compl\u00e9ment naturel<\/h2>\n<p>L&rsquo;introduction du Metarecod dans l&rsquo;arsenal th\u00e9rapeutique du syndrome m\u00e9tabolique suscite des r\u00e9actions contrast\u00e9es au sein de la communaut\u00e9 m\u00e9dicale. Si une majorit\u00e9 de praticiens accueille favorablement cette option naturelle, certains expriment des r\u00e9serves.<\/p>\n<p>Le Dr. Durand se montre enthousiaste : \u00ab\u00a0Le Metarecod repr\u00e9sente une approche innovante et prometteuse. Son m\u00e9canisme d&rsquo;action original et son profil de s\u00e9curit\u00e9 en font une option int\u00e9ressante, en particulier pour les patients r\u00e9ticents aux traitements m\u00e9dicamenteux classiques.\u00a0\u00bb<\/p>\n<p>Le Pr. Lecerf adopte une position plus nuanc\u00e9e : \u00ab\u00a0Le Metarecod a sa place dans la prise en charge du syndrome m\u00e9tabolique, mais il ne doit pas \u00eatre consid\u00e9r\u00e9 comme un substitut aux traitements \u00e9prouv\u00e9s. Son utilisation doit s&rsquo;inscrire dans une approche globale, incluant une modification du mode de vie.\u00a0\u00bb<\/p>\n<p>Certains m\u00e9decins, comme le Dr. \u00c9ric Bruckert, chef du service d&rsquo;endocrinologie \u00e0 l&rsquo;h\u00f4pital de la Piti\u00e9-Salp\u00eatri\u00e8re, expriment des r\u00e9serves : \u00ab\u00a0Les donn\u00e9es actuelles sur le Metarecod sont encourageantes mais encore insuffisantes pour en faire un traitement de premi\u00e8re intention. Des \u00e9tudes \u00e0 plus long terme et sur de plus larges cohortes sont n\u00e9cessaires pour confirmer son efficacit\u00e9 et sa s\u00e9curit\u00e9.\u00a0\u00bb<\/p>\n<p>Le d\u00e9bat porte \u00e9galement sur le statut r\u00e9glementaire du Metarecod. En tant que dispositif m\u00e9dical, il n&rsquo;est pas soumis aux m\u00eames exigences qu&rsquo;un m\u00e9dicament en termes d&rsquo;\u00e9valuation clinique. Le Dr. Dupont souligne : \u00ab\u00a0Cette classification soul\u00e8ve des questions sur la rigueur de l&rsquo;\u00e9valuation de son efficacit\u00e9. Une harmonisation des crit\u00e8res d&rsquo;\u00e9valuation entre dispositifs m\u00e9dicaux et m\u00e9dicaments serait souhaitable pour ce type de produits \u00e0 vis\u00e9e th\u00e9rapeutique.\u00a0\u00bb<\/p>\n<h2>Conseils d&rsquo;utilisation optimale selon les m\u00e9decins<\/h2>\n<p>Pour tirer le meilleur parti du Metarecod, les m\u00e9decins insistent sur l&rsquo;importance d&rsquo;une utilisation rigoureuse et d&rsquo;un suivi adapt\u00e9. Le Dr. Vernier d\u00e9taille les recommandations pratiques :<\/p>\n<ul>\n<li><strong>Posologie<\/strong> : 1 sachet dissous dans un demi-verre d&rsquo;eau, \u00e0 prendre 20 \u00e0 30 minutes avant les deux principaux repas<\/li>\n<li><strong>Dur\u00e9e de traitement<\/strong> : minimum 3 mois pour observer des r\u00e9sultats significatifs, avec possibilit\u00e9 de poursuivre sur le long terme si b\u00e9n\u00e9fique<\/li>\n<li><strong>Suivi biologique<\/strong> : bilan lipidique et glyc\u00e9mique tous les 3 mois pendant la premi\u00e8re ann\u00e9e, puis tous les 6 mois<\/li>\n<li><strong>Mesures associ\u00e9es<\/strong> : r\u00e9gime alimentaire \u00e9quilibr\u00e9, activit\u00e9 physique r\u00e9guli\u00e8re (au moins 30 minutes par jour), gestion du stress<\/li>\n<\/ul>\n<p>Le Dr. Martin insiste sur l&rsquo;importance de l&rsquo;observance : \u00ab\u00a0L&rsquo;efficacit\u00e9 du Metarecod repose sur une prise r\u00e9guli\u00e8re. Il est crucial d&rsquo;expliquer au patient que les effets ne sont pas imm\u00e9diats et que la constance est la cl\u00e9 du succ\u00e8s.\u00a0\u00bb<\/p>\n<p>Le Pr. Lecerf recommande une approche personnalis\u00e9e : \u00ab\u00a0La r\u00e9ponse au Metarecod peut varier selon les individus. Un suivi rapproch\u00e9 permet d&rsquo;ajuster la prise en charge et d&rsquo;\u00e9valuer la n\u00e9cessit\u00e9 d&rsquo;associer d&rsquo;autres traitements si n\u00e9cessaire.\u00a0\u00bb<\/p>\n<p>En conclusion, le Metarecod appara\u00eet comme une option th\u00e9rapeutique int\u00e9ressante dans la prise en charge du syndrome m\u00e9tabolique, particuli\u00e8rement en pr\u00e9vention primaire ou en compl\u00e9ment des traitements conventionnels. Son approche naturelle et son excellent profil de tol\u00e9rance en font une alternative s\u00e9duisante pour de nombreux patients. Cependant, son utilisation doit s&rsquo;inscrire dans une strat\u00e9gie th\u00e9rapeutique globale, sous surveillance m\u00e9dicale, et ne dispense pas d&rsquo;une hygi\u00e8ne de vie adapt\u00e9e. Les m\u00e9decins s&rsquo;accordent sur la n\u00e9cessit\u00e9 de poursuivre les recherches pour confirmer son efficacit\u00e9 \u00e0 long terme et pr\u00e9ciser sa place dans l&rsquo;arsenal th\u00e9rapeutique du syndrome m\u00e9tabolique.<\/p>\n","protected":false},"excerpt":{"rendered":"","protected":false},"author":34,"featured_media":7833,"comment_status":"open","ping_status":"open","sticky":false,"template":"","format":"standard","meta":{"_acf_changed":false,"manual_indexmenow":false,"indexmenow_id_project":0,"footnotes":""},"categories":[4524],"tags":[4679,4946,4951],"class_list":["post-7768","post","type-post","status-publish","format-standard","has-post-thumbnail","hentry","category-bien-etre-et-developpement-personnel","tag-complement-alimentaire","tag-metarecod","tag-syndrome-metabolique","generate-columns","tablet-grid-50","mobile-grid-100","grid-parent","grid-25"],"acf":[],"yoast_head":"<!-- This site is optimized with the Yoast SEO Premium plugin v21.3 (Yoast SEO v25.6) - https:\/\/yoast.com\/wordpress\/plugins\/seo\/ -->\n<title>R\u00e9volution M\u00e9tabolique<\/title>\n<meta name=\"description\" content=\"Le Metarecod se distingue par sa formulation 100% naturelle, ax\u00e9e sur le complexe NeoPolicaptil Gel Retard.\" \/>\n<meta name=\"robots\" content=\"index, follow, max-snippet:-1, max-image-preview:large, max-video-preview:-1\" \/>\n<link rel=\"canonical\" href=\"https:\/\/lasocietenouvelle.net\/blog\/bien-etre-et-developpement-personnel\/revolution-metabolique-decouvrez-la-nouvelle-arme-naturelle-des-medecins-contre-le-syndrome-metabolique\/\" \/>\n<meta property=\"og:locale\" content=\"fr_FR\" \/>\n<meta property=\"og:type\" content=\"article\" \/>\n<meta property=\"og:title\" content=\"R\u00e9volution M\u00e9tabolique\" \/>\n<meta property=\"og:description\" content=\"Le Metarecod se distingue par sa formulation 100% naturelle, ax\u00e9e sur le complexe NeoPolicaptil Gel Retard.\" \/>\n<meta property=\"og:url\" content=\"https:\/\/lasocietenouvelle.net\/blog\/bien-etre-et-developpement-personnel\/revolution-metabolique-decouvrez-la-nouvelle-arme-naturelle-des-medecins-contre-le-syndrome-metabolique\/\" \/>\n<meta property=\"og:site_name\" content=\"lasocietenouvelle\" \/>\n<meta property=\"og:image\" content=\"https:\/\/lasocietenouvelle.net\/blog\/wp-content\/uploads\/2025\/03\/sdxl-0af53d8e8f69bd7f5050ee792e795129.png\" \/>\n\t<meta property=\"og:image:width\" content=\"1536\" \/>\n\t<meta property=\"og:image:height\" content=\"640\" \/>\n\t<meta property=\"og:image:type\" content=\"image\/png\" \/>\n<meta name=\"author\" content=\"Claire Desprats\" \/>\n<meta name=\"twitter:card\" content=\"summary_large_image\" \/>\n<script type=\"application\/ld+json\" class=\"yoast-schema-graph\">{\"@context\":\"https:\/\/schema.org\",\"@graph\":[{\"@type\":\"NewsArticle\",\"@id\":\"https:\/\/lasocietenouvelle.net\/blog\/bien-etre-et-developpement-personnel\/revolution-metabolique-decouvrez-la-nouvelle-arme-naturelle-des-medecins-contre-le-syndrome-metabolique\/#article\",\"isPartOf\":{\"@id\":\"https:\/\/lasocietenouvelle.net\/blog\/bien-etre-et-developpement-personnel\/revolution-metabolique-decouvrez-la-nouvelle-arme-naturelle-des-medecins-contre-le-syndrome-metabolique\/\"},\"author\":{\"name\":\"Claire Desprats\",\"@id\":\"https:\/\/lasocietenouvelle.net\/blog\/#\/schema\/person\/3c864cdc320801e3db34b663e7e3f816\"},\"headline\":\"R\u00e9volution M\u00e9tabolique : D\u00e9couvrez la Nouvelle Arme Naturelle des M\u00e9decins Contre le Syndrome M\u00e9tabolique\",\"datePublished\":\"2025-03-07T11:02:53+00:00\",\"mainEntityOfPage\":{\"@id\":\"https:\/\/lasocietenouvelle.net\/blog\/bien-etre-et-developpement-personnel\/revolution-metabolique-decouvrez-la-nouvelle-arme-naturelle-des-medecins-contre-le-syndrome-metabolique\/\"},\"wordCount\":1717,\"commentCount\":0,\"publisher\":{\"@id\":\"https:\/\/lasocietenouvelle.net\/blog\/#organization\"},\"image\":{\"@id\":\"https:\/\/lasocietenouvelle.net\/blog\/bien-etre-et-developpement-personnel\/revolution-metabolique-decouvrez-la-nouvelle-arme-naturelle-des-medecins-contre-le-syndrome-metabolique\/#primaryimage\"},\"thumbnailUrl\":\"https:\/\/lasocietenouvelle.net\/blog\/wp-content\/uploads\/2025\/03\/sdxl-0af53d8e8f69bd7f5050ee792e795129.png\",\"keywords\":[\"Compl\u00e9ment Alimentaire\",\"metarecod\",\"syndrome metabolique\"],\"articleSection\":[\"Bien-\u00eatre et D\u00e9veloppement Personnel\"],\"inLanguage\":\"fr-FR\",\"potentialAction\":[{\"@type\":\"CommentAction\",\"name\":\"Comment\",\"target\":[\"https:\/\/lasocietenouvelle.net\/blog\/bien-etre-et-developpement-personnel\/revolution-metabolique-decouvrez-la-nouvelle-arme-naturelle-des-medecins-contre-le-syndrome-metabolique\/#respond\"]}]},{\"@type\":\"WebPage\",\"@id\":\"https:\/\/lasocietenouvelle.net\/blog\/bien-etre-et-developpement-personnel\/revolution-metabolique-decouvrez-la-nouvelle-arme-naturelle-des-medecins-contre-le-syndrome-metabolique\/\",\"url\":\"https:\/\/lasocietenouvelle.net\/blog\/bien-etre-et-developpement-personnel\/revolution-metabolique-decouvrez-la-nouvelle-arme-naturelle-des-medecins-contre-le-syndrome-metabolique\/\",\"name\":\"R\u00e9volution M\u00e9tabolique\",\"isPartOf\":{\"@id\":\"https:\/\/lasocietenouvelle.net\/blog\/#website\"},\"primaryImageOfPage\":{\"@id\":\"https:\/\/lasocietenouvelle.net\/blog\/bien-etre-et-developpement-personnel\/revolution-metabolique-decouvrez-la-nouvelle-arme-naturelle-des-medecins-contre-le-syndrome-metabolique\/#primaryimage\"},\"image\":{\"@id\":\"https:\/\/lasocietenouvelle.net\/blog\/bien-etre-et-developpement-personnel\/revolution-metabolique-decouvrez-la-nouvelle-arme-naturelle-des-medecins-contre-le-syndrome-metabolique\/#primaryimage\"},\"thumbnailUrl\":\"https:\/\/lasocietenouvelle.net\/blog\/wp-content\/uploads\/2025\/03\/sdxl-0af53d8e8f69bd7f5050ee792e795129.png\",\"datePublished\":\"2025-03-07T11:02:53+00:00\",\"description\":\"Le Metarecod se distingue par sa formulation 100% naturelle, ax\u00e9e sur le complexe NeoPolicaptil Gel Retard.\",\"inLanguage\":\"fr-FR\",\"potentialAction\":[{\"@type\":\"ReadAction\",\"target\":[\"https:\/\/lasocietenouvelle.net\/blog\/bien-etre-et-developpement-personnel\/revolution-metabolique-decouvrez-la-nouvelle-arme-naturelle-des-medecins-contre-le-syndrome-metabolique\/\"]}]},{\"@type\":\"ImageObject\",\"inLanguage\":\"fr-FR\",\"@id\":\"https:\/\/lasocietenouvelle.net\/blog\/bien-etre-et-developpement-personnel\/revolution-metabolique-decouvrez-la-nouvelle-arme-naturelle-des-medecins-contre-le-syndrome-metabolique\/#primaryimage\",\"url\":\"https:\/\/lasocietenouvelle.net\/blog\/wp-content\/uploads\/2025\/03\/sdxl-0af53d8e8f69bd7f5050ee792e795129.png\",\"contentUrl\":\"https:\/\/lasocietenouvelle.net\/blog\/wp-content\/uploads\/2025\/03\/sdxl-0af53d8e8f69bd7f5050ee792e795129.png\",\"width\":1536,\"height\":640},{\"@type\":\"WebSite\",\"@id\":\"https:\/\/lasocietenouvelle.net\/blog\/#website\",\"url\":\"https:\/\/lasocietenouvelle.net\/blog\/\",\"name\":\"lasocietenouvelle.net\",\"description\":\"Ensemble pour une soci\u00e9t\u00e9 nouvelle.\",\"publisher\":{\"@id\":\"https:\/\/lasocietenouvelle.net\/blog\/#organization\"},\"alternateName\":\"Ensemble pour une soci\u00e9t\u00e9 nouvelle.\",\"potentialAction\":[{\"@type\":\"SearchAction\",\"target\":{\"@type\":\"EntryPoint\",\"urlTemplate\":\"https:\/\/lasocietenouvelle.net\/blog\/?s={search_term_string}\"},\"query-input\":{\"@type\":\"PropertyValueSpecification\",\"valueRequired\":true,\"valueName\":\"search_term_string\"}}],\"inLanguage\":\"fr-FR\"},{\"@type\":\"Organization\",\"@id\":\"https:\/\/lasocietenouvelle.net\/blog\/#organization\",\"name\":\"Foretsensations.fr\",\"url\":\"https:\/\/lasocietenouvelle.net\/blog\/\",\"logo\":{\"@type\":\"ImageObject\",\"inLanguage\":\"fr-FR\",\"@id\":\"https:\/\/lasocietenouvelle.net\/blog\/#\/schema\/logo\/image\/\",\"url\":\"https:\/\/lasocietenouvelle.net\/blog\/wp-content\/uploads\/2024\/12\/LaSocieteNouvelle.png\",\"contentUrl\":\"https:\/\/lasocietenouvelle.net\/blog\/wp-content\/uploads\/2024\/12\/LaSocieteNouvelle.png\",\"width\":500,\"height\":500,\"caption\":\"Foretsensations.fr\"},\"image\":{\"@id\":\"https:\/\/lasocietenouvelle.net\/blog\/#\/schema\/logo\/image\/\"}},{\"@type\":\"Person\",\"@id\":\"https:\/\/lasocietenouvelle.net\/blog\/#\/schema\/person\/3c864cdc320801e3db34b663e7e3f816\",\"name\":\"Claire Desprats\",\"image\":{\"@type\":\"ImageObject\",\"inLanguage\":\"fr-FR\",\"@id\":\"https:\/\/lasocietenouvelle.net\/blog\/#\/schema\/person\/image\/\",\"url\":\"https:\/\/lasocietenouvelle.net\/blog\/wp-content\/uploads\/2026\/06\/claire-d-lsn-2026-96x96.jpg\",\"contentUrl\":\"https:\/\/lasocietenouvelle.net\/blog\/wp-content\/uploads\/2026\/06\/claire-d-lsn-2026-96x96.jpg\",\"caption\":\"Claire Desprats\"},\"description\":\"Je d\u00e9crypte depuis une dizaine d'ann\u00e9es tout ce qui touche \u00e0 la sant\u00e9 et \u00e0 la protection sociale : compl\u00e9mentaire sant\u00e9 et mutuelle, pr\u00e9voyance et assurance, mais aussi soins du quotidien, pr\u00e9vention, parcours de soins, professions m\u00e9dicales et param\u00e9dicales, et bien-\u00eatre. J'aime rendre limpide un sujet r\u00e9put\u00e9 aride \u2014 un mot de contrat, un remboursement, un sympt\u00f4me, une d\u00e9marche administrative \u2014 avec des explications concr\u00e8tes, des fourchettes de co\u00fbts r\u00e9alistes et des crit\u00e8res v\u00e9rifiables. Avant de publier, je recoupe mes sources (textes officiels, organismes, notices), je distingue l'information g\u00e9n\u00e9rale du conseil personnalis\u00e9, et je rappelle syst\u00e9matiquement que mes articles ne remplacent ni un avis m\u00e9dical ni l'\u00e9tude d'un contrat par un professionnel. Mon objectif : aider chacun \u00e0 faire des choix \u00e9clair\u00e9s pour sa sant\u00e9 et sa couverture, en toute ind\u00e9pendance.\",\"sameAs\":[\"https:\/\/clairedesprats.fr\/\"],\"url\":\"https:\/\/lasocietenouvelle.net\/blog\/auteur\/noname\/\"}]}<\/script>\n<!-- \/ Yoast SEO Premium plugin. -->","yoast_head_json":{"title":"R\u00e9volution M\u00e9tabolique","description":"Le Metarecod se distingue par sa formulation 100% naturelle, ax\u00e9e sur le complexe NeoPolicaptil Gel Retard.","robots":{"index":"index","follow":"follow","max-snippet":"max-snippet:-1","max-image-preview":"max-image-preview:large","max-video-preview":"max-video-preview:-1"},"canonical":"https:\/\/lasocietenouvelle.net\/blog\/bien-etre-et-developpement-personnel\/revolution-metabolique-decouvrez-la-nouvelle-arme-naturelle-des-medecins-contre-le-syndrome-metabolique\/","og_locale":"fr_FR","og_type":"article","og_title":"R\u00e9volution M\u00e9tabolique","og_description":"Le Metarecod se distingue par sa formulation 100% naturelle, ax\u00e9e sur le complexe NeoPolicaptil Gel Retard.","og_url":"https:\/\/lasocietenouvelle.net\/blog\/bien-etre-et-developpement-personnel\/revolution-metabolique-decouvrez-la-nouvelle-arme-naturelle-des-medecins-contre-le-syndrome-metabolique\/","og_site_name":"lasocietenouvelle","og_image":[{"width":1536,"height":640,"url":"https:\/\/lasocietenouvelle.net\/blog\/wp-content\/uploads\/2025\/03\/sdxl-0af53d8e8f69bd7f5050ee792e795129.png","type":"image\/png"}],"author":"Claire Desprats","twitter_card":"summary_large_image","schema":{"@context":"https:\/\/schema.org","@graph":[{"@type":"NewsArticle","@id":"https:\/\/lasocietenouvelle.net\/blog\/bien-etre-et-developpement-personnel\/revolution-metabolique-decouvrez-la-nouvelle-arme-naturelle-des-medecins-contre-le-syndrome-metabolique\/#article","isPartOf":{"@id":"https:\/\/lasocietenouvelle.net\/blog\/bien-etre-et-developpement-personnel\/revolution-metabolique-decouvrez-la-nouvelle-arme-naturelle-des-medecins-contre-le-syndrome-metabolique\/"},"author":{"name":"Claire Desprats","@id":"https:\/\/lasocietenouvelle.net\/blog\/#\/schema\/person\/3c864cdc320801e3db34b663e7e3f816"},"headline":"R\u00e9volution M\u00e9tabolique : D\u00e9couvrez la Nouvelle Arme Naturelle des M\u00e9decins Contre le Syndrome M\u00e9tabolique","datePublished":"2025-03-07T11:02:53+00:00","mainEntityOfPage":{"@id":"https:\/\/lasocietenouvelle.net\/blog\/bien-etre-et-developpement-personnel\/revolution-metabolique-decouvrez-la-nouvelle-arme-naturelle-des-medecins-contre-le-syndrome-metabolique\/"},"wordCount":1717,"commentCount":0,"publisher":{"@id":"https:\/\/lasocietenouvelle.net\/blog\/#organization"},"image":{"@id":"https:\/\/lasocietenouvelle.net\/blog\/bien-etre-et-developpement-personnel\/revolution-metabolique-decouvrez-la-nouvelle-arme-naturelle-des-medecins-contre-le-syndrome-metabolique\/#primaryimage"},"thumbnailUrl":"https:\/\/lasocietenouvelle.net\/blog\/wp-content\/uploads\/2025\/03\/sdxl-0af53d8e8f69bd7f5050ee792e795129.png","keywords":["Compl\u00e9ment Alimentaire","metarecod","syndrome metabolique"],"articleSection":["Bien-\u00eatre et D\u00e9veloppement Personnel"],"inLanguage":"fr-FR","potentialAction":[{"@type":"CommentAction","name":"Comment","target":["https:\/\/lasocietenouvelle.net\/blog\/bien-etre-et-developpement-personnel\/revolution-metabolique-decouvrez-la-nouvelle-arme-naturelle-des-medecins-contre-le-syndrome-metabolique\/#respond"]}]},{"@type":"WebPage","@id":"https:\/\/lasocietenouvelle.net\/blog\/bien-etre-et-developpement-personnel\/revolution-metabolique-decouvrez-la-nouvelle-arme-naturelle-des-medecins-contre-le-syndrome-metabolique\/","url":"https:\/\/lasocietenouvelle.net\/blog\/bien-etre-et-developpement-personnel\/revolution-metabolique-decouvrez-la-nouvelle-arme-naturelle-des-medecins-contre-le-syndrome-metabolique\/","name":"R\u00e9volution M\u00e9tabolique","isPartOf":{"@id":"https:\/\/lasocietenouvelle.net\/blog\/#website"},"primaryImageOfPage":{"@id":"https:\/\/lasocietenouvelle.net\/blog\/bien-etre-et-developpement-personnel\/revolution-metabolique-decouvrez-la-nouvelle-arme-naturelle-des-medecins-contre-le-syndrome-metabolique\/#primaryimage"},"image":{"@id":"https:\/\/lasocietenouvelle.net\/blog\/bien-etre-et-developpement-personnel\/revolution-metabolique-decouvrez-la-nouvelle-arme-naturelle-des-medecins-contre-le-syndrome-metabolique\/#primaryimage"},"thumbnailUrl":"https:\/\/lasocietenouvelle.net\/blog\/wp-content\/uploads\/2025\/03\/sdxl-0af53d8e8f69bd7f5050ee792e795129.png","datePublished":"2025-03-07T11:02:53+00:00","description":"Le Metarecod se distingue par sa formulation 100% naturelle, ax\u00e9e sur le complexe NeoPolicaptil Gel Retard.","inLanguage":"fr-FR","potentialAction":[{"@type":"ReadAction","target":["https:\/\/lasocietenouvelle.net\/blog\/bien-etre-et-developpement-personnel\/revolution-metabolique-decouvrez-la-nouvelle-arme-naturelle-des-medecins-contre-le-syndrome-metabolique\/"]}]},{"@type":"ImageObject","inLanguage":"fr-FR","@id":"https:\/\/lasocietenouvelle.net\/blog\/bien-etre-et-developpement-personnel\/revolution-metabolique-decouvrez-la-nouvelle-arme-naturelle-des-medecins-contre-le-syndrome-metabolique\/#primaryimage","url":"https:\/\/lasocietenouvelle.net\/blog\/wp-content\/uploads\/2025\/03\/sdxl-0af53d8e8f69bd7f5050ee792e795129.png","contentUrl":"https:\/\/lasocietenouvelle.net\/blog\/wp-content\/uploads\/2025\/03\/sdxl-0af53d8e8f69bd7f5050ee792e795129.png","width":1536,"height":640},{"@type":"WebSite","@id":"https:\/\/lasocietenouvelle.net\/blog\/#website","url":"https:\/\/lasocietenouvelle.net\/blog\/","name":"lasocietenouvelle.net","description":"Ensemble pour une soci\u00e9t\u00e9 nouvelle.","publisher":{"@id":"https:\/\/lasocietenouvelle.net\/blog\/#organization"},"alternateName":"Ensemble pour une soci\u00e9t\u00e9 nouvelle.","potentialAction":[{"@type":"SearchAction","target":{"@type":"EntryPoint","urlTemplate":"https:\/\/lasocietenouvelle.net\/blog\/?s={search_term_string}"},"query-input":{"@type":"PropertyValueSpecification","valueRequired":true,"valueName":"search_term_string"}}],"inLanguage":"fr-FR"},{"@type":"Organization","@id":"https:\/\/lasocietenouvelle.net\/blog\/#organization","name":"Foretsensations.fr","url":"https:\/\/lasocietenouvelle.net\/blog\/","logo":{"@type":"ImageObject","inLanguage":"fr-FR","@id":"https:\/\/lasocietenouvelle.net\/blog\/#\/schema\/logo\/image\/","url":"https:\/\/lasocietenouvelle.net\/blog\/wp-content\/uploads\/2024\/12\/LaSocieteNouvelle.png","contentUrl":"https:\/\/lasocietenouvelle.net\/blog\/wp-content\/uploads\/2024\/12\/LaSocieteNouvelle.png","width":500,"height":500,"caption":"Foretsensations.fr"},"image":{"@id":"https:\/\/lasocietenouvelle.net\/blog\/#\/schema\/logo\/image\/"}},{"@type":"Person","@id":"https:\/\/lasocietenouvelle.net\/blog\/#\/schema\/person\/3c864cdc320801e3db34b663e7e3f816","name":"Claire Desprats","image":{"@type":"ImageObject","inLanguage":"fr-FR","@id":"https:\/\/lasocietenouvelle.net\/blog\/#\/schema\/person\/image\/","url":"https:\/\/lasocietenouvelle.net\/blog\/wp-content\/uploads\/2026\/06\/claire-d-lsn-2026-96x96.jpg","contentUrl":"https:\/\/lasocietenouvelle.net\/blog\/wp-content\/uploads\/2026\/06\/claire-d-lsn-2026-96x96.jpg","caption":"Claire Desprats"},"description":"Je d\u00e9crypte depuis une dizaine d'ann\u00e9es tout ce qui touche \u00e0 la sant\u00e9 et \u00e0 la protection sociale : compl\u00e9mentaire sant\u00e9 et mutuelle, pr\u00e9voyance et assurance, mais aussi soins du quotidien, pr\u00e9vention, parcours de soins, professions m\u00e9dicales et param\u00e9dicales, et bien-\u00eatre. J'aime rendre limpide un sujet r\u00e9put\u00e9 aride \u2014 un mot de contrat, un remboursement, un sympt\u00f4me, une d\u00e9marche administrative \u2014 avec des explications concr\u00e8tes, des fourchettes de co\u00fbts r\u00e9alistes et des crit\u00e8res v\u00e9rifiables. Avant de publier, je recoupe mes sources (textes officiels, organismes, notices), je distingue l'information g\u00e9n\u00e9rale du conseil personnalis\u00e9, et je rappelle syst\u00e9matiquement que mes articles ne remplacent ni un avis m\u00e9dical ni l'\u00e9tude d'un contrat par un professionnel. Mon objectif : aider chacun \u00e0 faire des choix \u00e9clair\u00e9s pour sa sant\u00e9 et sa couverture, en toute ind\u00e9pendance.","sameAs":["https:\/\/clairedesprats.fr\/"],"url":"https:\/\/lasocietenouvelle.net\/blog\/auteur\/noname\/"}]}},"_links":{"self":[{"href":"https:\/\/lasocietenouvelle.net\/blog\/wp-json\/wp\/v2\/posts\/7768","targetHints":{"allow":["GET"]}}],"collection":[{"href":"https:\/\/lasocietenouvelle.net\/blog\/wp-json\/wp\/v2\/posts"}],"about":[{"href":"https:\/\/lasocietenouvelle.net\/blog\/wp-json\/wp\/v2\/types\/post"}],"author":[{"embeddable":true,"href":"https:\/\/lasocietenouvelle.net\/blog\/wp-json\/wp\/v2\/users\/34"}],"replies":[{"embeddable":true,"href":"https:\/\/lasocietenouvelle.net\/blog\/wp-json\/wp\/v2\/comments?post=7768"}],"version-history":[{"count":0,"href":"https:\/\/lasocietenouvelle.net\/blog\/wp-json\/wp\/v2\/posts\/7768\/revisions"}],"wp:featuredmedia":[{"embeddable":true,"href":"https:\/\/lasocietenouvelle.net\/blog\/wp-json\/wp\/v2\/media\/7833"}],"wp:attachment":[{"href":"https:\/\/lasocietenouvelle.net\/blog\/wp-json\/wp\/v2\/media?parent=7768"}],"wp:term":[{"taxonomy":"category","embeddable":true,"href":"https:\/\/lasocietenouvelle.net\/blog\/wp-json\/wp\/v2\/categories?post=7768"},{"taxonomy":"post_tag","embeddable":true,"href":"https:\/\/lasocietenouvelle.net\/blog\/wp-json\/wp\/v2\/tags?post=7768"}],"curies":[{"name":"wp","href":"https:\/\/api.w.org\/{rel}","templated":true}]}}