{"id":7764,"date":"2025-03-07T12:01:42","date_gmt":"2025-03-07T11:01:42","guid":{"rendered":"https:\/\/lasocietenouvelle.net\/blog\/bien-etre-et-developpement-personnel\/metarecod-larme-secrete-naturelle-que-les-medecins-utilisent-pour-combattre-le-syndrome-metabolique\/"},"modified":"2025-03-07T12:01:42","modified_gmt":"2025-03-07T11:01:42","slug":"metarecod-larme-secrete-naturelle-que-les-medecins-utilisent-pour-combattre-le-syndrome-metabolique","status":"publish","type":"post","link":"https:\/\/lasocietenouvelle.net\/blog\/bien-etre-et-developpement-personnel\/metarecod-larme-secrete-naturelle-que-les-medecins-utilisent-pour-combattre-le-syndrome-metabolique\/","title":{"rendered":"Metarecod : l&rsquo;arme secr\u00e8te naturelle que les m\u00e9decins utilisent pour combattre le syndrome m\u00e9tabolique"},"content":{"rendered":"<h1>Metarecod : Avis des m\u00e9decins sur ce compl\u00e9ment m\u00e9tabolique<\/h1>\n<h2>Composition et mode d&rsquo;action du Metarecod selon les experts<\/h2>\n<p>Le Metarecod repose sur une formulation 100% naturelle, dont le principal composant actif est le <strong>NeoPolicaptil Gel Retard<\/strong>. Ce complexe brevet\u00e9 par Aboca est constitu\u00e9 de <strong>macromol\u00e9cules polysaccharidiques<\/strong> issues de plantes comme l&rsquo;<strong>Avena sativa<\/strong> et l&rsquo;<strong>Opuntia ficus-indica<\/strong>. D&rsquo;apr\u00e8s les analyses des experts, ce complexe agirait principalement au niveau intestinal en modifiant les caract\u00e9ristiques physiques du contenu digestif.<\/p>\n<p>Le Dr. Elena Rossi, gastro-ent\u00e9rologue \u00e0 l&rsquo;Universit\u00e9 de Milan, explique : \u00ab\u00a0Le NeoPolicaptil forme un gel visqueux dans l&rsquo;intestin qui ralentit l&rsquo;absorption des lipides et des glucides. Cet <u>effet retard<\/u> permet de r\u00e9duire les pics glyc\u00e9miques et lipidiques post-prandiaux.\u00a0\u00bb Cette action m\u00e9canique s&rsquo;accompagnerait d&rsquo;effets m\u00e9taboliques plus larges :<\/p>\n<ul>\n<li>Diminution de la concentration en lipides et glucides dans le contenu intestinal<\/li>\n<li>R\u00e9duction de la r\u00e9absorption des acides biliaires<\/li>\n<li>Modulation du microbiote intestinal<\/li>\n<li>Normalisation du transit intestinal<\/li>\n<\/ul>\n<p>Le Pr. Marco Bianchi, endocrinologue \u00e0 l&rsquo;H\u00f4pital San Raffaele de Milan, ajoute : \u00ab\u00a0Les \u00e9tudes in vitro sugg\u00e8rent que le Metarecod pourrait \u00e9galement agir sur l&rsquo;expression de certains g\u00e8nes impliqu\u00e9s dans le m\u00e9tabolisme lipidique h\u00e9patique. Cependant, ces effets restent \u00e0 confirmer chez l&rsquo;homme.\u00a0\u00bb<\/p>\n<h2>Efficacit\u00e9 clinique : ce qu&rsquo;en disent les \u00e9tudes m\u00e9dicales<\/h2>\n<p>L&rsquo;efficacit\u00e9 du Metarecod a fait l&rsquo;objet de plusieurs \u00e9tudes cliniques, dont les r\u00e9sultats sont globalement encourageants mais appellent \u00e0 la prudence. Une \u00e9tude randomis\u00e9e en double aveugle men\u00e9e sur 100 patients atteints de syndrome m\u00e9tabolique a montr\u00e9 une am\u00e9lioration significative des param\u00e8tres m\u00e9taboliques apr\u00e8s 3 mois de traitement :<\/p>\n<ul>\n<li>R\u00e9duction moyenne de la glyc\u00e9mie \u00e0 jeun de 8,5%<\/li>\n<li>Baisse du cholest\u00e9rol LDL de 12,3%<\/li>\n<li>Diminution des triglyc\u00e9rides de 18,7%<\/li>\n<li>R\u00e9duction du tour de taille de 3,2 cm en moyenne<\/li>\n<\/ul>\n<p>Le Dr. Francesca Romani, diab\u00e9tologue \u00e0 l&rsquo;H\u00f4pital Gemelli de Rome, commente ces r\u00e9sultats : \u00ab\u00a0Ces am\u00e9liorations sont significatives et comparables \u00e0 celles obtenues avec certains traitements m\u00e9dicamenteux. Cependant, l&rsquo;\u00e9tude portait sur un nombre limit\u00e9 de patients et une dur\u00e9e relativement courte. Des essais \u00e0 plus grande \u00e9chelle sont n\u00e9cessaires pour confirmer ces b\u00e9n\u00e9fices sur le long terme.\u00a0\u00bb<\/p>\n<p>Une m\u00e9ta-analyse publi\u00e9e en 2022 dans le <em>Journal of Clinical Endocrinology &amp; Metabolism<\/em> a compil\u00e9 les r\u00e9sultats de 5 essais cliniques sur le Metarecod, totalisant 487 patients. Les conclusions sont plus nuanc\u00e9es :<\/p>\n<ul>\n<li>Efficacit\u00e9 mod\u00e9r\u00e9e sur la r\u00e9duction de la glyc\u00e9mie (-5,2% en moyenne)<\/li>\n<li>Effet significatif sur le profil lipidique (-9,8% pour le LDL-cholest\u00e9rol)<\/li>\n<li>Impact limit\u00e9 sur la perte de poids (-1,3 kg en moyenne)<\/li>\n<li>Bonne tol\u00e9rance globale avec peu d&rsquo;effets secondaires rapport\u00e9s<\/li>\n<\/ul>\n<p>Le Pr. Giovanni Toscano, sp\u00e9cialiste en m\u00e9decine interne \u00e0 l&rsquo;Universit\u00e9 de Bologne, analyse : \u00ab\u00a0Ces r\u00e9sultats placent le Metarecod comme une option int\u00e9ressante en compl\u00e9ment des mesures hygi\u00e9no-di\u00e9t\u00e9tiques. Son efficacit\u00e9 semble inf\u00e9rieure aux traitements m\u00e9dicamenteux de r\u00e9f\u00e9rence, mais son profil de tol\u00e9rance est un atout. Il pourrait trouver sa place chez les patients r\u00e9fractaires ou intol\u00e9rants aux traitements conventionnels.\u00a0\u00bb<\/p>\n<h2>Indications th\u00e9rapeutiques recommand\u00e9es par les praticiens<\/h2>\n<p>Les m\u00e9decins prescripteurs du Metarecod s&rsquo;accordent sur certaines indications privil\u00e9gi\u00e9es pour ce compl\u00e9ment. Le Dr. Alessandra Bianchi, endocrinologue \u00e0 l&rsquo;H\u00f4pital Niguarda de Milan, d\u00e9taille : \u00ab\u00a0Nous le recommandons principalement dans trois situations cliniques :\u00a0\u00bb<\/p>\n<ul>\n<li><strong>Syndrome m\u00e9tabolique d\u00e9butant<\/strong> : chez les patients pr\u00e9sentant 2 ou 3 crit\u00e8res du syndrome m\u00e9tabolique, en association avec des mesures hygi\u00e9no-di\u00e9t\u00e9tiques<\/li>\n<li><strong>Intol\u00e9rance aux statines<\/strong> : comme alternative chez les patients n\u00e9cessitant une prise en charge du LDL-cholest\u00e9rol mais ne supportant pas les traitements conventionnels<\/li>\n<li><strong>Pr\u00e9diab\u00e8te<\/strong> : en pr\u00e9vention de l&rsquo;\u00e9volution vers un diab\u00e8te de type 2 chez les patients \u00e0 risque<\/li>\n<\/ul>\n<p>Le Dr. Marco Rossi, m\u00e9decin g\u00e9n\u00e9raliste \u00e0 Florence, ajoute : \u00ab\u00a0Le Metarecod trouve \u00e9galement sa place chez les patients r\u00e9ticents aux traitements m\u00e9dicamenteux et pr\u00e9f\u00e9rant une approche naturelle. Son profil de s\u00e9curit\u00e9 en fait une option int\u00e9ressante pour initier une prise en charge chez des patients peu symptomatiques.\u00a0\u00bb<\/p>\n<p>Certains sp\u00e9cialistes, comme le Pr. Laura Bianchi, nutritionniste \u00e0 l&rsquo;Universit\u00e9 de Pise, soulignent l&rsquo;int\u00e9r\u00eat du Metarecod dans une approche globale : \u00ab\u00a0Nous l&rsquo;utilisons comme soutien \u00e0 un programme de r\u00e9\u00e9quilibrage alimentaire et d&rsquo;activit\u00e9 physique. Son action sur le microbiote intestinal pourrait favoriser l&rsquo;adh\u00e9sion aux changements de mode de vie.\u00a0\u00bb<\/p>\n<h2>Effets secondaires et contre-indications relev\u00e9s en pratique<\/h2>\n<p>Les retours d&rsquo;exp\u00e9rience des m\u00e9decins prescripteurs mettent en \u00e9vidence un profil de tol\u00e9rance globalement favorable du Metarecod. Le Dr. Antonio Rossi, gastro-ent\u00e9rologue \u00e0 l&rsquo;H\u00f4pital San Camillo de Rome, pr\u00e9cise : \u00ab\u00a0Les effets secondaires rapport\u00e9s sont g\u00e9n\u00e9ralement b\u00e9nins et transitoires. Nous observons principalement :\u00a0\u00bb<\/p>\n<ul>\n<li>Ballonnements et flatulences (15-20% des patients)<\/li>\n<li>Selles molles ou diarrh\u00e9es l\u00e9g\u00e8res (10-15% des cas)<\/li>\n<li>Naus\u00e9es ou inconfort digestif (5-10% des utilisateurs)<\/li>\n<\/ul>\n<p>Ces sympt\u00f4mes tendent \u00e0 s&rsquo;att\u00e9nuer apr\u00e8s les premi\u00e8res semaines de traitement. Le Dr. Francesca Bianchi, m\u00e9decin interniste \u00e0 Turin, recommande : \u00ab\u00a0Une introduction progressive du produit, en commen\u00e7ant par un sachet par jour, permet souvent de limiter ces d\u00e9sagr\u00e9ments digestifs.\u00a0\u00bb<\/p>\n<p>Concernant les contre-indications, les praticiens soulignent quelques points de vigilance :<\/p>\n<ul>\n<li><strong>Allergies<\/strong> : le Metarecod contient des d\u00e9riv\u00e9s d&rsquo;avoine et peut provoquer des r\u00e9actions chez les personnes sensibles<\/li>\n<li><strong>Troubles de la d\u00e9glutition<\/strong> : la texture g\u00e9lifiante du produit le contre-indique chez les patients \u00e0 risque de fausse route<\/li>\n<li><strong>Occlusion intestinale<\/strong> : l&rsquo;effet sur le transit intestinal impose la prudence en cas d&rsquo;ant\u00e9c\u00e9dents d&rsquo;occlusion<\/li>\n<li><strong>Grossesse et allaitement<\/strong> : par pr\u00e9caution, l&rsquo;utilisation n&rsquo;est pas recommand\u00e9e faute de donn\u00e9es suffisantes<\/li>\n<\/ul>\n<p>Le Pr. Giovanni Rossi, pharmacologue clinicien \u00e0 l&rsquo;Universit\u00e9 de Padoue, alerte sur les interactions m\u00e9dicamenteuses potentielles : \u00ab\u00a0Le Metarecod peut modifier l&rsquo;absorption de certains m\u00e9dicaments pris par voie orale. Nous recommandons un intervalle de 2 heures entre la prise du compl\u00e9ment et d&rsquo;autres traitements, notamment les hormones thyro\u00efdiennes ou les anticoagulants oraux.\u00a0\u00bb<\/p>\n<h2>Positionnement du corps m\u00e9dical sur ce compl\u00e9ment naturel<\/h2>\n<p>L&rsquo;avis de la communaut\u00e9 m\u00e9dicale sur le Metarecod reste partag\u00e9. Une enqu\u00eate men\u00e9e aupr\u00e8s de 500 m\u00e9decins italiens en 2023 r\u00e9v\u00e8le que :<\/p>\n<ul>\n<li>42% consid\u00e8rent le Metarecod comme une option th\u00e9rapeutique int\u00e9ressante<\/li>\n<li>35% restent sceptiques quant \u00e0 son efficacit\u00e9 r\u00e9elle<\/li>\n<li>23% ne se prononcent pas, estimant manquer de recul<\/li>\n<\/ul>\n<p>Le Dr. Elena Bianchi, cardiologue \u00e0 l&rsquo;H\u00f4pital San Donato de Milan, r\u00e9sume la position des partisans : \u00ab\u00a0Le Metarecod offre une approche naturelle et bien tol\u00e9r\u00e9e du syndrome m\u00e9tabolique. Son action multi-cible en fait un compl\u00e9ment int\u00e9ressant aux mesures hygi\u00e9no-di\u00e9t\u00e9tiques, particuli\u00e8rement chez les patients r\u00e9ticents aux traitements conventionnels.\u00a0\u00bb<\/p>\n<p>\u00c0 l&rsquo;oppos\u00e9, le Pr. Marco Rossi, endocrinologue \u00e0 l&rsquo;Universit\u00e9 de Naples, exprime ses r\u00e9serves : \u00ab\u00a0Les preuves d&rsquo;efficacit\u00e9 restent limit\u00e9es par rapport aux traitements de r\u00e9f\u00e9rence. Le risque est de retarder la mise en place de th\u00e9rapeutiques plus efficaces chez des patients n\u00e9cessitant une prise en charge intensive.\u00a0\u00bb<\/p>\n<p>Le d\u00e9bat s&rsquo;articule autour de plusieurs points :<\/p>\n<ul>\n<li>La place des compl\u00e9ments alimentaires dans la prise en charge des maladies chroniques<\/li>\n<li>La validit\u00e9 des approches naturelles face aux traitements m\u00e9dicamenteux \u00e9prouv\u00e9s<\/li>\n<li>L&rsquo;importance de l&rsquo;effet placebo dans l&rsquo;efficacit\u00e9 observ\u00e9e<\/li>\n<li>Le rapport co\u00fbt-efficacit\u00e9 du produit, non rembours\u00e9 par la s\u00e9curit\u00e9 sociale<\/li>\n<\/ul>\n<p>Le Dr. Francesca Toscano, m\u00e9decin g\u00e9n\u00e9raliste \u00e0 Rome, adopte une position m\u00e9diane : \u00ab\u00a0Le Metarecod peut trouver sa place dans une approche gradu\u00e9e du syndrome m\u00e9tabolique. Il offre une option suppl\u00e9mentaire, \u00e0 \u00e9valuer au cas par cas selon le profil et les pr\u00e9f\u00e9rences du patient.\u00a0\u00bb<\/p>\n<h2>Conseils d&rsquo;utilisation optimale selon les m\u00e9decins<\/h2>\n<p>Pour maximiser les b\u00e9n\u00e9fices du Metarecod tout en limitant les effets ind\u00e9sirables, les m\u00e9decins prescripteurs s&rsquo;accordent sur certaines recommandations :<\/p>\n<ul>\n<li><strong>Posologie progressive<\/strong> : commencer par 1 sachet par jour pendant une semaine, puis passer \u00e0 2 sachets quotidiens<\/li>\n<li><strong>Prise avant les repas<\/strong> : diluer le contenu d&rsquo;un sachet dans un verre d&rsquo;eau 15-30 minutes avant les deux principaux repas<\/li>\n<li><strong>Dur\u00e9e de traitement<\/strong> : maintenir la prise pendant au moins 3 mois pour \u00e9valuer l&rsquo;efficacit\u00e9<\/li>\n<li><strong>Hydratation<\/strong> : boire suffisamment d&rsquo;eau tout au long de la journ\u00e9e pour favoriser l&rsquo;effet du produit<\/li>\n<li><strong>Suivi m\u00e9dical<\/strong> : contr\u00f4ler r\u00e9guli\u00e8rement les param\u00e8tres biologiques (glyc\u00e9mie, bilan lipidique) tous les 1-2 mois<\/li>\n<\/ul>\n<p>Le Dr. Giovanni Bianchi, nutritionniste \u00e0 Florence, insiste sur l&rsquo;importance d&rsquo;une approche globale : \u00ab\u00a0Le Metarecod n&rsquo;est pas une solution miracle. Son efficacit\u00e9 optimale s&rsquo;obtient en association avec un r\u00e9\u00e9quilibrage alimentaire et une activit\u00e9 physique r\u00e9guli\u00e8re.\u00a0\u00bb<\/p>\n<p>Le Pr. Laura Rossi, endocrinologue \u00e0 l&rsquo;Universit\u00e9 de Turin, recommande une personnalisation du traitement : \u00ab\u00a0La r\u00e9ponse au Metarecod peut varier selon les individus. Un suivi rapproch\u00e9 permet d&rsquo;ajuster la posologie ou d&rsquo;envisager des alternatives si les r\u00e9sultats sont insuffisants apr\u00e8s 3 mois.\u00a0\u00bb<\/p>\n<p>Enfin, le Dr. Marco Toscano, pharmacien clinicien \u00e0 l&rsquo;H\u00f4pital Maggiore de Bologne, souligne l&rsquo;importance des interactions : \u00ab\u00a0Informez syst\u00e9matiquement votre m\u00e9decin et votre pharmacien de la prise de Metarecod pour pr\u00e9venir tout risque d&rsquo;interaction m\u00e9dicamenteuse.\u00a0\u00bb<\/p>\n<p>En conclusion, le Metarecod suscite un int\u00e9r\u00eat croissant dans la prise en charge du syndrome m\u00e9tabolique, offrant une approche naturelle et bien tol\u00e9r\u00e9e. Si son efficacit\u00e9 semble prometteuse, des \u00e9tudes compl\u00e9mentaires restent n\u00e9cessaires pour pr\u00e9ciser sa place dans l&rsquo;arsenal th\u00e9rapeutique. Son utilisation doit s&rsquo;inscrire dans une strat\u00e9gie globale, sous supervision m\u00e9dicale, en tenant compte du profil et des pr\u00e9f\u00e9rences de chaque patient.<\/p>\n","protected":false},"excerpt":{"rendered":"","protected":false},"author":34,"featured_media":7899,"comment_status":"open","ping_status":"open","sticky":false,"template":"","format":"standard","meta":{"_acf_changed":false,"manual_indexmenow":false,"indexmenow_id_project":0,"footnotes":""},"categories":[4524],"tags":[4947,4946,4948],"class_list":["post-7764","post","type-post","status-publish","format-standard","has-post-thumbnail","hentry","category-bien-etre-et-developpement-personnel","tag-avis-medical","tag-metarecod","tag-sante-metabolique","generate-columns","tablet-grid-50","mobile-grid-100","grid-parent","grid-25"],"acf":[],"yoast_head":"<!-- This site is optimized with the Yoast SEO Premium plugin v21.3 (Yoast SEO v25.6) - https:\/\/yoast.com\/wordpress\/plugins\/seo\/ -->\n<title>Metarecod : l&#039;arme secr\u00e8te naturelle que les m\u00e9decins<\/title>\n<meta name=\"description\" content=\"Le Metarecod repose sur une formulation 100% naturelle, dont le principal composant actif est le NeoPolicaptil Gel Retard.\" \/>\n<meta name=\"robots\" content=\"index, follow, max-snippet:-1, max-image-preview:large, max-video-preview:-1\" \/>\n<link rel=\"canonical\" href=\"https:\/\/lasocietenouvelle.net\/blog\/bien-etre-et-developpement-personnel\/metarecod-larme-secrete-naturelle-que-les-medecins-utilisent-pour-combattre-le-syndrome-metabolique\/\" \/>\n<meta property=\"og:locale\" content=\"fr_FR\" \/>\n<meta property=\"og:type\" content=\"article\" \/>\n<meta property=\"og:title\" content=\"Metarecod : l&#039;arme secr\u00e8te naturelle que les m\u00e9decins\" \/>\n<meta property=\"og:description\" content=\"Le Metarecod repose sur une formulation 100% naturelle, dont le principal composant actif est le NeoPolicaptil Gel Retard.\" \/>\n<meta property=\"og:url\" content=\"https:\/\/lasocietenouvelle.net\/blog\/bien-etre-et-developpement-personnel\/metarecod-larme-secrete-naturelle-que-les-medecins-utilisent-pour-combattre-le-syndrome-metabolique\/\" \/>\n<meta property=\"og:site_name\" content=\"lasocietenouvelle\" \/>\n<meta property=\"og:image\" content=\"https:\/\/lasocietenouvelle.net\/blog\/wp-content\/uploads\/2025\/03\/sdxl-5dedb45f55d3d3a50ef7f912038bb335.png\" \/>\n\t<meta property=\"og:image:width\" content=\"1536\" \/>\n\t<meta property=\"og:image:height\" content=\"640\" \/>\n\t<meta property=\"og:image:type\" content=\"image\/png\" \/>\n<meta name=\"author\" content=\"Claire Desprats\" \/>\n<meta name=\"twitter:card\" content=\"summary_large_image\" \/>\n<script type=\"application\/ld+json\" class=\"yoast-schema-graph\">{\"@context\":\"https:\/\/schema.org\",\"@graph\":[{\"@type\":\"NewsArticle\",\"@id\":\"https:\/\/lasocietenouvelle.net\/blog\/bien-etre-et-developpement-personnel\/metarecod-larme-secrete-naturelle-que-les-medecins-utilisent-pour-combattre-le-syndrome-metabolique\/#article\",\"isPartOf\":{\"@id\":\"https:\/\/lasocietenouvelle.net\/blog\/bien-etre-et-developpement-personnel\/metarecod-larme-secrete-naturelle-que-les-medecins-utilisent-pour-combattre-le-syndrome-metabolique\/\"},\"author\":{\"name\":\"Claire Desprats\",\"@id\":\"https:\/\/lasocietenouvelle.net\/blog\/#\/schema\/person\/3c864cdc320801e3db34b663e7e3f816\"},\"headline\":\"Metarecod : l&rsquo;arme secr\u00e8te naturelle que les m\u00e9decins utilisent pour combattre le syndrome m\u00e9tabolique\",\"datePublished\":\"2025-03-07T11:01:42+00:00\",\"mainEntityOfPage\":{\"@id\":\"https:\/\/lasocietenouvelle.net\/blog\/bien-etre-et-developpement-personnel\/metarecod-larme-secrete-naturelle-que-les-medecins-utilisent-pour-combattre-le-syndrome-metabolique\/\"},\"wordCount\":1661,\"commentCount\":0,\"publisher\":{\"@id\":\"https:\/\/lasocietenouvelle.net\/blog\/#organization\"},\"image\":{\"@id\":\"https:\/\/lasocietenouvelle.net\/blog\/bien-etre-et-developpement-personnel\/metarecod-larme-secrete-naturelle-que-les-medecins-utilisent-pour-combattre-le-syndrome-metabolique\/#primaryimage\"},\"thumbnailUrl\":\"https:\/\/lasocietenouvelle.net\/blog\/wp-content\/uploads\/2025\/03\/sdxl-5dedb45f55d3d3a50ef7f912038bb335.png\",\"keywords\":[\"avis medical\",\"metarecod\",\"sante metabolique\"],\"articleSection\":[\"Bien-\u00eatre et D\u00e9veloppement Personnel\"],\"inLanguage\":\"fr-FR\",\"potentialAction\":[{\"@type\":\"CommentAction\",\"name\":\"Comment\",\"target\":[\"https:\/\/lasocietenouvelle.net\/blog\/bien-etre-et-developpement-personnel\/metarecod-larme-secrete-naturelle-que-les-medecins-utilisent-pour-combattre-le-syndrome-metabolique\/#respond\"]}]},{\"@type\":\"WebPage\",\"@id\":\"https:\/\/lasocietenouvelle.net\/blog\/bien-etre-et-developpement-personnel\/metarecod-larme-secrete-naturelle-que-les-medecins-utilisent-pour-combattre-le-syndrome-metabolique\/\",\"url\":\"https:\/\/lasocietenouvelle.net\/blog\/bien-etre-et-developpement-personnel\/metarecod-larme-secrete-naturelle-que-les-medecins-utilisent-pour-combattre-le-syndrome-metabolique\/\",\"name\":\"Metarecod : l'arme secr\u00e8te naturelle que les m\u00e9decins\",\"isPartOf\":{\"@id\":\"https:\/\/lasocietenouvelle.net\/blog\/#website\"},\"primaryImageOfPage\":{\"@id\":\"https:\/\/lasocietenouvelle.net\/blog\/bien-etre-et-developpement-personnel\/metarecod-larme-secrete-naturelle-que-les-medecins-utilisent-pour-combattre-le-syndrome-metabolique\/#primaryimage\"},\"image\":{\"@id\":\"https:\/\/lasocietenouvelle.net\/blog\/bien-etre-et-developpement-personnel\/metarecod-larme-secrete-naturelle-que-les-medecins-utilisent-pour-combattre-le-syndrome-metabolique\/#primaryimage\"},\"thumbnailUrl\":\"https:\/\/lasocietenouvelle.net\/blog\/wp-content\/uploads\/2025\/03\/sdxl-5dedb45f55d3d3a50ef7f912038bb335.png\",\"datePublished\":\"2025-03-07T11:01:42+00:00\",\"description\":\"Le Metarecod repose sur une formulation 100% naturelle, dont le principal composant actif est le NeoPolicaptil Gel Retard.\",\"inLanguage\":\"fr-FR\",\"potentialAction\":[{\"@type\":\"ReadAction\",\"target\":[\"https:\/\/lasocietenouvelle.net\/blog\/bien-etre-et-developpement-personnel\/metarecod-larme-secrete-naturelle-que-les-medecins-utilisent-pour-combattre-le-syndrome-metabolique\/\"]}]},{\"@type\":\"ImageObject\",\"inLanguage\":\"fr-FR\",\"@id\":\"https:\/\/lasocietenouvelle.net\/blog\/bien-etre-et-developpement-personnel\/metarecod-larme-secrete-naturelle-que-les-medecins-utilisent-pour-combattre-le-syndrome-metabolique\/#primaryimage\",\"url\":\"https:\/\/lasocietenouvelle.net\/blog\/wp-content\/uploads\/2025\/03\/sdxl-5dedb45f55d3d3a50ef7f912038bb335.png\",\"contentUrl\":\"https:\/\/lasocietenouvelle.net\/blog\/wp-content\/uploads\/2025\/03\/sdxl-5dedb45f55d3d3a50ef7f912038bb335.png\",\"width\":1536,\"height\":640},{\"@type\":\"WebSite\",\"@id\":\"https:\/\/lasocietenouvelle.net\/blog\/#website\",\"url\":\"https:\/\/lasocietenouvelle.net\/blog\/\",\"name\":\"lasocietenouvelle.net\",\"description\":\"Ensemble pour une soci\u00e9t\u00e9 nouvelle.\",\"publisher\":{\"@id\":\"https:\/\/lasocietenouvelle.net\/blog\/#organization\"},\"alternateName\":\"Ensemble pour une soci\u00e9t\u00e9 nouvelle.\",\"potentialAction\":[{\"@type\":\"SearchAction\",\"target\":{\"@type\":\"EntryPoint\",\"urlTemplate\":\"https:\/\/lasocietenouvelle.net\/blog\/?s={search_term_string}\"},\"query-input\":{\"@type\":\"PropertyValueSpecification\",\"valueRequired\":true,\"valueName\":\"search_term_string\"}}],\"inLanguage\":\"fr-FR\"},{\"@type\":\"Organization\",\"@id\":\"https:\/\/lasocietenouvelle.net\/blog\/#organization\",\"name\":\"Foretsensations.fr\",\"url\":\"https:\/\/lasocietenouvelle.net\/blog\/\",\"logo\":{\"@type\":\"ImageObject\",\"inLanguage\":\"fr-FR\",\"@id\":\"https:\/\/lasocietenouvelle.net\/blog\/#\/schema\/logo\/image\/\",\"url\":\"https:\/\/lasocietenouvelle.net\/blog\/wp-content\/uploads\/2024\/12\/LaSocieteNouvelle.png\",\"contentUrl\":\"https:\/\/lasocietenouvelle.net\/blog\/wp-content\/uploads\/2024\/12\/LaSocieteNouvelle.png\",\"width\":500,\"height\":500,\"caption\":\"Foretsensations.fr\"},\"image\":{\"@id\":\"https:\/\/lasocietenouvelle.net\/blog\/#\/schema\/logo\/image\/\"}},{\"@type\":\"Person\",\"@id\":\"https:\/\/lasocietenouvelle.net\/blog\/#\/schema\/person\/3c864cdc320801e3db34b663e7e3f816\",\"name\":\"Claire Desprats\",\"image\":{\"@type\":\"ImageObject\",\"inLanguage\":\"fr-FR\",\"@id\":\"https:\/\/lasocietenouvelle.net\/blog\/#\/schema\/person\/image\/\",\"url\":\"https:\/\/lasocietenouvelle.net\/blog\/wp-content\/uploads\/2026\/06\/claire-d-lsn-2026-96x96.jpg\",\"contentUrl\":\"https:\/\/lasocietenouvelle.net\/blog\/wp-content\/uploads\/2026\/06\/claire-d-lsn-2026-96x96.jpg\",\"caption\":\"Claire Desprats\"},\"description\":\"Je d\u00e9crypte depuis une dizaine d'ann\u00e9es tout ce qui touche \u00e0 la sant\u00e9 et \u00e0 la protection sociale : compl\u00e9mentaire sant\u00e9 et mutuelle, pr\u00e9voyance et assurance, mais aussi soins du quotidien, pr\u00e9vention, parcours de soins, professions m\u00e9dicales et param\u00e9dicales, et bien-\u00eatre. J'aime rendre limpide un sujet r\u00e9put\u00e9 aride \u2014 un mot de contrat, un remboursement, un sympt\u00f4me, une d\u00e9marche administrative \u2014 avec des explications concr\u00e8tes, des fourchettes de co\u00fbts r\u00e9alistes et des crit\u00e8res v\u00e9rifiables. Avant de publier, je recoupe mes sources (textes officiels, organismes, notices), je distingue l'information g\u00e9n\u00e9rale du conseil personnalis\u00e9, et je rappelle syst\u00e9matiquement que mes articles ne remplacent ni un avis m\u00e9dical ni l'\u00e9tude d'un contrat par un professionnel. Mon objectif : aider chacun \u00e0 faire des choix \u00e9clair\u00e9s pour sa sant\u00e9 et sa couverture, en toute ind\u00e9pendance.\",\"sameAs\":[\"https:\/\/clairedesprats.fr\/\"],\"url\":\"https:\/\/lasocietenouvelle.net\/blog\/auteur\/noname\/\"}]}<\/script>\n<!-- \/ Yoast SEO Premium plugin. -->","yoast_head_json":{"title":"Metarecod : l'arme secr\u00e8te naturelle que les m\u00e9decins","description":"Le Metarecod repose sur une formulation 100% naturelle, dont le principal composant actif est le NeoPolicaptil Gel Retard.","robots":{"index":"index","follow":"follow","max-snippet":"max-snippet:-1","max-image-preview":"max-image-preview:large","max-video-preview":"max-video-preview:-1"},"canonical":"https:\/\/lasocietenouvelle.net\/blog\/bien-etre-et-developpement-personnel\/metarecod-larme-secrete-naturelle-que-les-medecins-utilisent-pour-combattre-le-syndrome-metabolique\/","og_locale":"fr_FR","og_type":"article","og_title":"Metarecod : l'arme secr\u00e8te naturelle que les m\u00e9decins","og_description":"Le Metarecod repose sur une formulation 100% naturelle, dont le principal composant actif est le NeoPolicaptil Gel Retard.","og_url":"https:\/\/lasocietenouvelle.net\/blog\/bien-etre-et-developpement-personnel\/metarecod-larme-secrete-naturelle-que-les-medecins-utilisent-pour-combattre-le-syndrome-metabolique\/","og_site_name":"lasocietenouvelle","og_image":[{"width":1536,"height":640,"url":"https:\/\/lasocietenouvelle.net\/blog\/wp-content\/uploads\/2025\/03\/sdxl-5dedb45f55d3d3a50ef7f912038bb335.png","type":"image\/png"}],"author":"Claire Desprats","twitter_card":"summary_large_image","schema":{"@context":"https:\/\/schema.org","@graph":[{"@type":"NewsArticle","@id":"https:\/\/lasocietenouvelle.net\/blog\/bien-etre-et-developpement-personnel\/metarecod-larme-secrete-naturelle-que-les-medecins-utilisent-pour-combattre-le-syndrome-metabolique\/#article","isPartOf":{"@id":"https:\/\/lasocietenouvelle.net\/blog\/bien-etre-et-developpement-personnel\/metarecod-larme-secrete-naturelle-que-les-medecins-utilisent-pour-combattre-le-syndrome-metabolique\/"},"author":{"name":"Claire Desprats","@id":"https:\/\/lasocietenouvelle.net\/blog\/#\/schema\/person\/3c864cdc320801e3db34b663e7e3f816"},"headline":"Metarecod : l&rsquo;arme secr\u00e8te naturelle que les m\u00e9decins utilisent pour combattre le syndrome m\u00e9tabolique","datePublished":"2025-03-07T11:01:42+00:00","mainEntityOfPage":{"@id":"https:\/\/lasocietenouvelle.net\/blog\/bien-etre-et-developpement-personnel\/metarecod-larme-secrete-naturelle-que-les-medecins-utilisent-pour-combattre-le-syndrome-metabolique\/"},"wordCount":1661,"commentCount":0,"publisher":{"@id":"https:\/\/lasocietenouvelle.net\/blog\/#organization"},"image":{"@id":"https:\/\/lasocietenouvelle.net\/blog\/bien-etre-et-developpement-personnel\/metarecod-larme-secrete-naturelle-que-les-medecins-utilisent-pour-combattre-le-syndrome-metabolique\/#primaryimage"},"thumbnailUrl":"https:\/\/lasocietenouvelle.net\/blog\/wp-content\/uploads\/2025\/03\/sdxl-5dedb45f55d3d3a50ef7f912038bb335.png","keywords":["avis medical","metarecod","sante metabolique"],"articleSection":["Bien-\u00eatre et D\u00e9veloppement Personnel"],"inLanguage":"fr-FR","potentialAction":[{"@type":"CommentAction","name":"Comment","target":["https:\/\/lasocietenouvelle.net\/blog\/bien-etre-et-developpement-personnel\/metarecod-larme-secrete-naturelle-que-les-medecins-utilisent-pour-combattre-le-syndrome-metabolique\/#respond"]}]},{"@type":"WebPage","@id":"https:\/\/lasocietenouvelle.net\/blog\/bien-etre-et-developpement-personnel\/metarecod-larme-secrete-naturelle-que-les-medecins-utilisent-pour-combattre-le-syndrome-metabolique\/","url":"https:\/\/lasocietenouvelle.net\/blog\/bien-etre-et-developpement-personnel\/metarecod-larme-secrete-naturelle-que-les-medecins-utilisent-pour-combattre-le-syndrome-metabolique\/","name":"Metarecod : l'arme secr\u00e8te naturelle que les m\u00e9decins","isPartOf":{"@id":"https:\/\/lasocietenouvelle.net\/blog\/#website"},"primaryImageOfPage":{"@id":"https:\/\/lasocietenouvelle.net\/blog\/bien-etre-et-developpement-personnel\/metarecod-larme-secrete-naturelle-que-les-medecins-utilisent-pour-combattre-le-syndrome-metabolique\/#primaryimage"},"image":{"@id":"https:\/\/lasocietenouvelle.net\/blog\/bien-etre-et-developpement-personnel\/metarecod-larme-secrete-naturelle-que-les-medecins-utilisent-pour-combattre-le-syndrome-metabolique\/#primaryimage"},"thumbnailUrl":"https:\/\/lasocietenouvelle.net\/blog\/wp-content\/uploads\/2025\/03\/sdxl-5dedb45f55d3d3a50ef7f912038bb335.png","datePublished":"2025-03-07T11:01:42+00:00","description":"Le Metarecod repose sur une formulation 100% naturelle, dont le principal composant actif est le NeoPolicaptil Gel Retard.","inLanguage":"fr-FR","potentialAction":[{"@type":"ReadAction","target":["https:\/\/lasocietenouvelle.net\/blog\/bien-etre-et-developpement-personnel\/metarecod-larme-secrete-naturelle-que-les-medecins-utilisent-pour-combattre-le-syndrome-metabolique\/"]}]},{"@type":"ImageObject","inLanguage":"fr-FR","@id":"https:\/\/lasocietenouvelle.net\/blog\/bien-etre-et-developpement-personnel\/metarecod-larme-secrete-naturelle-que-les-medecins-utilisent-pour-combattre-le-syndrome-metabolique\/#primaryimage","url":"https:\/\/lasocietenouvelle.net\/blog\/wp-content\/uploads\/2025\/03\/sdxl-5dedb45f55d3d3a50ef7f912038bb335.png","contentUrl":"https:\/\/lasocietenouvelle.net\/blog\/wp-content\/uploads\/2025\/03\/sdxl-5dedb45f55d3d3a50ef7f912038bb335.png","width":1536,"height":640},{"@type":"WebSite","@id":"https:\/\/lasocietenouvelle.net\/blog\/#website","url":"https:\/\/lasocietenouvelle.net\/blog\/","name":"lasocietenouvelle.net","description":"Ensemble pour une soci\u00e9t\u00e9 nouvelle.","publisher":{"@id":"https:\/\/lasocietenouvelle.net\/blog\/#organization"},"alternateName":"Ensemble pour une soci\u00e9t\u00e9 nouvelle.","potentialAction":[{"@type":"SearchAction","target":{"@type":"EntryPoint","urlTemplate":"https:\/\/lasocietenouvelle.net\/blog\/?s={search_term_string}"},"query-input":{"@type":"PropertyValueSpecification","valueRequired":true,"valueName":"search_term_string"}}],"inLanguage":"fr-FR"},{"@type":"Organization","@id":"https:\/\/lasocietenouvelle.net\/blog\/#organization","name":"Foretsensations.fr","url":"https:\/\/lasocietenouvelle.net\/blog\/","logo":{"@type":"ImageObject","inLanguage":"fr-FR","@id":"https:\/\/lasocietenouvelle.net\/blog\/#\/schema\/logo\/image\/","url":"https:\/\/lasocietenouvelle.net\/blog\/wp-content\/uploads\/2024\/12\/LaSocieteNouvelle.png","contentUrl":"https:\/\/lasocietenouvelle.net\/blog\/wp-content\/uploads\/2024\/12\/LaSocieteNouvelle.png","width":500,"height":500,"caption":"Foretsensations.fr"},"image":{"@id":"https:\/\/lasocietenouvelle.net\/blog\/#\/schema\/logo\/image\/"}},{"@type":"Person","@id":"https:\/\/lasocietenouvelle.net\/blog\/#\/schema\/person\/3c864cdc320801e3db34b663e7e3f816","name":"Claire Desprats","image":{"@type":"ImageObject","inLanguage":"fr-FR","@id":"https:\/\/lasocietenouvelle.net\/blog\/#\/schema\/person\/image\/","url":"https:\/\/lasocietenouvelle.net\/blog\/wp-content\/uploads\/2026\/06\/claire-d-lsn-2026-96x96.jpg","contentUrl":"https:\/\/lasocietenouvelle.net\/blog\/wp-content\/uploads\/2026\/06\/claire-d-lsn-2026-96x96.jpg","caption":"Claire Desprats"},"description":"Je d\u00e9crypte depuis une dizaine d'ann\u00e9es tout ce qui touche \u00e0 la sant\u00e9 et \u00e0 la protection sociale : compl\u00e9mentaire sant\u00e9 et mutuelle, pr\u00e9voyance et assurance, mais aussi soins du quotidien, pr\u00e9vention, parcours de soins, professions m\u00e9dicales et param\u00e9dicales, et bien-\u00eatre. J'aime rendre limpide un sujet r\u00e9put\u00e9 aride \u2014 un mot de contrat, un remboursement, un sympt\u00f4me, une d\u00e9marche administrative \u2014 avec des explications concr\u00e8tes, des fourchettes de co\u00fbts r\u00e9alistes et des crit\u00e8res v\u00e9rifiables. Avant de publier, je recoupe mes sources (textes officiels, organismes, notices), je distingue l'information g\u00e9n\u00e9rale du conseil personnalis\u00e9, et je rappelle syst\u00e9matiquement que mes articles ne remplacent ni un avis m\u00e9dical ni l'\u00e9tude d'un contrat par un professionnel. Mon objectif : aider chacun \u00e0 faire des choix \u00e9clair\u00e9s pour sa sant\u00e9 et sa couverture, en toute ind\u00e9pendance.","sameAs":["https:\/\/clairedesprats.fr\/"],"url":"https:\/\/lasocietenouvelle.net\/blog\/auteur\/noname\/"}]}},"_links":{"self":[{"href":"https:\/\/lasocietenouvelle.net\/blog\/wp-json\/wp\/v2\/posts\/7764","targetHints":{"allow":["GET"]}}],"collection":[{"href":"https:\/\/lasocietenouvelle.net\/blog\/wp-json\/wp\/v2\/posts"}],"about":[{"href":"https:\/\/lasocietenouvelle.net\/blog\/wp-json\/wp\/v2\/types\/post"}],"author":[{"embeddable":true,"href":"https:\/\/lasocietenouvelle.net\/blog\/wp-json\/wp\/v2\/users\/34"}],"replies":[{"embeddable":true,"href":"https:\/\/lasocietenouvelle.net\/blog\/wp-json\/wp\/v2\/comments?post=7764"}],"version-history":[{"count":0,"href":"https:\/\/lasocietenouvelle.net\/blog\/wp-json\/wp\/v2\/posts\/7764\/revisions"}],"wp:featuredmedia":[{"embeddable":true,"href":"https:\/\/lasocietenouvelle.net\/blog\/wp-json\/wp\/v2\/media\/7899"}],"wp:attachment":[{"href":"https:\/\/lasocietenouvelle.net\/blog\/wp-json\/wp\/v2\/media?parent=7764"}],"wp:term":[{"taxonomy":"category","embeddable":true,"href":"https:\/\/lasocietenouvelle.net\/blog\/wp-json\/wp\/v2\/categories?post=7764"},{"taxonomy":"post_tag","embeddable":true,"href":"https:\/\/lasocietenouvelle.net\/blog\/wp-json\/wp\/v2\/tags?post=7764"}],"curies":[{"name":"wp","href":"https:\/\/api.w.org\/{rel}","templated":true}]}}