{"id":7710,"date":"2025-03-07T11:43:33","date_gmt":"2025-03-07T10:43:33","guid":{"rendered":"https:\/\/lasocietenouvelle.net\/blog\/bien-etre-et-developpement-personnel\/emdr-demasque-les-revelations-surprenantes-sur-cette-therapie-controversee-et-son-reel-impact-sur-le-trauma\/"},"modified":"2025-03-07T11:43:33","modified_gmt":"2025-03-07T10:43:33","slug":"emdr-demasque-les-revelations-surprenantes-sur-cette-therapie-controversee-et-son-reel-impact-sur-le-trauma","status":"publish","type":"post","link":"https:\/\/lasocietenouvelle.net\/blog\/bien-etre-et-developpement-personnel\/emdr-demasque-les-revelations-surprenantes-sur-cette-therapie-controversee-et-son-reel-impact-sur-le-trauma\/","title":{"rendered":"EMDR D\u00e9masqu\u00e9 : Les R\u00e9v\u00e9lations Surprenantes Sur Cette Th\u00e9rapie Controvers\u00e9e et Son R\u00e9el Impact Sur le Trauma"},"content":{"rendered":"<h1>EMDR : Les critiques et controverses autour de cette th\u00e9rapie<\/h1>\n<h2>Le manque de preuves scientifiques solides<\/h2>\n<p>La <strong>validit\u00e9 scientifique<\/strong> de l&rsquo;EMDR est r\u00e9guli\u00e8rement remise en question par la communaut\u00e9 scientifique. Plusieurs chercheurs pointent du doigt l&rsquo;absence d&rsquo;\u00e9tudes rigoureuses \u00e0 grande \u00e9chelle pour \u00e9tayer son efficacit\u00e9. Le <u>Dr. Scott Lilienfeld<\/u>, professeur de psychologie \u00e0 l&rsquo;Universit\u00e9 Emory, souligne que de nombreuses recherches sur l&rsquo;EMDR souffrent de biais m\u00e9thodologiques importants.<\/p>\n<p>Les critiques portent notamment sur :<\/p>\n<ul>\n<li>L&rsquo;absence fr\u00e9quente de groupes de contr\u00f4le ad\u00e9quats dans les \u00e9tudes<\/li>\n<li>La difficult\u00e9 \u00e0 isoler l&rsquo;effet sp\u00e9cifique des mouvements oculaires<\/li>\n<li>Le manque de r\u00e9plication ind\u00e9pendante des r\u00e9sultats positifs<\/li>\n<li>La taille souvent r\u00e9duite des \u00e9chantillons \u00e9tudi\u00e9s<\/li>\n<\/ul>\n<p>Une m\u00e9ta-analyse publi\u00e9e dans le <strong>Journal of Anxiety Disorders<\/strong> en 2018 a conclu que les preuves de l&rsquo;efficacit\u00e9 de l&rsquo;EMDR pour traiter le trouble de stress post-traumatique (TSPT) \u00e9taient de <u>qualit\u00e9 faible \u00e0 tr\u00e8s faible<\/u>. Cette \u00e9tude remet en question la sup\u00e9riorit\u00e9 de l&rsquo;EMDR par rapport \u00e0 d&rsquo;autres th\u00e9rapies plus \u00e9tablies comme la th\u00e9rapie cognitivo-comportementale (TCC).<\/p>\n<h2>Les risques de retraumatisation<\/h2>\n<p>Un des aspects les plus controvers\u00e9s de l&rsquo;EMDR concerne le risque potentiel de <strong>retraumatisation<\/strong> des patients. Certains praticiens et patients rapportent des exp\u00e9riences o\u00f9 les s\u00e9ances d&rsquo;EMDR ont conduit \u00e0 une aggravation temporaire des sympt\u00f4mes traumatiques.<\/p>\n<p>Le Dr. Richard McNally, professeur de psychologie \u00e0 l&rsquo;Universit\u00e9 Harvard, met en garde contre les dangers potentiels de revisiter des souvenirs traumatiques sans un encadrement suffisant. Il souligne que le processus de <u>d\u00e9sensibilisation rapide<\/u> pr\u00f4n\u00e9 par l&rsquo;EMDR pourrait, dans certains cas, d\u00e9stabiliser psychologiquement des patients vuln\u00e9rables.<\/p>\n<p>Des t\u00e9moignages recueillis par l&rsquo;Association fran\u00e7aise de victimes de l&rsquo;EMDR (AFVE) font \u00e9tat de cas o\u00f9 des patients ont v\u00e9cu une intensification de leurs cauchemars, flashbacks et autres sympt\u00f4mes post-traumatiques suite \u00e0 des s\u00e9ances d&rsquo;EMDR. Ces exp\u00e9riences n\u00e9gatives soul\u00e8vent des questions \u00e9thiques sur la s\u00e9curit\u00e9 de cette approche, en particulier pour les personnes souffrant de traumatismes complexes ou multiples.<\/p>\n<h2>La formation des praticiens remise en question<\/h2>\n<p>La <strong>qualit\u00e9 et la dur\u00e9e de la formation<\/strong> des th\u00e9rapeutes EMDR font l&rsquo;objet de vives critiques. Contrairement \u00e0 d&rsquo;autres approches psychoth\u00e9rapeutiques qui n\u00e9cessitent des ann\u00e9es d&rsquo;\u00e9tudes et de pratique supervis\u00e9e, la certification en EMDR peut \u00eatre obtenue en quelques jours de formation.<\/p>\n<p>Le Dr. Jonathan Shedler, professeur de psychiatrie \u00e0 l&rsquo;Universit\u00e9 de Californie, s&rsquo;inqui\u00e8te de cette formation acc\u00e9l\u00e9r\u00e9e. Il estime qu&rsquo;elle ne permet pas d&rsquo;acqu\u00e9rir les comp\u00e9tences n\u00e9cessaires pour g\u00e9rer des cas complexes de traumatismes psychologiques. Cette pr\u00e9occupation est partag\u00e9e par de nombreux professionnels de sant\u00e9 mentale qui craignent que des praticiens insuffisamment form\u00e9s puissent causer plus de tort que de bien \u00e0 leurs patients.<\/p>\n<p>En France, l&rsquo;<strong>Institut Fran\u00e7ais d&rsquo;EMDR<\/strong> propose une formation en deux niveaux, totalisant environ 70 heures de cours. Cette dur\u00e9e est jug\u00e9e insuffisante par certains experts pour ma\u00eetriser une technique aussi d\u00e9licate que le traitement des traumatismes psychiques. Le risque est que des th\u00e9rapeutes se lancent dans la pratique de l&rsquo;EMDR sans avoir les bases solides en psychopathologie et en gestion de crise n\u00e9cessaires pour accompagner des patients traumatis\u00e9s.<\/p>\n<h2>L&rsquo;effet placebo suspect\u00e9<\/h2>\n<p>Une des critiques r\u00e9currentes adress\u00e9es \u00e0 l&rsquo;EMDR concerne la possibilit\u00e9 que ses effets positifs soient principalement dus \u00e0 un <strong>effet placebo<\/strong>. Des chercheurs sceptiques avancent que l&rsquo;attention port\u00e9e au patient et ses attentes positives pourraient expliquer une grande partie des am\u00e9liorations constat\u00e9es, plut\u00f4t que le m\u00e9canisme sp\u00e9cifique de l&rsquo;EMDR.<\/p>\n<p>Le Dr. David Barlow, fondateur du Centre pour l&rsquo;Anxi\u00e9t\u00e9 et les Troubles Connexes de l&rsquo;Universit\u00e9 de Boston, souligne que l&rsquo;<u>effet nouveaut\u00e9<\/u> et l&rsquo;enthousiasme des th\u00e9rapeutes pour cette m\u00e9thode pourraient jouer un r\u00f4le important dans les r\u00e9sultats observ\u00e9s. Il rappelle que l&rsquo;histoire de la psychoth\u00e9rapie est jalonn\u00e9e de techniques qui ont sembl\u00e9 prometteuses au d\u00e9but, avant de se r\u00e9v\u00e9ler peu efficaces une fois l&rsquo;effet de mode pass\u00e9.<\/p>\n<p>Une \u00e9tude publi\u00e9e dans le <strong>Journal of Behavior Therapy and Experimental Psychiatry<\/strong> en 2019 a compar\u00e9 l&rsquo;EMDR \u00e0 une th\u00e9rapie placebo utilisant des mouvements oculaires al\u00e9atoires. Les r\u00e9sultats n&rsquo;ont pas montr\u00e9 de diff\u00e9rence significative entre les deux groupes, alimentant les doutes sur la sp\u00e9cificit\u00e9 de l&rsquo;action de l&rsquo;EMDR.<\/p>\n<h2>Les d\u00e9rives commerciales d\u00e9nonc\u00e9es<\/h2>\n<p>L&rsquo;EMDR est parfois accus\u00e9e d&rsquo;\u00eatre devenue un <strong>business lucratif<\/strong>, au d\u00e9triment de la rigueur scientifique et de l&rsquo;\u00e9thique professionnelle. Les critiques pointent du doigt plusieurs aspects probl\u00e9matiques :<\/p>\n<ul>\n<li>Le co\u00fbt \u00e9lev\u00e9 des formations EMDR, souvent plusieurs milliers d&rsquo;euros<\/li>\n<li>La multiplication des \u00ab\u00a0certifications\u00a0\u00bb et formations compl\u00e9mentaires<\/li>\n<li>La promotion agressive de la m\u00e9thode, parfois pr\u00e9sent\u00e9e comme une panac\u00e9e<\/li>\n<li>Le contr\u00f4le strict de la marque EMDR par des organismes priv\u00e9s<\/li>\n<\/ul>\n<p>Le Dr. Bruce Wampold, professeur \u00e9m\u00e9rite de psychologie \u00e0 l&rsquo;Universit\u00e9 du Wisconsin-Madison, s&rsquo;inqui\u00e8te de la <u>marchandisation de la sant\u00e9 mentale<\/u> que repr\u00e9sente selon lui l&rsquo;EMDR. Il critique le fait que l&rsquo;acc\u00e8s \u00e0 la formation et aux ressources EMDR soit souvent limit\u00e9 aux praticiens qui acceptent de payer des sommes importantes, cr\u00e9ant ainsi une forme d&rsquo;\u00e9litisme th\u00e9rapeutique.<\/p>\n<p>En France, l&rsquo;Association EMDR France a \u00e9t\u00e9 accus\u00e9e par certains professionnels de sant\u00e9 de monopoliser la formation et la certification EMDR, avec des tarifs jug\u00e9s excessifs. Cette situation soul\u00e8ve des questions sur l&rsquo;accessibilit\u00e9 de la th\u00e9rapie et sur les motivations r\u00e9elles derri\u00e8re sa promotion intensive.<\/p>\n<h2>Les limites face aux traumatismes complexes<\/h2>\n<p>Si l&rsquo;EMDR semble montrer une certaine efficacit\u00e9 pour des <strong>traumatismes ponctuels<\/strong>, son utilit\u00e9 est fortement remise en cause pour les traumatismes complexes ou chroniques. Des sp\u00e9cialistes du trauma comme la Dr. Bessel van der Kolk, auteur de \u00ab\u00a0Le corps n&rsquo;oublie rien\u00a0\u00bb, estiment que l&rsquo;EMDR n&rsquo;est pas adapt\u00e9e \u00e0 ces situations plus d\u00e9licates.<\/p>\n<p>Les critiques portent notamment sur :<\/p>\n<ul>\n<li>L&rsquo;inad\u00e9quation de l&rsquo;EMDR pour traiter les traumatismes d\u00e9veloppementaux pr\u00e9coces<\/li>\n<li>Le risque de d\u00e9stabilisation pour les patients souffrant de troubles dissociatifs<\/li>\n<li>L&rsquo;insuffisance de l&rsquo;approche pour aborder les aspects relationnels et syst\u00e9miques des traumatismes complexes<\/li>\n<\/ul>\n<p>Une \u00e9tude publi\u00e9e dans le <strong>European Journal of Psychotraumatology<\/strong> en 2020 a soulign\u00e9 les limites de l&rsquo;EMDR dans le traitement des traumatismes complexes li\u00e9s \u00e0 l&rsquo;enfance. Les chercheurs ont constat\u00e9 que l&rsquo;EMDR seule ne permettait pas d&rsquo;adresser efficacement les probl\u00e8mes d&rsquo;attachement et de r\u00e9gulation \u00e9motionnelle souvent pr\u00e9sents chez ces patients.<\/p>\n<p>Le Dr. Onno van der Hart, expert international en traumatologie, met en garde contre l&rsquo;utilisation de l&rsquo;EMDR comme <u>solution unique<\/u> pour les traumatismes complexes. Il insiste sur la n\u00e9cessit\u00e9 d&rsquo;une approche int\u00e9grative, combinant diff\u00e9rentes modalit\u00e9s th\u00e9rapeutiques pour r\u00e9pondre aux besoins sp\u00e9cifiques de chaque patient.<\/p>\n<h2>Le risque de n\u00e9gligence d&rsquo;autres approches th\u00e9rapeutiques<\/h2>\n<p>L&rsquo;engouement pour l&rsquo;EMDR suscite des inqui\u00e9tudes quant \u00e0 la possible n\u00e9gligence d&rsquo;autres formes de psychoth\u00e9rapies ayant fait leurs preuves. Des critiques s&rsquo;\u00e9l\u00e8vent contre ce qu&rsquo;ils per\u00e7oivent comme une <strong>focalisation excessive<\/strong> sur l&rsquo;EMDR au d\u00e9triment d&rsquo;approches plus \u00e9tablies et valid\u00e9es scientifiquement.<\/p>\n<p>Le Dr. Allen Frances, ancien pr\u00e9sident du groupe de travail sur le DSM-IV, met en garde contre le risque de voir l&rsquo;EMDR pr\u00e9sent\u00e9e comme une solution miracle, \u00e9clipsant d&rsquo;autres th\u00e9rapies efficaces. Il plaide pour une approche plus globale et personnalis\u00e9e des troubles psychologiques, tenant compte de la diversit\u00e9 des besoins des patients.<\/p>\n<p>Des praticiens exp\u00e9riment\u00e9s soulignent que l&rsquo;EMDR ne devrait pas \u00eatre consid\u00e9r\u00e9e comme un substitut \u00e0 des approches th\u00e9rapeutiques plus approfondies comme :<\/p>\n<ul>\n<li>La psychanalyse pour explorer les conflits inconscients<\/li>\n<li>La th\u00e9rapie cognitivo-comportementale pour modifier les sch\u00e9mas de pens\u00e9e dysfonctionnels<\/li>\n<li>La th\u00e9rapie syst\u00e9mique pour aborder les dynamiques familiales et sociales<\/li>\n<li>Les approches corporelles pour traiter les aspects somatiques des traumatismes<\/li>\n<\/ul>\n<p>Une \u00e9tude comparative publi\u00e9e dans le <strong>Journal of Consulting and Clinical Psychology<\/strong> en 2021 a montr\u00e9 que l&rsquo;EMDR n&rsquo;\u00e9tait pas sup\u00e9rieure \u00e0 la th\u00e9rapie cognitivo-comportementale focalis\u00e9e sur le trauma (TF-CBT) pour le traitement du TSPT. Les chercheurs ont conclu que le choix de la th\u00e9rapie devrait d\u00e9pendre des pr\u00e9f\u00e9rences du patient et de l&rsquo;expertise du th\u00e9rapeute, plut\u00f4t que de consid\u00e9rer l&rsquo;EMDR comme une option par d\u00e9faut.<\/p>\n<h2>Les controverses autour du m\u00e9canisme d&rsquo;action<\/h2>\n<p>Le <strong>m\u00e9canisme d&rsquo;action<\/strong> suppos\u00e9 de l&rsquo;EMDR, bas\u00e9 sur les mouvements oculaires, reste un sujet de controverse majeur dans la communaut\u00e9 scientifique. De nombreux chercheurs remettent en question l&rsquo;hypoth\u00e8se selon laquelle les mouvements oculaires joueraient un r\u00f4le sp\u00e9cifique dans le traitement des souvenirs traumatiques.<\/p>\n<p>Le Dr. Richard McNally, de l&rsquo;Universit\u00e9 Harvard, souligne l&rsquo;absence de preuves convaincantes que les mouvements oculaires aient un effet th\u00e9rapeutique unique. Il argue que les b\u00e9n\u00e9fices observ\u00e9s pourraient \u00eatre dus \u00e0 d&rsquo;autres facteurs communs \u00e0 de nombreuses formes de psychoth\u00e9rapie, comme l&rsquo;exposition au souvenir traumatique et la relation th\u00e9rapeutique.<\/p>\n<p>Plusieurs \u00e9tudes ont tent\u00e9 de d\u00e9montrer la sp\u00e9cificit\u00e9 des mouvements oculaires dans l&rsquo;EMDR :<\/p>\n<ul>\n<li>Une m\u00e9ta-analyse publi\u00e9e dans le <strong>Journal of Behavior Therapy and Experimental Psychiatry<\/strong> en 2018 n&rsquo;a pas trouv\u00e9 d&rsquo;avantage significatif des mouvements oculaires par rapport \u00e0 d&rsquo;autres formes de stimulation bilat\u00e9rale ou \u00e0 l&rsquo;absence de stimulation.<\/li>\n<li>Une \u00e9tude de 2019 dans le <strong>Clinical Psychology Review<\/strong> a conclu que les effets de l&rsquo;EMDR pouvaient \u00eatre obtenus sans les mouvements oculaires, remettant en question leur r\u00f4le central dans la th\u00e9rapie.<\/li>\n<\/ul>\n<p>Ces r\u00e9sultats alimentent les doutes sur la <u>validit\u00e9 th\u00e9orique<\/u> de l&rsquo;EMDR et soul\u00e8vent des questions sur la n\u00e9cessit\u00e9 de maintenir les mouvements oculaires comme composante essentielle du traitement.<\/p>\n<h2>Les pr\u00e9occupations \u00e9thiques li\u00e9es \u00e0 la pratique de l&rsquo;EMDR<\/h2>\n<p>La pratique de l&rsquo;EMDR soul\u00e8ve plusieurs <strong>questions \u00e9thiques<\/strong> qui pr\u00e9occupent les professionnels de sant\u00e9 mentale. Ces pr\u00e9occupations portent notamment sur le consentement \u00e9clair\u00e9 des patients, la gestion des attentes et la responsabilit\u00e9 des praticiens.<\/p>\n<p>Le Dr. Kenneth Pope, ancien pr\u00e9sident du comit\u00e9 d&rsquo;\u00e9thique de l&rsquo;American Psychological Association, souligne l&rsquo;importance d&rsquo;informer pleinement les patients des controverses entourant l&rsquo;EMDR. Il insiste sur la n\u00e9cessit\u00e9 d&rsquo;un <u>consentement v\u00e9ritablement \u00e9clair\u00e9<\/u>, incluant une discussion sur les risques potentiels et les alternatives th\u00e9rapeutiques disponibles.<\/p>\n<p>Parmi les probl\u00e9matiques \u00e9thiques fr\u00e9quemment soulev\u00e9es :<\/p>\n<ul>\n<li>Le risque de cr\u00e9er de faux souvenirs lors des s\u00e9ances d&rsquo;EMDR<\/li>\n<li>La gestion des r\u00e9actions \u00e9motionnelles intenses pendant et apr\u00e8s les s\u00e9ances<\/li>\n<li>La difficult\u00e9 \u00e0 \u00e9valuer objectivement les progr\u00e8s du patient<\/li>\n<li>Le maintien des fronti\u00e8res th\u00e9rapeutiques dans une approche impliquant un contact visuel prolong\u00e9<\/li>\n<\/ul>\n<p>En France, le Conseil National de l&rsquo;Ordre des Psychologues a \u00e9mis des recommandations sur la pratique de l&rsquo;EMDR, insistant sur la n\u00e9cessit\u00e9 d&rsquo;une formation solide en psychopathologie et en gestion de crise avant de se former \u00e0 cette technique. Ces directives visent \u00e0 garantir une pratique \u00e9thique et s\u00e9curis\u00e9e de l&rsquo;EMDR, tout en reconnaissant les d\u00e9bats qui entourent cette approche.<\/p>\n<h2>L&rsquo;absence de standardisation des protocoles EMDR<\/h2>\n<p>Un autre point de critique concerne le <strong>manque de standardisation<\/strong> des protocoles EMDR. Bien que Francine Shapiro ait d\u00e9fini un protocole de base en huit phases, de nombreuses variantes et adaptations ont \u00e9merg\u00e9 au fil des ann\u00e9es, rendant difficile l&rsquo;\u00e9valuation coh\u00e9rente de l&rsquo;efficacit\u00e9 de la m\u00e9thode.<\/p>\n<p>Le Dr. Scott Lilienfeld, de l&rsquo;Universit\u00e9 Emory, souligne que cette prolif\u00e9ration de protocoles rend complexe la comparaison des \u00e9tudes et la r\u00e9plication des r\u00e9sultats. Il argue que sans une <u>approche standardis\u00e9e<\/u>, il est difficile de d\u00e9terminer quels aspects de l&rsquo;EMDR sont v\u00e9ritablement efficaces et lesquels sont superflus.<\/p>\n<p>Les variations dans la pratique de l&rsquo;EMDR incluent :<\/p>\n<ul>\n<li>Des diff\u00e9rences dans la dur\u00e9e et la fr\u00e9quence des s\u00e9ances<\/li>\n<li>Des variations dans les types de stimulation bilat\u00e9rale utilis\u00e9s (visuelle, auditive, tactile)<\/li>\n<li>Des adaptations pour des populations sp\u00e9cifiques (enfants, personnes \u00e2g\u00e9es, patients atteints de troubles dissociatifs)<\/li>\n<li>L&rsquo;int\u00e9gration d&rsquo;\u00e9l\u00e9ments d&rsquo;autres approches th\u00e9rapeutiques<\/li>\n<\/ul>\n<p>Une \u00e9tude publi\u00e9e dans le <strong>Journal of EMDR Practice and Research<\/strong> en 2020 a mis en \u00e9vidence les disparit\u00e9s importantes dans la fa\u00e7on dont l&rsquo;EMDR est pratiqu\u00e9e \u00e0 travers le monde. Cette h\u00e9t\u00e9rog\u00e9n\u00e9it\u00e9 pose des d\u00e9fis pour la recherche et l&rsquo;\u00e9valuation de l&rsquo;efficacit\u00e9 de la th\u00e9rapie, ainsi que pour la formation des praticiens.<\/p>\n<h2>Conclusion : Une approche controvers\u00e9e n\u00e9cessitant plus de recherches<\/h2>\n<p>L&rsquo;EMDR reste une approche th\u00e9rapeutique controvers\u00e9e, malgr\u00e9 sa popularit\u00e9 croissante. Les critiques soulignent le manque de preuves scientifiques solides, les risques potentiels pour les patients, et les questions \u00e9thiques li\u00e9es \u00e0 sa pratique. Bien que certains patients rapportent des b\u00e9n\u00e9fices significatifs, la communaut\u00e9 scientifique reste divis\u00e9e sur l&rsquo;efficacit\u00e9 r\u00e9elle de cette m\u00e9thode.<\/p>\n<p>Il est clair que des recherches suppl\u00e9mentaires, men\u00e9es avec une rigueur m\u00e9thodologique accrue, sont n\u00e9cessaires pour clarifier les m\u00e9canismes d&rsquo;action de l&rsquo;EMDR et \u00e9valuer son efficacit\u00e9 par rapport \u00e0 d&rsquo;autres approches th\u00e9rapeutiques \u00e9tablies. En attendant, les patients et les praticiens doivent aborder l&rsquo;EMDR avec prudence, en \u00e9tant pleinement conscients des controverses qui l&rsquo;entourent et des alternatives disponibles.<\/p>\n<p>L&rsquo;avenir de l&rsquo;EMDR d\u00e9pendra de sa capacit\u00e9 \u00e0 r\u00e9pondre aux critiques de mani\u00e8re scientifique et transparente, tout en continuant \u00e0 \u00e9voluer pour r\u00e9pondre aux besoins complexes des patients souffrant de traumatismes psychologiques. Dans ce contexte, une approche int\u00e9grative, combinant les \u00e9l\u00e9ments les plus prometteurs de l&rsquo;EMDR avec d&rsquo;autres modalit\u00e9s th\u00e9rapeutiques valid\u00e9es, pourrait offrir une voie prometteuse pour le traitement des troubles li\u00e9s au trauma.<\/p>\n","protected":false},"excerpt":{"rendered":"","protected":false},"author":34,"featured_media":7862,"comment_status":"open","ping_status":"open","sticky":false,"template":"","format":"standard","meta":{"_acf_changed":false,"manual_indexmenow":false,"indexmenow_id_project":0,"footnotes":""},"categories":[4524],"tags":[4878,4879,4880],"class_list":["post-7710","post","type-post","status-publish","format-standard","has-post-thumbnail","hentry","category-bien-etre-et-developpement-personnel","tag-emdr","tag-psychotherapie","tag-traumatisme","generate-columns","tablet-grid-50","mobile-grid-100","grid-parent","grid-25"],"acf":[],"yoast_head":"<!-- This site is optimized with the Yoast SEO Premium plugin v21.3 (Yoast SEO v25.6) - https:\/\/yoast.com\/wordpress\/plugins\/seo\/ -->\n<title>EMDR : avis sur cette th\u00e9rapie du trauma<\/title>\n<meta name=\"description\" content=\"La validit\u00e9 scientifique de l&#039;EMDR est r\u00e9guli\u00e8rement remise en question par la communaut\u00e9 scientifique.\" \/>\n<meta name=\"robots\" content=\"index, follow, max-snippet:-1, max-image-preview:large, max-video-preview:-1\" \/>\n<link rel=\"canonical\" href=\"https:\/\/lasocietenouvelle.net\/blog\/bien-etre-et-developpement-personnel\/emdr-demasque-les-revelations-surprenantes-sur-cette-therapie-controversee-et-son-reel-impact-sur-le-trauma\/\" \/>\n<meta property=\"og:locale\" content=\"fr_FR\" \/>\n<meta property=\"og:type\" content=\"article\" \/>\n<meta property=\"og:title\" content=\"EMDR : avis sur cette th\u00e9rapie du trauma\" \/>\n<meta property=\"og:description\" content=\"La validit\u00e9 scientifique de l&#039;EMDR est r\u00e9guli\u00e8rement remise en question par la communaut\u00e9 scientifique.\" \/>\n<meta property=\"og:url\" content=\"https:\/\/lasocietenouvelle.net\/blog\/bien-etre-et-developpement-personnel\/emdr-demasque-les-revelations-surprenantes-sur-cette-therapie-controversee-et-son-reel-impact-sur-le-trauma\/\" \/>\n<meta property=\"og:site_name\" content=\"lasocietenouvelle\" \/>\n<meta property=\"og:image\" content=\"https:\/\/lasocietenouvelle.net\/blog\/wp-content\/uploads\/2025\/03\/sdxl-986ef7d4c360acd819c817758ef157f6.png\" \/>\n\t<meta property=\"og:image:width\" content=\"1536\" \/>\n\t<meta property=\"og:image:height\" content=\"640\" \/>\n\t<meta property=\"og:image:type\" content=\"image\/png\" \/>\n<meta name=\"author\" content=\"Claire Desprats\" \/>\n<meta name=\"twitter:card\" content=\"summary_large_image\" \/>\n<script type=\"application\/ld+json\" class=\"yoast-schema-graph\">{\"@context\":\"https:\/\/schema.org\",\"@graph\":[{\"@type\":\"NewsArticle\",\"@id\":\"https:\/\/lasocietenouvelle.net\/blog\/bien-etre-et-developpement-personnel\/emdr-demasque-les-revelations-surprenantes-sur-cette-therapie-controversee-et-son-reel-impact-sur-le-trauma\/#article\",\"isPartOf\":{\"@id\":\"https:\/\/lasocietenouvelle.net\/blog\/bien-etre-et-developpement-personnel\/emdr-demasque-les-revelations-surprenantes-sur-cette-therapie-controversee-et-son-reel-impact-sur-le-trauma\/\"},\"author\":{\"name\":\"Claire Desprats\",\"@id\":\"https:\/\/lasocietenouvelle.net\/blog\/#\/schema\/person\/3c864cdc320801e3db34b663e7e3f816\"},\"headline\":\"EMDR D\u00e9masqu\u00e9 : Les R\u00e9v\u00e9lations Surprenantes Sur Cette Th\u00e9rapie Controvers\u00e9e et Son R\u00e9el Impact Sur le Trauma\",\"datePublished\":\"2025-03-07T10:43:33+00:00\",\"mainEntityOfPage\":{\"@id\":\"https:\/\/lasocietenouvelle.net\/blog\/bien-etre-et-developpement-personnel\/emdr-demasque-les-revelations-surprenantes-sur-cette-therapie-controversee-et-son-reel-impact-sur-le-trauma\/\"},\"wordCount\":2407,\"commentCount\":0,\"publisher\":{\"@id\":\"https:\/\/lasocietenouvelle.net\/blog\/#organization\"},\"image\":{\"@id\":\"https:\/\/lasocietenouvelle.net\/blog\/bien-etre-et-developpement-personnel\/emdr-demasque-les-revelations-surprenantes-sur-cette-therapie-controversee-et-son-reel-impact-sur-le-trauma\/#primaryimage\"},\"thumbnailUrl\":\"https:\/\/lasocietenouvelle.net\/blog\/wp-content\/uploads\/2025\/03\/sdxl-986ef7d4c360acd819c817758ef157f6.png\",\"keywords\":[\"emdr\",\"psychotherapie\",\"traumatisme\"],\"articleSection\":[\"Bien-\u00eatre et D\u00e9veloppement Personnel\"],\"inLanguage\":\"fr-FR\",\"potentialAction\":[{\"@type\":\"CommentAction\",\"name\":\"Comment\",\"target\":[\"https:\/\/lasocietenouvelle.net\/blog\/bien-etre-et-developpement-personnel\/emdr-demasque-les-revelations-surprenantes-sur-cette-therapie-controversee-et-son-reel-impact-sur-le-trauma\/#respond\"]}]},{\"@type\":\"WebPage\",\"@id\":\"https:\/\/lasocietenouvelle.net\/blog\/bien-etre-et-developpement-personnel\/emdr-demasque-les-revelations-surprenantes-sur-cette-therapie-controversee-et-son-reel-impact-sur-le-trauma\/\",\"url\":\"https:\/\/lasocietenouvelle.net\/blog\/bien-etre-et-developpement-personnel\/emdr-demasque-les-revelations-surprenantes-sur-cette-therapie-controversee-et-son-reel-impact-sur-le-trauma\/\",\"name\":\"EMDR : avis sur cette th\u00e9rapie du trauma\",\"isPartOf\":{\"@id\":\"https:\/\/lasocietenouvelle.net\/blog\/#website\"},\"primaryImageOfPage\":{\"@id\":\"https:\/\/lasocietenouvelle.net\/blog\/bien-etre-et-developpement-personnel\/emdr-demasque-les-revelations-surprenantes-sur-cette-therapie-controversee-et-son-reel-impact-sur-le-trauma\/#primaryimage\"},\"image\":{\"@id\":\"https:\/\/lasocietenouvelle.net\/blog\/bien-etre-et-developpement-personnel\/emdr-demasque-les-revelations-surprenantes-sur-cette-therapie-controversee-et-son-reel-impact-sur-le-trauma\/#primaryimage\"},\"thumbnailUrl\":\"https:\/\/lasocietenouvelle.net\/blog\/wp-content\/uploads\/2025\/03\/sdxl-986ef7d4c360acd819c817758ef157f6.png\",\"datePublished\":\"2025-03-07T10:43:33+00:00\",\"description\":\"La validit\u00e9 scientifique de l'EMDR est r\u00e9guli\u00e8rement remise en question par la communaut\u00e9 scientifique.\",\"inLanguage\":\"fr-FR\",\"potentialAction\":[{\"@type\":\"ReadAction\",\"target\":[\"https:\/\/lasocietenouvelle.net\/blog\/bien-etre-et-developpement-personnel\/emdr-demasque-les-revelations-surprenantes-sur-cette-therapie-controversee-et-son-reel-impact-sur-le-trauma\/\"]}]},{\"@type\":\"ImageObject\",\"inLanguage\":\"fr-FR\",\"@id\":\"https:\/\/lasocietenouvelle.net\/blog\/bien-etre-et-developpement-personnel\/emdr-demasque-les-revelations-surprenantes-sur-cette-therapie-controversee-et-son-reel-impact-sur-le-trauma\/#primaryimage\",\"url\":\"https:\/\/lasocietenouvelle.net\/blog\/wp-content\/uploads\/2025\/03\/sdxl-986ef7d4c360acd819c817758ef157f6.png\",\"contentUrl\":\"https:\/\/lasocietenouvelle.net\/blog\/wp-content\/uploads\/2025\/03\/sdxl-986ef7d4c360acd819c817758ef157f6.png\",\"width\":1536,\"height\":640},{\"@type\":\"WebSite\",\"@id\":\"https:\/\/lasocietenouvelle.net\/blog\/#website\",\"url\":\"https:\/\/lasocietenouvelle.net\/blog\/\",\"name\":\"lasocietenouvelle.net\",\"description\":\"Ensemble pour une soci\u00e9t\u00e9 nouvelle.\",\"publisher\":{\"@id\":\"https:\/\/lasocietenouvelle.net\/blog\/#organization\"},\"alternateName\":\"Ensemble pour une soci\u00e9t\u00e9 nouvelle.\",\"potentialAction\":[{\"@type\":\"SearchAction\",\"target\":{\"@type\":\"EntryPoint\",\"urlTemplate\":\"https:\/\/lasocietenouvelle.net\/blog\/?s={search_term_string}\"},\"query-input\":{\"@type\":\"PropertyValueSpecification\",\"valueRequired\":true,\"valueName\":\"search_term_string\"}}],\"inLanguage\":\"fr-FR\"},{\"@type\":\"Organization\",\"@id\":\"https:\/\/lasocietenouvelle.net\/blog\/#organization\",\"name\":\"Foretsensations.fr\",\"url\":\"https:\/\/lasocietenouvelle.net\/blog\/\",\"logo\":{\"@type\":\"ImageObject\",\"inLanguage\":\"fr-FR\",\"@id\":\"https:\/\/lasocietenouvelle.net\/blog\/#\/schema\/logo\/image\/\",\"url\":\"https:\/\/lasocietenouvelle.net\/blog\/wp-content\/uploads\/2024\/12\/LaSocieteNouvelle.png\",\"contentUrl\":\"https:\/\/lasocietenouvelle.net\/blog\/wp-content\/uploads\/2024\/12\/LaSocieteNouvelle.png\",\"width\":500,\"height\":500,\"caption\":\"Foretsensations.fr\"},\"image\":{\"@id\":\"https:\/\/lasocietenouvelle.net\/blog\/#\/schema\/logo\/image\/\"}},{\"@type\":\"Person\",\"@id\":\"https:\/\/lasocietenouvelle.net\/blog\/#\/schema\/person\/3c864cdc320801e3db34b663e7e3f816\",\"name\":\"Claire Desprats\",\"image\":{\"@type\":\"ImageObject\",\"inLanguage\":\"fr-FR\",\"@id\":\"https:\/\/lasocietenouvelle.net\/blog\/#\/schema\/person\/image\/\",\"url\":\"https:\/\/lasocietenouvelle.net\/blog\/wp-content\/uploads\/2026\/06\/claire-d-lsn-2026-96x96.jpg\",\"contentUrl\":\"https:\/\/lasocietenouvelle.net\/blog\/wp-content\/uploads\/2026\/06\/claire-d-lsn-2026-96x96.jpg\",\"caption\":\"Claire Desprats\"},\"description\":\"Je d\u00e9crypte depuis une dizaine d'ann\u00e9es tout ce qui touche \u00e0 la sant\u00e9 et \u00e0 la protection sociale : compl\u00e9mentaire sant\u00e9 et mutuelle, pr\u00e9voyance et assurance, mais aussi soins du quotidien, pr\u00e9vention, parcours de soins, professions m\u00e9dicales et param\u00e9dicales, et bien-\u00eatre. J'aime rendre limpide un sujet r\u00e9put\u00e9 aride \u2014 un mot de contrat, un remboursement, un sympt\u00f4me, une d\u00e9marche administrative \u2014 avec des explications concr\u00e8tes, des fourchettes de co\u00fbts r\u00e9alistes et des crit\u00e8res v\u00e9rifiables. Avant de publier, je recoupe mes sources (textes officiels, organismes, notices), je distingue l'information g\u00e9n\u00e9rale du conseil personnalis\u00e9, et je rappelle syst\u00e9matiquement que mes articles ne remplacent ni un avis m\u00e9dical ni l'\u00e9tude d'un contrat par un professionnel. Mon objectif : aider chacun \u00e0 faire des choix \u00e9clair\u00e9s pour sa sant\u00e9 et sa couverture, en toute ind\u00e9pendance.\",\"sameAs\":[\"https:\/\/clairedesprats.fr\/\"],\"url\":\"https:\/\/lasocietenouvelle.net\/blog\/auteur\/noname\/\"}]}<\/script>\n<!-- \/ Yoast SEO Premium plugin. -->","yoast_head_json":{"title":"EMDR : avis sur cette th\u00e9rapie du trauma","description":"La validit\u00e9 scientifique de l'EMDR est r\u00e9guli\u00e8rement remise en question par la communaut\u00e9 scientifique.","robots":{"index":"index","follow":"follow","max-snippet":"max-snippet:-1","max-image-preview":"max-image-preview:large","max-video-preview":"max-video-preview:-1"},"canonical":"https:\/\/lasocietenouvelle.net\/blog\/bien-etre-et-developpement-personnel\/emdr-demasque-les-revelations-surprenantes-sur-cette-therapie-controversee-et-son-reel-impact-sur-le-trauma\/","og_locale":"fr_FR","og_type":"article","og_title":"EMDR : avis sur cette th\u00e9rapie du trauma","og_description":"La validit\u00e9 scientifique de l'EMDR est r\u00e9guli\u00e8rement remise en question par la communaut\u00e9 scientifique.","og_url":"https:\/\/lasocietenouvelle.net\/blog\/bien-etre-et-developpement-personnel\/emdr-demasque-les-revelations-surprenantes-sur-cette-therapie-controversee-et-son-reel-impact-sur-le-trauma\/","og_site_name":"lasocietenouvelle","og_image":[{"width":1536,"height":640,"url":"https:\/\/lasocietenouvelle.net\/blog\/wp-content\/uploads\/2025\/03\/sdxl-986ef7d4c360acd819c817758ef157f6.png","type":"image\/png"}],"author":"Claire Desprats","twitter_card":"summary_large_image","schema":{"@context":"https:\/\/schema.org","@graph":[{"@type":"NewsArticle","@id":"https:\/\/lasocietenouvelle.net\/blog\/bien-etre-et-developpement-personnel\/emdr-demasque-les-revelations-surprenantes-sur-cette-therapie-controversee-et-son-reel-impact-sur-le-trauma\/#article","isPartOf":{"@id":"https:\/\/lasocietenouvelle.net\/blog\/bien-etre-et-developpement-personnel\/emdr-demasque-les-revelations-surprenantes-sur-cette-therapie-controversee-et-son-reel-impact-sur-le-trauma\/"},"author":{"name":"Claire Desprats","@id":"https:\/\/lasocietenouvelle.net\/blog\/#\/schema\/person\/3c864cdc320801e3db34b663e7e3f816"},"headline":"EMDR D\u00e9masqu\u00e9 : Les R\u00e9v\u00e9lations Surprenantes Sur Cette Th\u00e9rapie Controvers\u00e9e et Son R\u00e9el Impact Sur le Trauma","datePublished":"2025-03-07T10:43:33+00:00","mainEntityOfPage":{"@id":"https:\/\/lasocietenouvelle.net\/blog\/bien-etre-et-developpement-personnel\/emdr-demasque-les-revelations-surprenantes-sur-cette-therapie-controversee-et-son-reel-impact-sur-le-trauma\/"},"wordCount":2407,"commentCount":0,"publisher":{"@id":"https:\/\/lasocietenouvelle.net\/blog\/#organization"},"image":{"@id":"https:\/\/lasocietenouvelle.net\/blog\/bien-etre-et-developpement-personnel\/emdr-demasque-les-revelations-surprenantes-sur-cette-therapie-controversee-et-son-reel-impact-sur-le-trauma\/#primaryimage"},"thumbnailUrl":"https:\/\/lasocietenouvelle.net\/blog\/wp-content\/uploads\/2025\/03\/sdxl-986ef7d4c360acd819c817758ef157f6.png","keywords":["emdr","psychotherapie","traumatisme"],"articleSection":["Bien-\u00eatre et D\u00e9veloppement Personnel"],"inLanguage":"fr-FR","potentialAction":[{"@type":"CommentAction","name":"Comment","target":["https:\/\/lasocietenouvelle.net\/blog\/bien-etre-et-developpement-personnel\/emdr-demasque-les-revelations-surprenantes-sur-cette-therapie-controversee-et-son-reel-impact-sur-le-trauma\/#respond"]}]},{"@type":"WebPage","@id":"https:\/\/lasocietenouvelle.net\/blog\/bien-etre-et-developpement-personnel\/emdr-demasque-les-revelations-surprenantes-sur-cette-therapie-controversee-et-son-reel-impact-sur-le-trauma\/","url":"https:\/\/lasocietenouvelle.net\/blog\/bien-etre-et-developpement-personnel\/emdr-demasque-les-revelations-surprenantes-sur-cette-therapie-controversee-et-son-reel-impact-sur-le-trauma\/","name":"EMDR : avis sur cette th\u00e9rapie du trauma","isPartOf":{"@id":"https:\/\/lasocietenouvelle.net\/blog\/#website"},"primaryImageOfPage":{"@id":"https:\/\/lasocietenouvelle.net\/blog\/bien-etre-et-developpement-personnel\/emdr-demasque-les-revelations-surprenantes-sur-cette-therapie-controversee-et-son-reel-impact-sur-le-trauma\/#primaryimage"},"image":{"@id":"https:\/\/lasocietenouvelle.net\/blog\/bien-etre-et-developpement-personnel\/emdr-demasque-les-revelations-surprenantes-sur-cette-therapie-controversee-et-son-reel-impact-sur-le-trauma\/#primaryimage"},"thumbnailUrl":"https:\/\/lasocietenouvelle.net\/blog\/wp-content\/uploads\/2025\/03\/sdxl-986ef7d4c360acd819c817758ef157f6.png","datePublished":"2025-03-07T10:43:33+00:00","description":"La validit\u00e9 scientifique de l'EMDR est r\u00e9guli\u00e8rement remise en question par la communaut\u00e9 scientifique.","inLanguage":"fr-FR","potentialAction":[{"@type":"ReadAction","target":["https:\/\/lasocietenouvelle.net\/blog\/bien-etre-et-developpement-personnel\/emdr-demasque-les-revelations-surprenantes-sur-cette-therapie-controversee-et-son-reel-impact-sur-le-trauma\/"]}]},{"@type":"ImageObject","inLanguage":"fr-FR","@id":"https:\/\/lasocietenouvelle.net\/blog\/bien-etre-et-developpement-personnel\/emdr-demasque-les-revelations-surprenantes-sur-cette-therapie-controversee-et-son-reel-impact-sur-le-trauma\/#primaryimage","url":"https:\/\/lasocietenouvelle.net\/blog\/wp-content\/uploads\/2025\/03\/sdxl-986ef7d4c360acd819c817758ef157f6.png","contentUrl":"https:\/\/lasocietenouvelle.net\/blog\/wp-content\/uploads\/2025\/03\/sdxl-986ef7d4c360acd819c817758ef157f6.png","width":1536,"height":640},{"@type":"WebSite","@id":"https:\/\/lasocietenouvelle.net\/blog\/#website","url":"https:\/\/lasocietenouvelle.net\/blog\/","name":"lasocietenouvelle.net","description":"Ensemble pour une soci\u00e9t\u00e9 nouvelle.","publisher":{"@id":"https:\/\/lasocietenouvelle.net\/blog\/#organization"},"alternateName":"Ensemble pour une soci\u00e9t\u00e9 nouvelle.","potentialAction":[{"@type":"SearchAction","target":{"@type":"EntryPoint","urlTemplate":"https:\/\/lasocietenouvelle.net\/blog\/?s={search_term_string}"},"query-input":{"@type":"PropertyValueSpecification","valueRequired":true,"valueName":"search_term_string"}}],"inLanguage":"fr-FR"},{"@type":"Organization","@id":"https:\/\/lasocietenouvelle.net\/blog\/#organization","name":"Foretsensations.fr","url":"https:\/\/lasocietenouvelle.net\/blog\/","logo":{"@type":"ImageObject","inLanguage":"fr-FR","@id":"https:\/\/lasocietenouvelle.net\/blog\/#\/schema\/logo\/image\/","url":"https:\/\/lasocietenouvelle.net\/blog\/wp-content\/uploads\/2024\/12\/LaSocieteNouvelle.png","contentUrl":"https:\/\/lasocietenouvelle.net\/blog\/wp-content\/uploads\/2024\/12\/LaSocieteNouvelle.png","width":500,"height":500,"caption":"Foretsensations.fr"},"image":{"@id":"https:\/\/lasocietenouvelle.net\/blog\/#\/schema\/logo\/image\/"}},{"@type":"Person","@id":"https:\/\/lasocietenouvelle.net\/blog\/#\/schema\/person\/3c864cdc320801e3db34b663e7e3f816","name":"Claire Desprats","image":{"@type":"ImageObject","inLanguage":"fr-FR","@id":"https:\/\/lasocietenouvelle.net\/blog\/#\/schema\/person\/image\/","url":"https:\/\/lasocietenouvelle.net\/blog\/wp-content\/uploads\/2026\/06\/claire-d-lsn-2026-96x96.jpg","contentUrl":"https:\/\/lasocietenouvelle.net\/blog\/wp-content\/uploads\/2026\/06\/claire-d-lsn-2026-96x96.jpg","caption":"Claire Desprats"},"description":"Je d\u00e9crypte depuis une dizaine d'ann\u00e9es tout ce qui touche \u00e0 la sant\u00e9 et \u00e0 la protection sociale : compl\u00e9mentaire sant\u00e9 et mutuelle, pr\u00e9voyance et assurance, mais aussi soins du quotidien, pr\u00e9vention, parcours de soins, professions m\u00e9dicales et param\u00e9dicales, et bien-\u00eatre. J'aime rendre limpide un sujet r\u00e9put\u00e9 aride \u2014 un mot de contrat, un remboursement, un sympt\u00f4me, une d\u00e9marche administrative \u2014 avec des explications concr\u00e8tes, des fourchettes de co\u00fbts r\u00e9alistes et des crit\u00e8res v\u00e9rifiables. Avant de publier, je recoupe mes sources (textes officiels, organismes, notices), je distingue l'information g\u00e9n\u00e9rale du conseil personnalis\u00e9, et je rappelle syst\u00e9matiquement que mes articles ne remplacent ni un avis m\u00e9dical ni l'\u00e9tude d'un contrat par un professionnel. Mon objectif : aider chacun \u00e0 faire des choix \u00e9clair\u00e9s pour sa sant\u00e9 et sa couverture, en toute ind\u00e9pendance.","sameAs":["https:\/\/clairedesprats.fr\/"],"url":"https:\/\/lasocietenouvelle.net\/blog\/auteur\/noname\/"}]}},"_links":{"self":[{"href":"https:\/\/lasocietenouvelle.net\/blog\/wp-json\/wp\/v2\/posts\/7710","targetHints":{"allow":["GET"]}}],"collection":[{"href":"https:\/\/lasocietenouvelle.net\/blog\/wp-json\/wp\/v2\/posts"}],"about":[{"href":"https:\/\/lasocietenouvelle.net\/blog\/wp-json\/wp\/v2\/types\/post"}],"author":[{"embeddable":true,"href":"https:\/\/lasocietenouvelle.net\/blog\/wp-json\/wp\/v2\/users\/34"}],"replies":[{"embeddable":true,"href":"https:\/\/lasocietenouvelle.net\/blog\/wp-json\/wp\/v2\/comments?post=7710"}],"version-history":[{"count":0,"href":"https:\/\/lasocietenouvelle.net\/blog\/wp-json\/wp\/v2\/posts\/7710\/revisions"}],"wp:featuredmedia":[{"embeddable":true,"href":"https:\/\/lasocietenouvelle.net\/blog\/wp-json\/wp\/v2\/media\/7862"}],"wp:attachment":[{"href":"https:\/\/lasocietenouvelle.net\/blog\/wp-json\/wp\/v2\/media?parent=7710"}],"wp:term":[{"taxonomy":"category","embeddable":true,"href":"https:\/\/lasocietenouvelle.net\/blog\/wp-json\/wp\/v2\/categories?post=7710"},{"taxonomy":"post_tag","embeddable":true,"href":"https:\/\/lasocietenouvelle.net\/blog\/wp-json\/wp\/v2\/tags?post=7710"}],"curies":[{"name":"wp","href":"https:\/\/api.w.org\/{rel}","templated":true}]}}