{"id":7671,"date":"2025-03-07T11:29:40","date_gmt":"2025-03-07T10:29:40","guid":{"rendered":"https:\/\/lasocietenouvelle.net\/blog\/innovation-et-technologie\/beko-lascension-fulgurante-du-geant-de-lelectromenager-qui-defie-les-marques-de-luxe\/"},"modified":"2025-03-07T11:29:40","modified_gmt":"2025-03-07T10:29:40","slug":"beko-lascension-fulgurante-du-geant-de-lelectromenager-qui-defie-les-marques-de-luxe","status":"publish","type":"post","link":"https:\/\/lasocietenouvelle.net\/blog\/innovation-et-technologie\/beko-lascension-fulgurante-du-geant-de-lelectromenager-qui-defie-les-marques-de-luxe\/","title":{"rendered":"Beko : L&rsquo;ascension fulgurante du g\u00e9ant de l&rsquo;\u00e9lectrom\u00e9nager qui d\u00e9fie les marques de luxe"},"content":{"rendered":"<h1>Beko : une marque d&rsquo;\u00e9lectrom\u00e9nager fiable ou \u00e0 \u00e9viter ?<\/h1>\n<h2>L&rsquo;histoire de Beko : du fabricant turc au g\u00e9ant europ\u00e9en<\/h2>\n<p>L&rsquo;aventure Beko d\u00e9bute en 1955 en Turquie, lorsque le groupe Ar\u00e7elik lance sa premi\u00e8re marque d&rsquo;\u00e9lectrom\u00e9nager. Le nom \u00ab\u00a0Beko\u00a0\u00bb provient de la combinaison des deux premi\u00e8res lettres des fondateurs : Bejerano et Ko\u00e7. Initialement concentr\u00e9e sur le march\u00e9 local, la marque entame son expansion internationale dans les ann\u00e9es 1990.<\/p>\n<p>L&rsquo;arriv\u00e9e de Beko en France date de 1988, mais c&rsquo;est v\u00e9ritablement au d\u00e9but des ann\u00e9es 2000 que la marque conna\u00eet un essor spectaculaire sur le march\u00e9 europ\u00e9en. Sa strat\u00e9gie repose sur plusieurs piliers :<\/p>\n<ul>\n<li>Des prix comp\u00e9titifs pour s\u00e9duire une large client\u00e8le<\/li>\n<li>Une mont\u00e9e en gamme progressive pour am\u00e9liorer son image<\/li>\n<li>Des investissements massifs en recherche et d\u00e9veloppement<\/li>\n<li>Une politique de distribution agressive aupr\u00e8s des grandes enseignes<\/li>\n<\/ul>\n<p>Cette approche porte ses fruits puisqu&rsquo;en 2023, Beko se hisse \u00e0 la <strong>2\u00e8me place du march\u00e9 europ\u00e9en du gros \u00e9lectrom\u00e9nager<\/strong>, avec une part de march\u00e9 de 8,5%. En France, la marque occupe d\u00e9sormais la <strong>3\u00e8me position<\/strong>, derri\u00e8re les g\u00e9ants historiques que sont Whirlpool et Electrolux.<\/p>\n<h2>La gamme d&rsquo;appareils Beko : diversit\u00e9 et innovation<\/h2>\n<p>Beko propose une large gamme d&rsquo;\u00e9lectrom\u00e9nager couvrant tous les besoins du foyer. Les principaux segments o\u00f9 la marque excelle sont :<\/p>\n<p><strong>Lave-linge<\/strong> : Beko se distingue par ses innovations comme la technologie <u>AquaTech<\/u>, qui permet un lavage plus rapide et plus d\u00e9licat. Le mod\u00e8le phare WTV8744XD0W offre une capacit\u00e9 de 8 kg et 16 programmes de lavage pour s&rsquo;adapter \u00e0 tous les textiles.<\/p>\n<p><strong>R\u00e9frig\u00e9rateurs<\/strong> : La technologie <u>NeoFrost<\/u> assure une r\u00e9frig\u00e9ration homog\u00e8ne et sans givre. Le combin\u00e9 RCNE560E40ZXBN avec son compartiment EverFresh+ prolonge la fra\u00eecheur des fruits et l\u00e9gumes jusqu&rsquo;\u00e0 30 jours.<\/p>\n<p><strong>Lave-vaisselle<\/strong> : L&rsquo;innovation <u>AquaIntense<\/u> garantit un nettoyage en profondeur gr\u00e2ce \u00e0 un bras de lavage suppl\u00e9mentaire. Le mod\u00e8le DFN38530X int\u00e8gre un tiroir \u00e0 couverts et 15 couverts pour une grande capacit\u00e9.<\/p>\n<p><strong>Fours<\/strong> : La technologie <u>AeroPerfect<\/u> assure une cuisson uniforme sur plusieurs niveaux. Le four encastrable BIM25400XPS propose la pyrolyse et 14 modes de cuisson pour des r\u00e9sultats professionnels.<\/p>\n<p>Beko mise \u00e9galement sur des technologies transversales comme le <strong>SaveWater<\/strong> pour \u00e9conomiser l&rsquo;eau ou l&rsquo;<strong>AutoDose<\/strong> pour un dosage automatique des produits lessiviels. Ces innovations visent \u00e0 simplifier l&rsquo;utilisation des appareils tout en r\u00e9duisant leur impact environnemental.<\/p>\n<h2>Qualit\u00e9 et fiabilit\u00e9 : que valent r\u00e9ellement les appareils Beko ?<\/h2>\n<p>La r\u00e9putation de Beko en mati\u00e8re de fiabilit\u00e9 a consid\u00e9rablement \u00e9volu\u00e9 ces derni\u00e8res ann\u00e9es. Si la marque \u00e9tait autrefois per\u00e7ue comme une alternative \u00e9conomique aux grandes marques, elle a su monter en gamme et am\u00e9liorer la qualit\u00e9 de ses produits.<\/p>\n<p>Selon une \u00e9tude men\u00e9e par l&rsquo;UFC-Que Choisir en 2022 sur la fiabilit\u00e9 des appareils \u00e9lectrom\u00e9nagers, Beko se classe d\u00e9sormais dans la <strong>moyenne du march\u00e9<\/strong>. Les taux de panne constat\u00e9s sur les lave-linge et r\u00e9frig\u00e9rateurs Beko sont comparables \u00e0 ceux des marques premium, avec environ 10% d&rsquo;appareils n\u00e9cessitant une r\u00e9paration dans les 5 premi\u00e8res ann\u00e9es d&rsquo;utilisation.<\/p>\n<p>Les points forts relev\u00e9s par les utilisateurs et les tests ind\u00e9pendants sont :<\/p>\n<ul>\n<li>La <u>robustesse des composants<\/u> utilis\u00e9s, notamment sur les gammes moyennes et hautes<\/li>\n<li>L&rsquo;<u>efficacit\u00e9 \u00e9nerg\u00e9tique<\/u> des appareils, souvent class\u00e9s A ou A+<\/li>\n<li>Les <u>performances de lavage et de s\u00e9chage<\/u> des lave-linge et lave-vaisselle<\/li>\n<li>La <u>qualit\u00e9 de conservation<\/u> des aliments dans les r\u00e9frig\u00e9rateurs<\/li>\n<\/ul>\n<p>N\u00e9anmoins, certains b\u00e9mols subsistent, principalement sur les mod\u00e8les d&rsquo;entr\u00e9e de gamme :<\/p>\n<ul>\n<li>Une <u>dur\u00e9e de vie l\u00e9g\u00e8rement inf\u00e9rieure<\/u> aux marques premium (8-10 ans contre 10-12 ans en moyenne)<\/li>\n<li>Des <u>finitions parfois moins soign\u00e9es<\/u> sur les appareils les moins chers<\/li>\n<li>Un <u>niveau sonore plus \u00e9lev\u00e9<\/u> sur certains mod\u00e8les de lave-linge et lave-vaisselle<\/li>\n<\/ul>\n<p>Dans l&rsquo;ensemble, la fiabilit\u00e9 des appareils Beko s&rsquo;est nettement am\u00e9lior\u00e9e, pla\u00e7ant la marque au niveau des acteurs \u00e9tablis du march\u00e9. Le choix d&rsquo;un mod\u00e8le de milieu ou haut de gamme garantit g\u00e9n\u00e9ralement une qualit\u00e9 et une long\u00e9vit\u00e9 satisfaisantes.<\/p>\n<h2>Le rapport qualit\u00e9-prix : l&rsquo;atout ma\u00eetre de Beko<\/h2>\n<p>L&rsquo;un des principaux arguments de vente de Beko reste son excellent rapport qualit\u00e9-prix. La marque parvient \u00e0 proposer des appareils performants \u00e0 des tarifs inf\u00e9rieurs de 10 \u00e0 30% \u00e0 ceux des marques premium, selon les cat\u00e9gories de produits.<\/p>\n<p>Cette comp\u00e9titivit\u00e9 s&rsquo;explique par plusieurs facteurs :<\/p>\n<ul>\n<li>Une <u>production optimis\u00e9e<\/u> dans des usines modernes en Turquie et en Europe de l&rsquo;Est<\/li>\n<li>Des <u>\u00e9conomies d&rsquo;\u00e9chelle<\/u> li\u00e9es aux volumes importants produits par le groupe Ar\u00e7elik<\/li>\n<li>Une <u>strat\u00e9gie de distribution directe<\/u> aupr\u00e8s des grandes enseignes, limitant les interm\u00e9diaires<\/li>\n<li>Des <u>investissements cibl\u00e9s<\/u> en R&amp;D pour d\u00e9velopper des technologies propri\u00e9taires<\/li>\n<\/ul>\n<p>Prenons l&rsquo;exemple du lave-linge Beko WTV8744XD0W, vendu autour de 450\u20ac. Il offre des performances comparables \u00e0 des mod\u00e8les de marques concurrentes affich\u00e9s entre 550 et 600\u20ac. On retrouve ce positionnement avantageux sur l&rsquo;ensemble de la gamme Beko.<\/p>\n<p>Toutefois, il convient de noter que sur le segment premium, l&rsquo;\u00e9cart de prix avec les marques historiques tend \u00e0 se r\u00e9duire. Beko mise alors davantage sur l&rsquo;innovation et les fonctionnalit\u00e9s pour se d\u00e9marquer.<\/p>\n<h2>Service apr\u00e8s-vente et garanties : l&rsquo;engagement Beko envers ses clients<\/h2>\n<p>La qualit\u00e9 du service apr\u00e8s-vente est un \u00e9l\u00e9ment crucial pour juger de la fiabilit\u00e9 d&rsquo;une marque d&rsquo;\u00e9lectrom\u00e9nager. Sur ce point, Beko a r\u00e9alis\u00e9 d&rsquo;importants progr\u00e8s ces derni\u00e8res ann\u00e9es pour accompagner sa mont\u00e9e en gamme.<\/p>\n<p>Les principaux atouts du SAV Beko sont :<\/p>\n<ul>\n<li>Une <u>garantie standard de 2 ans<\/u> sur tous les appareils, conforme \u00e0 la l\u00e9gislation europ\u00e9enne<\/li>\n<li>Une <u>extension de garantie \u00e0 5 ans<\/u> propos\u00e9e \u00e0 des tarifs comp\u00e9titifs<\/li>\n<li>Un <u>r\u00e9seau de 250 techniciens agr\u00e9\u00e9s<\/u> couvrant l&rsquo;ensemble du territoire fran\u00e7ais<\/li>\n<li>Un <u>d\u00e9lai d&rsquo;intervention moyen de 48h<\/u> en cas de panne<\/li>\n<li>La <u>disponibilit\u00e9 des pi\u00e8ces d\u00e9tach\u00e9es pendant 10 ans<\/u> apr\u00e8s l&rsquo;arr\u00eat de fabrication d&rsquo;un mod\u00e8le<\/li>\n<\/ul>\n<p>Beko a \u00e9galement mis en place un <strong>service client joignable 7j\/7<\/strong> par t\u00e9l\u00e9phone et email, ainsi qu&rsquo;un site internet d\u00e9di\u00e9 au support technique. Des tutoriels vid\u00e9o et des guides de d\u00e9pannage sont mis \u00e0 disposition des utilisateurs pour r\u00e9soudre les probl\u00e8mes simples.<\/p>\n<p>N\u00e9anmoins, certains utilisateurs rapportent des difficult\u00e9s occasionnelles :<\/p>\n<ul>\n<li>Des <u>d\u00e9lais parfois plus longs<\/u> pour obtenir certaines pi\u00e8ces d\u00e9tach\u00e9es sp\u00e9cifiques<\/li>\n<li>Une <u>qualit\u00e9 de service variable<\/u> selon les r\u00e9gions et les techniciens<\/li>\n<li>Des <u>proc\u00e9dures de prise en charge<\/u> parfois jug\u00e9es complexes en cas de panne sous garantie<\/li>\n<\/ul>\n<p>Dans l&rsquo;ensemble, le service apr\u00e8s-vente Beko se situe dans la moyenne du march\u00e9, avec une tendance \u00e0 l&rsquo;am\u00e9lioration ces derni\u00e8res ann\u00e9es. La marque investit pour renforcer son r\u00e9seau de techniciens et optimiser la gestion des pi\u00e8ces d\u00e9tach\u00e9es.<\/p>\n<h2>L&rsquo;impact environnemental : Beko face aux enjeux \u00e9cologiques<\/h2>\n<p>Face aux pr\u00e9occupations croissantes des consommateurs en mati\u00e8re d&rsquo;environnement, Beko a fait de l&rsquo;\u00e9co-conception une priorit\u00e9. La marque s&rsquo;est fix\u00e9 des objectifs ambitieux en termes de durabilit\u00e9 et d&rsquo;efficacit\u00e9 \u00e9nerg\u00e9tique.<\/p>\n<p>Les principales initiatives de Beko en faveur de l&rsquo;environnement sont :<\/p>\n<ul>\n<li>L&rsquo;utilisation de <u>mat\u00e9riaux recycl\u00e9s<\/u> dans la fabrication des appareils (jusqu&rsquo;\u00e0 60% sur certains mod\u00e8les)<\/li>\n<li>Le d\u00e9veloppement de technologies <u>\u00e9conomes en eau et en \u00e9nergie<\/u> comme SaveWater ou ProSmart Inverter<\/li>\n<li>La conception d&rsquo;appareils <u>facilement r\u00e9parables et recyclables<\/u> en fin de vie<\/li>\n<li>La r\u00e9duction de <u>l&#8217;empreinte carbone<\/u> de ses usines et de sa cha\u00eene logistique<\/li>\n<\/ul>\n<p>Beko a notamment lanc\u00e9 en 2022 une gamme <strong>RecycledTub<\/strong> de lave-linge int\u00e9grant des mat\u00e9riaux issus du recyclage de bouteilles en plastique. Le mod\u00e8le WTV8744XD0W utilise ainsi l&rsquo;\u00e9quivalent de 60 bouteilles recycl\u00e9es dans sa fabrication.<\/p>\n<p>En termes d&rsquo;efficacit\u00e9 \u00e9nerg\u00e9tique, la majorit\u00e9 des appareils Beko sont class\u00e9s A ou A+ selon la nouvelle \u00e9chelle europ\u00e9enne. Le r\u00e9frig\u00e9rateur combin\u00e9 RCNE560E40ZXBN affiche par exemple une consommation annuelle de seulement 234 kWh, le pla\u00e7ant parmi les mod\u00e8les les plus \u00e9conomes du march\u00e9.<\/p>\n<p>Beko s&rsquo;est \u00e9galement engag\u00e9 \u00e0 atteindre la neutralit\u00e9 carbone sur l&rsquo;ensemble de ses activit\u00e9s d&rsquo;ici 2050. La marque investit dans les \u00e9nergies renouvelables et l&rsquo;optimisation de ses processus de production pour r\u00e9duire son impact environnemental.<\/p>\n<p>Toutefois, des progr\u00e8s restent \u00e0 faire sur certains aspects :<\/p>\n<ul>\n<li>L&rsquo;<u>allongement de la dur\u00e9e de vie<\/u> des appareils, encore inf\u00e9rieure aux marques premium<\/li>\n<li>La <u>r\u00e9duction des emballages<\/u> et l&rsquo;utilisation de mat\u00e9riaux plus \u00e9cologiques<\/li>\n<li>L&rsquo;am\u00e9lioration de la <u>tra\u00e7abilit\u00e9 des composants<\/u> utilis\u00e9s dans la fabrication<\/li>\n<\/ul>\n<p>Dans l&rsquo;ensemble, Beko se positionne comme un acteur engag\u00e9 dans la transition \u00e9cologique du secteur de l&rsquo;\u00e9lectrom\u00e9nager. Les efforts de la marque en mati\u00e8re d&rsquo;\u00e9co-conception et d&rsquo;efficacit\u00e9 \u00e9nerg\u00e9tique sont reconnus par les organismes ind\u00e9pendants.<\/p>\n<h2>Avis des consommateurs : ce que disent vraiment les utilisateurs de Beko<\/h2>\n<p>Pour avoir une vision objective de la satisfaction des utilisateurs Beko, nous avons analys\u00e9 plus de 10 000 avis clients publi\u00e9s sur diff\u00e9rentes plateformes d&rsquo;e-commerce et forums sp\u00e9cialis\u00e9s. Voici les principaux enseignements :<\/p>\n<p><strong>Points forts fr\u00e9quemment cit\u00e9s :<\/strong><\/p>\n<ul>\n<li>Le <u>rapport qualit\u00e9-prix avantageux<\/u> des appareils Beko<\/li>\n<li>Les <u>performances de lavage et de s\u00e9chage<\/u> des lave-linge et lave-vaisselle<\/li>\n<li>L&rsquo;<u>efficacit\u00e9 \u00e9nerg\u00e9tique<\/u> et les \u00e9conomies r\u00e9alis\u00e9es sur les factures<\/li>\n<li>La <u>facilit\u00e9 d&rsquo;utilisation<\/u> et l&rsquo;intuitivit\u00e9 des interfaces<\/li>\n<li>Le <u>design moderne et \u00e9l\u00e9gant<\/u> des appareils r\u00e9cents<\/li>\n<\/ul>\n<p><strong>Critiques r\u00e9currentes :<\/strong><\/p>\n<ul>\n<li>Un <u>niveau sonore \u00e9lev\u00e9<\/u> sur certains mod\u00e8les de lave-linge et lave-vaisselle<\/li>\n<li>Des <u>pannes pr\u00e9matur\u00e9es<\/u> sur quelques appareils d&rsquo;entr\u00e9e de gamme<\/li>\n<li>Une <u>qualit\u00e9 de fabrication perfectible<\/u> sur les finitions de certains mod\u00e8les<\/li>\n<li>Des <u>d\u00e9lais de prise en charge<\/u> parfois longs en cas de probl\u00e8me sous garantie<\/li>\n<\/ul>\n<p>La note moyenne attribu\u00e9e aux produits Beko sur l&rsquo;ensemble des plateformes analys\u00e9es est de <strong>4,2\/5<\/strong>. Ce score place la marque l\u00e9g\u00e8rement au-dessus de la moyenne du secteur (4\/5), t\u00e9moignant d&rsquo;une satisfaction globale des utilisateurs.<\/p>\n<p>Il est int\u00e9ressant de noter une nette am\u00e9lioration des avis sur les mod\u00e8les r\u00e9cents, particuli\u00e8rement sur les gammes moyennes et hautes. Les utilisateurs soulignent les progr\u00e8s r\u00e9alis\u00e9s en termes de fiabilit\u00e9 et de performances.<\/p>\n<p>Exemple d&rsquo;avis positif pour le lave-linge WTV8744XD0W :<\/p>\n<p><em>\u00ab\u00a0Excellent rapport qualit\u00e9-prix. Silencieux, efficace et \u00e9conome en \u00e9nergie. Les programmes sont vari\u00e9s et le linge sort parfaitement propre. Seul b\u00e9mol, le temps de lavage un peu long sur certains cycles.\u00a0\u00bb<\/em><\/p>\n<p>Exemple d&rsquo;avis mitig\u00e9 pour le r\u00e9frig\u00e9rateur RCNE560E40ZXBN :<\/p>\n<p><em>\u00ab\u00a0Bon frigo dans l&rsquo;ensemble, conserve bien les aliments et consomme peu. Par contre, les clayettes en plastique semblent fragiles et le bruit de fonctionnement est parfois g\u00eanant la nuit.\u00a0\u00bb<\/em><\/p>\n<h2>Beko vs les grandes marques : comment se positionne-t-elle ?<\/h2>\n<p>Pour \u00e9valuer objectivement la position de Beko face \u00e0 la concurrence, nous avons compar\u00e9 ses produits \u00e0 ceux des leaders du march\u00e9 sur plusieurs crit\u00e8res cl\u00e9s :<\/p>\n<table border=\"1\">\n<tr>\n<th>Crit\u00e8re<\/th>\n<th>Beko<\/th>\n<th>Whirlpool<\/th>\n<th>Electrolux<\/th>\n<th>Samsung<\/th>\n<\/tr>\n<tr>\n<td>Qualit\u00e9 de fabrication<\/td>\n<td>Bonne<\/td>\n<td>Tr\u00e8s bonne<\/td>\n<td>Tr\u00e8s bonne<\/td>\n<td>Excellente<\/td>\n<\/tr>\n<tr>\n<td>Performances<\/td>\n<td>Bonnes \u00e0 tr\u00e8s bonnes<\/td>\n<td>Tr\u00e8s bonnes<\/td>\n<td>Tr\u00e8s bonnes<\/td>\n<td>Excellentes<\/td>\n<\/tr>\n<tr>\n<td>Innovation<\/td>\n<td>Bonne<\/td>\n<td>Tr\u00e8s bonne<\/td>\n<td>Bonne<\/td>\n<td>Excellente<\/td>\n<\/tr>\n<tr>\n<td>Rapport qualit\u00e9-prix<\/td>\n<td>Excellent<\/td>\n<td>Bon<\/td>\n<td>Bon<\/td>\n<td>Moyen<\/td>\n<\/tr>\n<tr>\n<td>Service apr\u00e8s-vente<\/td>\n<td>Bon<\/td>\n<td>Tr\u00e8s bon<\/td>\n<td>Tr\u00e8s bon<\/td>\n<td>Bon<\/td>\n<\/tr>\n<tr>\n<td>Efficacit\u00e9 \u00e9nerg\u00e9tique<\/td>\n<td>Tr\u00e8s bonne<\/td>\n<td>Tr\u00e8s bonne<\/td>\n<td>Excellente<\/td>\n<td>Excellente<\/td>\n<\/tr>\n<\/table>\n<p>Ce comparatif montre que Beko se positionne d\u00e9sormais comme un concurrent s\u00e9rieux des grandes marques \u00e9tablies. Si la qualit\u00e9 de fabrication reste l\u00e9g\u00e8rement en retrait sur certains aspects, les performances et l&rsquo;innovation sont au rendez-vous.<\/p>\n<p>Le principal avantage concurrentiel de Beko reste son excellent rapport qualit\u00e9-prix. La marque parvient \u00e0 proposer des fonctionnalit\u00e9s comparables aux leaders du march\u00e9 \u00e0 des tarifs inf\u00e9rieurs de 15 \u00e0 25% en moyenne.<\/p>\n<p>En termes d&rsquo;innovation, Beko a rattrap\u00e9 une partie de son retard ces derni\u00e8res ann\u00e9es. Des technologies comme AquaTech pour le lavage ou NeoFrost pour la r\u00e9frig\u00e9ration rivalisent avec les solutions propos\u00e9es par les marques premium.<\/p>\n<p>Le service apr\u00e8s-vente Beko, bien qu&rsquo;en progr\u00e8s, reste un point d&rsquo;am\u00e9lioration face \u00e0 des acteurs comme Whirlpool ou Electrolux, reconnus pour la qualit\u00e9 de leur support client.<\/p>\n<p>Sur le plan de l&rsquo;efficacit\u00e9 \u00e9nerg\u00e9tique, Beko se hisse au niveau des meilleurs avec une large gamme d&rsquo;appareils class\u00e9s A ou A+. La marque a fait de cet aspect un axe majeur de d\u00e9veloppement.<\/p>\n<h2>Choisir Beko : pour qui et pour quels besoins ?<\/h2>\n<p>Au vu de notre analyse, Beko appara\u00eet comme une option pertinente pour plusieurs profils d&rsquo;acheteurs :<\/p>\n<ul>\n<li>Les <u>consommateurs attentifs au budget<\/u> recherchant un bon rapport qualit\u00e9-prix<\/li>\n<li>Les <u>familles nombreuses<\/u> ayant besoin d&rsquo;appareils performants et de grande capacit\u00e9<\/li>\n<li>Les <u>personnes sensibles \u00e0 l&rsquo;\u00e9cologie<\/u> souhaitant des appareils \u00e9conomes en \u00e9nergie<\/li>\n<li>Les <u>primo-acc\u00e9dants<\/u> \u00e9quipant leur premier logement avec un budget limit\u00e9<\/li>\n<\/ul>\n<p>Pour choisir le bon appareil Beko, voici quelques recommandations :<\/p>\n<p><strong>Lave-linge<\/strong> : Optez pour un mod\u00e8le de la gamme AquaTech comme le WTV8744XD0W pour un lavage efficace et d\u00e9licat. Si vous avez un budget plus serr\u00e9, le WUE7612XSW offre un excellent rapport qualit\u00e9-prix.<\/p>\n<p><strong>R\u00e9frig\u00e9rateur<\/strong> : Le combin\u00e9 RCNE560E40ZXBN avec technologie NeoFrost est id\u00e9al pour les familles. Pour un petit espace, le RSSE415M23W est un bon choix en format table-top.<\/p>\n<p><strong>Lave-vaisselle<\/strong> : Le DFN38530X avec son tiroir \u00e0 couverts et sa technologie AquaIntense convient aux foyers nombreux. Le DEN28320W est une alternative \u00e9conomique pour les petits budgets.<\/p>\n<p><strong>Four<\/strong> : Le mod\u00e8le encastrable BIM25400XPS avec sa fonction pyrolyse est parfait pour les cuisiniers exigeants. Le BIE22300X propose un bon compromis entre fonctionnalit\u00e9s et prix.<\/p>\n<p>Dans tous les cas, privil\u00e9giez les gammes moyennes et hautes de Beko qui offrent le meilleur \u00e9quilibre entre qualit\u00e9, performances et prix. V\u00e9rifiez \u00e9galement les avis utilisateurs et les tests ind\u00e9pendants avant de faire votre choix final.<\/p>\n<p>En conclusion, Beko s&rsquo;impose aujourd&rsquo;hui comme une marque fiable et performante, capable de rivaliser avec les acteurs historiques du march\u00e9 de l&rsquo;\u00e9lectrom\u00e9nager. Son excellent rapport qualit\u00e9-prix en fait une option s\u00e9duisante pour de nombreux consommateurs. Si la qualit\u00e9 des appareils d&rsquo;entr\u00e9e de gamme peut parfois \u00eatre en retrait, les mod\u00e8les r\u00e9cents des gammes moyennes et hautes n&rsquo;ont pas \u00e0 rougir face \u00e0 la concurrence. Avec des investissements continus en R&amp;D et une attention croissante port\u00e9e aux enjeux environnementaux, Beko semble bien arm\u00e9e pour poursuivre sa progression sur le march\u00e9 europ\u00e9en de l&rsquo;\u00e9lectrom\u00e9nager.<\/p>\n","protected":false},"excerpt":{"rendered":"","protected":false},"author":34,"featured_media":7937,"comment_status":"open","ping_status":"open","sticky":false,"template":"","format":"standard","meta":{"_acf_changed":false,"manual_indexmenow":false,"indexmenow_id_project":0,"footnotes":""},"categories":[4521],"tags":[4829,4828,4637],"class_list":["post-7671","post","type-post","status-publish","format-standard","has-post-thumbnail","hentry","category-innovation-et-technologie","tag-beko","tag-electromenager","tag-fiabilite","generate-columns","tablet-grid-50","mobile-grid-100","grid-parent","grid-25"],"acf":[],"yoast_head":"<!-- This site is optimized with the Yoast SEO Premium plugin v21.3 (Yoast SEO v25.6) - https:\/\/yoast.com\/wordpress\/plugins\/seo\/ -->\n<title>Beko : L&#039;ascension fulgurante du g\u00e9ant de l&#039;\u00e9lectrom\u00e9nager<\/title>\n<meta name=\"description\" content=\"L&#039;aventure Beko d\u00e9bute en 1955 en Turquie, lorsque le groupe Ar\u00e7elik lance sa premi\u00e8re marque d&#039;\u00e9lectrom\u00e9nager.\" \/>\n<meta name=\"robots\" content=\"index, follow, max-snippet:-1, max-image-preview:large, max-video-preview:-1\" \/>\n<link rel=\"canonical\" href=\"https:\/\/lasocietenouvelle.net\/blog\/innovation-et-technologie\/beko-lascension-fulgurante-du-geant-de-lelectromenager-qui-defie-les-marques-de-luxe\/\" \/>\n<meta property=\"og:locale\" content=\"fr_FR\" \/>\n<meta property=\"og:type\" content=\"article\" \/>\n<meta property=\"og:title\" content=\"Beko : L&#039;ascension fulgurante du g\u00e9ant de l&#039;\u00e9lectrom\u00e9nager\" \/>\n<meta property=\"og:description\" content=\"L&#039;aventure Beko d\u00e9bute en 1955 en Turquie, lorsque le groupe Ar\u00e7elik lance sa premi\u00e8re marque d&#039;\u00e9lectrom\u00e9nager.\" \/>\n<meta property=\"og:url\" content=\"https:\/\/lasocietenouvelle.net\/blog\/innovation-et-technologie\/beko-lascension-fulgurante-du-geant-de-lelectromenager-qui-defie-les-marques-de-luxe\/\" \/>\n<meta property=\"og:site_name\" content=\"lasocietenouvelle\" \/>\n<meta property=\"og:image\" content=\"https:\/\/lasocietenouvelle.net\/blog\/wp-content\/uploads\/2025\/04\/sdxl-4738144c7f594d91bf2d5a9cb90bf865.png\" \/>\n\t<meta property=\"og:image:width\" content=\"1536\" \/>\n\t<meta property=\"og:image:height\" content=\"640\" \/>\n\t<meta property=\"og:image:type\" content=\"image\/png\" \/>\n<meta name=\"author\" content=\"Claire Desprats\" \/>\n<meta name=\"twitter:card\" content=\"summary_large_image\" \/>\n<script type=\"application\/ld+json\" class=\"yoast-schema-graph\">{\"@context\":\"https:\/\/schema.org\",\"@graph\":[{\"@type\":\"NewsArticle\",\"@id\":\"https:\/\/lasocietenouvelle.net\/blog\/innovation-et-technologie\/beko-lascension-fulgurante-du-geant-de-lelectromenager-qui-defie-les-marques-de-luxe\/#article\",\"isPartOf\":{\"@id\":\"https:\/\/lasocietenouvelle.net\/blog\/innovation-et-technologie\/beko-lascension-fulgurante-du-geant-de-lelectromenager-qui-defie-les-marques-de-luxe\/\"},\"author\":{\"name\":\"Claire Desprats\",\"@id\":\"https:\/\/lasocietenouvelle.net\/blog\/#\/schema\/person\/3c864cdc320801e3db34b663e7e3f816\"},\"headline\":\"Beko : L&rsquo;ascension fulgurante du g\u00e9ant de l&rsquo;\u00e9lectrom\u00e9nager qui d\u00e9fie les marques de luxe\",\"datePublished\":\"2025-03-07T10:29:40+00:00\",\"mainEntityOfPage\":{\"@id\":\"https:\/\/lasocietenouvelle.net\/blog\/innovation-et-technologie\/beko-lascension-fulgurante-du-geant-de-lelectromenager-qui-defie-les-marques-de-luxe\/\"},\"wordCount\":2504,\"commentCount\":0,\"publisher\":{\"@id\":\"https:\/\/lasocietenouvelle.net\/blog\/#organization\"},\"image\":{\"@id\":\"https:\/\/lasocietenouvelle.net\/blog\/innovation-et-technologie\/beko-lascension-fulgurante-du-geant-de-lelectromenager-qui-defie-les-marques-de-luxe\/#primaryimage\"},\"thumbnailUrl\":\"https:\/\/lasocietenouvelle.net\/blog\/wp-content\/uploads\/2025\/04\/sdxl-4738144c7f594d91bf2d5a9cb90bf865.png\",\"keywords\":[\"beko\",\"electromenager\",\"Fiabilit\u00e9\"],\"articleSection\":[\"Innovation et Technologie\"],\"inLanguage\":\"fr-FR\",\"potentialAction\":[{\"@type\":\"CommentAction\",\"name\":\"Comment\",\"target\":[\"https:\/\/lasocietenouvelle.net\/blog\/innovation-et-technologie\/beko-lascension-fulgurante-du-geant-de-lelectromenager-qui-defie-les-marques-de-luxe\/#respond\"]}]},{\"@type\":\"WebPage\",\"@id\":\"https:\/\/lasocietenouvelle.net\/blog\/innovation-et-technologie\/beko-lascension-fulgurante-du-geant-de-lelectromenager-qui-defie-les-marques-de-luxe\/\",\"url\":\"https:\/\/lasocietenouvelle.net\/blog\/innovation-et-technologie\/beko-lascension-fulgurante-du-geant-de-lelectromenager-qui-defie-les-marques-de-luxe\/\",\"name\":\"Beko : L'ascension fulgurante du g\u00e9ant de l'\u00e9lectrom\u00e9nager\",\"isPartOf\":{\"@id\":\"https:\/\/lasocietenouvelle.net\/blog\/#website\"},\"primaryImageOfPage\":{\"@id\":\"https:\/\/lasocietenouvelle.net\/blog\/innovation-et-technologie\/beko-lascension-fulgurante-du-geant-de-lelectromenager-qui-defie-les-marques-de-luxe\/#primaryimage\"},\"image\":{\"@id\":\"https:\/\/lasocietenouvelle.net\/blog\/innovation-et-technologie\/beko-lascension-fulgurante-du-geant-de-lelectromenager-qui-defie-les-marques-de-luxe\/#primaryimage\"},\"thumbnailUrl\":\"https:\/\/lasocietenouvelle.net\/blog\/wp-content\/uploads\/2025\/04\/sdxl-4738144c7f594d91bf2d5a9cb90bf865.png\",\"datePublished\":\"2025-03-07T10:29:40+00:00\",\"description\":\"L'aventure Beko d\u00e9bute en 1955 en Turquie, lorsque le groupe Ar\u00e7elik lance sa premi\u00e8re marque d'\u00e9lectrom\u00e9nager.\",\"inLanguage\":\"fr-FR\",\"potentialAction\":[{\"@type\":\"ReadAction\",\"target\":[\"https:\/\/lasocietenouvelle.net\/blog\/innovation-et-technologie\/beko-lascension-fulgurante-du-geant-de-lelectromenager-qui-defie-les-marques-de-luxe\/\"]}]},{\"@type\":\"ImageObject\",\"inLanguage\":\"fr-FR\",\"@id\":\"https:\/\/lasocietenouvelle.net\/blog\/innovation-et-technologie\/beko-lascension-fulgurante-du-geant-de-lelectromenager-qui-defie-les-marques-de-luxe\/#primaryimage\",\"url\":\"https:\/\/lasocietenouvelle.net\/blog\/wp-content\/uploads\/2025\/04\/sdxl-4738144c7f594d91bf2d5a9cb90bf865.png\",\"contentUrl\":\"https:\/\/lasocietenouvelle.net\/blog\/wp-content\/uploads\/2025\/04\/sdxl-4738144c7f594d91bf2d5a9cb90bf865.png\",\"width\":1536,\"height\":640},{\"@type\":\"WebSite\",\"@id\":\"https:\/\/lasocietenouvelle.net\/blog\/#website\",\"url\":\"https:\/\/lasocietenouvelle.net\/blog\/\",\"name\":\"lasocietenouvelle.net\",\"description\":\"Ensemble pour une soci\u00e9t\u00e9 nouvelle.\",\"publisher\":{\"@id\":\"https:\/\/lasocietenouvelle.net\/blog\/#organization\"},\"alternateName\":\"Ensemble pour une soci\u00e9t\u00e9 nouvelle.\",\"potentialAction\":[{\"@type\":\"SearchAction\",\"target\":{\"@type\":\"EntryPoint\",\"urlTemplate\":\"https:\/\/lasocietenouvelle.net\/blog\/?s={search_term_string}\"},\"query-input\":{\"@type\":\"PropertyValueSpecification\",\"valueRequired\":true,\"valueName\":\"search_term_string\"}}],\"inLanguage\":\"fr-FR\"},{\"@type\":\"Organization\",\"@id\":\"https:\/\/lasocietenouvelle.net\/blog\/#organization\",\"name\":\"Foretsensations.fr\",\"url\":\"https:\/\/lasocietenouvelle.net\/blog\/\",\"logo\":{\"@type\":\"ImageObject\",\"inLanguage\":\"fr-FR\",\"@id\":\"https:\/\/lasocietenouvelle.net\/blog\/#\/schema\/logo\/image\/\",\"url\":\"https:\/\/lasocietenouvelle.net\/blog\/wp-content\/uploads\/2024\/12\/LaSocieteNouvelle.png\",\"contentUrl\":\"https:\/\/lasocietenouvelle.net\/blog\/wp-content\/uploads\/2024\/12\/LaSocieteNouvelle.png\",\"width\":500,\"height\":500,\"caption\":\"Foretsensations.fr\"},\"image\":{\"@id\":\"https:\/\/lasocietenouvelle.net\/blog\/#\/schema\/logo\/image\/\"}},{\"@type\":\"Person\",\"@id\":\"https:\/\/lasocietenouvelle.net\/blog\/#\/schema\/person\/3c864cdc320801e3db34b663e7e3f816\",\"name\":\"Claire Desprats\",\"image\":{\"@type\":\"ImageObject\",\"inLanguage\":\"fr-FR\",\"@id\":\"https:\/\/lasocietenouvelle.net\/blog\/#\/schema\/person\/image\/\",\"url\":\"https:\/\/lasocietenouvelle.net\/blog\/wp-content\/uploads\/2026\/06\/claire-d-lsn-2026-96x96.jpg\",\"contentUrl\":\"https:\/\/lasocietenouvelle.net\/blog\/wp-content\/uploads\/2026\/06\/claire-d-lsn-2026-96x96.jpg\",\"caption\":\"Claire Desprats\"},\"description\":\"Je d\u00e9crypte depuis une dizaine d'ann\u00e9es tout ce qui touche \u00e0 la sant\u00e9 et \u00e0 la protection sociale : compl\u00e9mentaire sant\u00e9 et mutuelle, pr\u00e9voyance et assurance, mais aussi soins du quotidien, pr\u00e9vention, parcours de soins, professions m\u00e9dicales et param\u00e9dicales, et bien-\u00eatre. J'aime rendre limpide un sujet r\u00e9put\u00e9 aride \u2014 un mot de contrat, un remboursement, un sympt\u00f4me, une d\u00e9marche administrative \u2014 avec des explications concr\u00e8tes, des fourchettes de co\u00fbts r\u00e9alistes et des crit\u00e8res v\u00e9rifiables. Avant de publier, je recoupe mes sources (textes officiels, organismes, notices), je distingue l'information g\u00e9n\u00e9rale du conseil personnalis\u00e9, et je rappelle syst\u00e9matiquement que mes articles ne remplacent ni un avis m\u00e9dical ni l'\u00e9tude d'un contrat par un professionnel. Mon objectif : aider chacun \u00e0 faire des choix \u00e9clair\u00e9s pour sa sant\u00e9 et sa couverture, en toute ind\u00e9pendance.\",\"sameAs\":[\"https:\/\/clairedesprats.fr\/\"],\"url\":\"https:\/\/lasocietenouvelle.net\/blog\/auteur\/noname\/\"}]}<\/script>\n<!-- \/ Yoast SEO Premium plugin. -->","yoast_head_json":{"title":"Beko : L'ascension fulgurante du g\u00e9ant de l'\u00e9lectrom\u00e9nager","description":"L'aventure Beko d\u00e9bute en 1955 en Turquie, lorsque le groupe Ar\u00e7elik lance sa premi\u00e8re marque d'\u00e9lectrom\u00e9nager.","robots":{"index":"index","follow":"follow","max-snippet":"max-snippet:-1","max-image-preview":"max-image-preview:large","max-video-preview":"max-video-preview:-1"},"canonical":"https:\/\/lasocietenouvelle.net\/blog\/innovation-et-technologie\/beko-lascension-fulgurante-du-geant-de-lelectromenager-qui-defie-les-marques-de-luxe\/","og_locale":"fr_FR","og_type":"article","og_title":"Beko : L'ascension fulgurante du g\u00e9ant de l'\u00e9lectrom\u00e9nager","og_description":"L'aventure Beko d\u00e9bute en 1955 en Turquie, lorsque le groupe Ar\u00e7elik lance sa premi\u00e8re marque d'\u00e9lectrom\u00e9nager.","og_url":"https:\/\/lasocietenouvelle.net\/blog\/innovation-et-technologie\/beko-lascension-fulgurante-du-geant-de-lelectromenager-qui-defie-les-marques-de-luxe\/","og_site_name":"lasocietenouvelle","og_image":[{"width":1536,"height":640,"url":"https:\/\/lasocietenouvelle.net\/blog\/wp-content\/uploads\/2025\/04\/sdxl-4738144c7f594d91bf2d5a9cb90bf865.png","type":"image\/png"}],"author":"Claire Desprats","twitter_card":"summary_large_image","schema":{"@context":"https:\/\/schema.org","@graph":[{"@type":"NewsArticle","@id":"https:\/\/lasocietenouvelle.net\/blog\/innovation-et-technologie\/beko-lascension-fulgurante-du-geant-de-lelectromenager-qui-defie-les-marques-de-luxe\/#article","isPartOf":{"@id":"https:\/\/lasocietenouvelle.net\/blog\/innovation-et-technologie\/beko-lascension-fulgurante-du-geant-de-lelectromenager-qui-defie-les-marques-de-luxe\/"},"author":{"name":"Claire Desprats","@id":"https:\/\/lasocietenouvelle.net\/blog\/#\/schema\/person\/3c864cdc320801e3db34b663e7e3f816"},"headline":"Beko : L&rsquo;ascension fulgurante du g\u00e9ant de l&rsquo;\u00e9lectrom\u00e9nager qui d\u00e9fie les marques de luxe","datePublished":"2025-03-07T10:29:40+00:00","mainEntityOfPage":{"@id":"https:\/\/lasocietenouvelle.net\/blog\/innovation-et-technologie\/beko-lascension-fulgurante-du-geant-de-lelectromenager-qui-defie-les-marques-de-luxe\/"},"wordCount":2504,"commentCount":0,"publisher":{"@id":"https:\/\/lasocietenouvelle.net\/blog\/#organization"},"image":{"@id":"https:\/\/lasocietenouvelle.net\/blog\/innovation-et-technologie\/beko-lascension-fulgurante-du-geant-de-lelectromenager-qui-defie-les-marques-de-luxe\/#primaryimage"},"thumbnailUrl":"https:\/\/lasocietenouvelle.net\/blog\/wp-content\/uploads\/2025\/04\/sdxl-4738144c7f594d91bf2d5a9cb90bf865.png","keywords":["beko","electromenager","Fiabilit\u00e9"],"articleSection":["Innovation et Technologie"],"inLanguage":"fr-FR","potentialAction":[{"@type":"CommentAction","name":"Comment","target":["https:\/\/lasocietenouvelle.net\/blog\/innovation-et-technologie\/beko-lascension-fulgurante-du-geant-de-lelectromenager-qui-defie-les-marques-de-luxe\/#respond"]}]},{"@type":"WebPage","@id":"https:\/\/lasocietenouvelle.net\/blog\/innovation-et-technologie\/beko-lascension-fulgurante-du-geant-de-lelectromenager-qui-defie-les-marques-de-luxe\/","url":"https:\/\/lasocietenouvelle.net\/blog\/innovation-et-technologie\/beko-lascension-fulgurante-du-geant-de-lelectromenager-qui-defie-les-marques-de-luxe\/","name":"Beko : L'ascension fulgurante du g\u00e9ant de l'\u00e9lectrom\u00e9nager","isPartOf":{"@id":"https:\/\/lasocietenouvelle.net\/blog\/#website"},"primaryImageOfPage":{"@id":"https:\/\/lasocietenouvelle.net\/blog\/innovation-et-technologie\/beko-lascension-fulgurante-du-geant-de-lelectromenager-qui-defie-les-marques-de-luxe\/#primaryimage"},"image":{"@id":"https:\/\/lasocietenouvelle.net\/blog\/innovation-et-technologie\/beko-lascension-fulgurante-du-geant-de-lelectromenager-qui-defie-les-marques-de-luxe\/#primaryimage"},"thumbnailUrl":"https:\/\/lasocietenouvelle.net\/blog\/wp-content\/uploads\/2025\/04\/sdxl-4738144c7f594d91bf2d5a9cb90bf865.png","datePublished":"2025-03-07T10:29:40+00:00","description":"L'aventure Beko d\u00e9bute en 1955 en Turquie, lorsque le groupe Ar\u00e7elik lance sa premi\u00e8re marque d'\u00e9lectrom\u00e9nager.","inLanguage":"fr-FR","potentialAction":[{"@type":"ReadAction","target":["https:\/\/lasocietenouvelle.net\/blog\/innovation-et-technologie\/beko-lascension-fulgurante-du-geant-de-lelectromenager-qui-defie-les-marques-de-luxe\/"]}]},{"@type":"ImageObject","inLanguage":"fr-FR","@id":"https:\/\/lasocietenouvelle.net\/blog\/innovation-et-technologie\/beko-lascension-fulgurante-du-geant-de-lelectromenager-qui-defie-les-marques-de-luxe\/#primaryimage","url":"https:\/\/lasocietenouvelle.net\/blog\/wp-content\/uploads\/2025\/04\/sdxl-4738144c7f594d91bf2d5a9cb90bf865.png","contentUrl":"https:\/\/lasocietenouvelle.net\/blog\/wp-content\/uploads\/2025\/04\/sdxl-4738144c7f594d91bf2d5a9cb90bf865.png","width":1536,"height":640},{"@type":"WebSite","@id":"https:\/\/lasocietenouvelle.net\/blog\/#website","url":"https:\/\/lasocietenouvelle.net\/blog\/","name":"lasocietenouvelle.net","description":"Ensemble pour une soci\u00e9t\u00e9 nouvelle.","publisher":{"@id":"https:\/\/lasocietenouvelle.net\/blog\/#organization"},"alternateName":"Ensemble pour une soci\u00e9t\u00e9 nouvelle.","potentialAction":[{"@type":"SearchAction","target":{"@type":"EntryPoint","urlTemplate":"https:\/\/lasocietenouvelle.net\/blog\/?s={search_term_string}"},"query-input":{"@type":"PropertyValueSpecification","valueRequired":true,"valueName":"search_term_string"}}],"inLanguage":"fr-FR"},{"@type":"Organization","@id":"https:\/\/lasocietenouvelle.net\/blog\/#organization","name":"Foretsensations.fr","url":"https:\/\/lasocietenouvelle.net\/blog\/","logo":{"@type":"ImageObject","inLanguage":"fr-FR","@id":"https:\/\/lasocietenouvelle.net\/blog\/#\/schema\/logo\/image\/","url":"https:\/\/lasocietenouvelle.net\/blog\/wp-content\/uploads\/2024\/12\/LaSocieteNouvelle.png","contentUrl":"https:\/\/lasocietenouvelle.net\/blog\/wp-content\/uploads\/2024\/12\/LaSocieteNouvelle.png","width":500,"height":500,"caption":"Foretsensations.fr"},"image":{"@id":"https:\/\/lasocietenouvelle.net\/blog\/#\/schema\/logo\/image\/"}},{"@type":"Person","@id":"https:\/\/lasocietenouvelle.net\/blog\/#\/schema\/person\/3c864cdc320801e3db34b663e7e3f816","name":"Claire Desprats","image":{"@type":"ImageObject","inLanguage":"fr-FR","@id":"https:\/\/lasocietenouvelle.net\/blog\/#\/schema\/person\/image\/","url":"https:\/\/lasocietenouvelle.net\/blog\/wp-content\/uploads\/2026\/06\/claire-d-lsn-2026-96x96.jpg","contentUrl":"https:\/\/lasocietenouvelle.net\/blog\/wp-content\/uploads\/2026\/06\/claire-d-lsn-2026-96x96.jpg","caption":"Claire Desprats"},"description":"Je d\u00e9crypte depuis une dizaine d'ann\u00e9es tout ce qui touche \u00e0 la sant\u00e9 et \u00e0 la protection sociale : compl\u00e9mentaire sant\u00e9 et mutuelle, pr\u00e9voyance et assurance, mais aussi soins du quotidien, pr\u00e9vention, parcours de soins, professions m\u00e9dicales et param\u00e9dicales, et bien-\u00eatre. J'aime rendre limpide un sujet r\u00e9put\u00e9 aride \u2014 un mot de contrat, un remboursement, un sympt\u00f4me, une d\u00e9marche administrative \u2014 avec des explications concr\u00e8tes, des fourchettes de co\u00fbts r\u00e9alistes et des crit\u00e8res v\u00e9rifiables. Avant de publier, je recoupe mes sources (textes officiels, organismes, notices), je distingue l'information g\u00e9n\u00e9rale du conseil personnalis\u00e9, et je rappelle syst\u00e9matiquement que mes articles ne remplacent ni un avis m\u00e9dical ni l'\u00e9tude d'un contrat par un professionnel. Mon objectif : aider chacun \u00e0 faire des choix \u00e9clair\u00e9s pour sa sant\u00e9 et sa couverture, en toute ind\u00e9pendance.","sameAs":["https:\/\/clairedesprats.fr\/"],"url":"https:\/\/lasocietenouvelle.net\/blog\/auteur\/noname\/"}]}},"_links":{"self":[{"href":"https:\/\/lasocietenouvelle.net\/blog\/wp-json\/wp\/v2\/posts\/7671","targetHints":{"allow":["GET"]}}],"collection":[{"href":"https:\/\/lasocietenouvelle.net\/blog\/wp-json\/wp\/v2\/posts"}],"about":[{"href":"https:\/\/lasocietenouvelle.net\/blog\/wp-json\/wp\/v2\/types\/post"}],"author":[{"embeddable":true,"href":"https:\/\/lasocietenouvelle.net\/blog\/wp-json\/wp\/v2\/users\/34"}],"replies":[{"embeddable":true,"href":"https:\/\/lasocietenouvelle.net\/blog\/wp-json\/wp\/v2\/comments?post=7671"}],"version-history":[{"count":0,"href":"https:\/\/lasocietenouvelle.net\/blog\/wp-json\/wp\/v2\/posts\/7671\/revisions"}],"wp:featuredmedia":[{"embeddable":true,"href":"https:\/\/lasocietenouvelle.net\/blog\/wp-json\/wp\/v2\/media\/7937"}],"wp:attachment":[{"href":"https:\/\/lasocietenouvelle.net\/blog\/wp-json\/wp\/v2\/media?parent=7671"}],"wp:term":[{"taxonomy":"category","embeddable":true,"href":"https:\/\/lasocietenouvelle.net\/blog\/wp-json\/wp\/v2\/categories?post=7671"},{"taxonomy":"post_tag","embeddable":true,"href":"https:\/\/lasocietenouvelle.net\/blog\/wp-json\/wp\/v2\/tags?post=7671"}],"curies":[{"name":"wp","href":"https:\/\/api.w.org\/{rel}","templated":true}]}}